{"id":18114,"date":"2022-04-03T00:55:14","date_gmt":"2022-04-03T00:55:14","guid":{"rendered":"http:\/\/nuevacordoba.net\/index.php\/2022\/04\/03\/aleix-espargaro-se-quedo-con-la-pole-en-el-moto-gp-en-termas-de-rio-hondo\/"},"modified":"2022-04-03T00:55:14","modified_gmt":"2022-04-03T00:55:14","slug":"aleix-espargaro-se-quedo-con-la-pole-en-el-moto-gp-en-termas-de-rio-hondo","status":"publish","type":"post","link":"http:\/\/nuevacordoba.net\/index.php\/2022\/04\/03\/aleix-espargaro-se-quedo-con-la-pole-en-el-moto-gp-en-termas-de-rio-hondo\/","title":{"rendered":"Aleix Espargar\u00f3 se qued\u00f3 con la pole en el Moto GP en Termas de R\u00edo Hondo"},"content":{"rendered":"<p><strong>Enviado especial<\/strong><\/p>\n<figure class=\"mb-3\"><img loading=\"lazy\" src=\"http:\/\/nuevacordoba.net\/wp-content\/uploads\/2022\/04\/aleix-espargaro-se-quedo-con-la-pole-en-el-moto-gp-en-termas-de-rio-hondo.jpg\" width=\"100%\" height=\"100%\" alt=\"Foto AFP\"><figcaption> Foto: AFP <\/figcaption><\/figure>\n<p>El espa\u00f1ol Aleix Espargar\u00f3, con Aprilia, marc\u00f3 la pole para el Gran Premio de Argentina de Moto GP, tercera fecha del campeonato de la especialidad, que se disputar\u00e1 este domingo en el aut\u00f3dromo santiague\u00f1o de Termas de R\u00edo Hondo.<\/p>\n<p><strong>Espargar\u00f3 le dio a Aprilia su primer pole del a\u00f1o<\/strong> con un tiempo de 1m37s688 para recorrer los 4.806 metros de cuerda del trazado santiague\u00f1o, y fueron sus escoltas su connacional Jorge Mart\u00edn y el italiano Luca Marini, ambos con Ducati.<\/p>\n<p>Detr\u00e1s clasificaron los espa\u00f1oles Pol Espargar\u00f3 (Honda), Maverick Vi\u00f1ales (Aprilia), el franc\u00e9s Fabio Quartararo (Yamaha), los espa\u00f1oles Alex Rins y Joan Mir, los dos con Suzuki, el franc\u00e9s Johann Zarco (Ducati), y el japon\u00e9s Takaaki Nakagami (Honda).<\/p>\n<p>En Moto 2, el espa\u00f1ol Ferm\u00edn Aldeguer (Boscoscuro) se qued\u00f3 con la pole y fueron sus escoltas su compatriota Augusto Fern\u00e1ndez (Kalex) y el italiano Tony Arbolino (Kalex); el argentino Gabriel Rodrigo (Kalex) no pudo pasar a Q2 en la clasificaci\u00f3n, ya que ocup\u00f3 el vig\u00e9simo puesto.<\/p>\n<p>Completaron los mejores diez el espa\u00f1ol Albert Arenas (Kalex), el brit\u00e1nico Jake Dixon (Kalex), el italiano Celestino Vietti (Kalex), el tailand\u00e9s Somkiat Chantra (Kalex), el japon\u00e9s Ai Ogura (Kalex), el neerland\u00e9s Bo Bendsneyder (Kalex) y el espa\u00f1ol Manuel Gonz\u00e1lez (Kalex).<\/p>\n<figure class=\"mb-3\"><img loading=\"lazy\" src=\"http:\/\/nuevacordoba.net\/wp-content\/uploads\/2022\/04\/aleix-espargaro-se-quedo-con-la-pole-en-el-moto-gp-en-termas-de-rio-hondo-1.jpg\" width=\"100%\" height=\"100%\" alt=\"Foto AFP\"><figcaption> Foto: AFP <\/figcaption><\/figure>\n<p>En Moto 3, el espa\u00f1ol Sergio Garc\u00eda (GasGas) obtuvo su segunda pole tras la conseguida el a\u00f1o pasado en Portugal al ser el m\u00e1s veloz hoy; escolta fue el japon\u00e9s Ayumi Sasaki (Husqvarna) y el compa\u00f1ero de equipo del poleman, el espa\u00f1ol Izan Guevara (GasGas), fue tercero.<\/p>\n<p>El l\u00edder del torneo, el italiano Dennis Foggia, apenas alcanz\u00f3 el und\u00e9cimo lugar tras dominar los entrenamientos.<\/p>\n<p>Este domingo a las 12 se iniciar\u00e1 la carrera de Moto 3, a 21 vueltas; a las 13.20 comenzar\u00e1 la prueba de Moto 2, a 23 rondas; y a las 15 se largar\u00e1 el Moto GP, a 25 giros.<\/p>\n<figure class=\"mb-3\"><img loading=\"lazy\" src=\"http:\/\/nuevacordoba.net\/wp-content\/uploads\/2022\/04\/aleix-espargaro-se-quedo-con-la-pole-en-el-moto-gp-en-termas-de-rio-hondo-2.jpg\" width=\"100%\" height=\"100%\" alt=\"Foto AFP\"><figcaption> Foto: AFP <\/figcaption><\/figure>\n<p>Este s\u00e1bado con las tres divisionales del mundial de motociclismo en pista, Moto 2, Moto 3 y Moto GP, la empresa organizadora, Dorna Sports, respir\u00f3 aliviada despu\u00e9s del aplazamiento de las habituales pr\u00e1cticas de los viernes, ya que hubo problemas con la log\u00edstica encargada de transportar las m\u00e1quinas desde Indonesia a Termas.<\/p>\n<p>As\u00ed, el avi\u00f3n proveniente de Bombasa, \u00c1frica, arrib\u00f3 anoche a Tucum\u00e1n a las 21.35, y diez camiones se encargaron del transporte a Termas de R\u00edo Hondo. Entre la 1.30 y las 3.30 de hoy llegaron al aut\u00f3dromo, y los equipos de Moto GP trabajaron toda la noche para alistar los boxes y las motos. <\/p>\n","protected":false},"excerpt":{"rendered":"<p>Enviado especial Foto: AFP El espa\u00f1ol Aleix Espargar\u00f3, con Aprilia, marc\u00f3 la pole para el Gran Premio de Argentina de Moto GP, tercera fecha del campeonato de la especialidad, que se disputar\u00e1 este domingo en el aut\u00f3dromo santiague\u00f1o de Termas de R\u00edo Hondo. Espargar\u00f3 le dio a Aprilia su primer pole del a\u00f1o con un [&hellip;]<\/p>\n","protected":false},"author":1,"featured_media":18115,"comment_status":"closed","ping_status":"closed","sticky":false,"template":"","format":"standard","meta":[],"categories":[10],"tags":[],"_links":{"self":[{"href":"http:\/\/nuevacordoba.net\/index.php\/wp-json\/wp\/v2\/posts\/18114"}],"collection":[{"href":"http:\/\/nuevacordoba.net\/index.php\/wp-json\/wp\/v2\/posts"}],"about":[{"href":"http:\/\/nuevacordoba.net\/index.php\/wp-json\/wp\/v2\/types\/post"}],"author":[{"embeddable":true,"href":"http:\/\/nuevacordoba.net\/index.php\/wp-json\/wp\/v2\/users\/1"}],"replies":[{"embeddable":true,"href":"http:\/\/nuevacordoba.net\/index.php\/wp-json\/wp\/v2\/comments?post=18114"}],"version-history":[{"count":0,"href":"http:\/\/nuevacordoba.net\/index.php\/wp-json\/wp\/v2\/posts\/18114\/revisions"}],"wp:featuredmedia":[{"embeddable":true,"href":"http:\/\/nuevacordoba.net\/index.php\/wp-json\/wp\/v2\/media\/18115"}],"wp:attachment":[{"href":"http:\/\/nuevacordoba.net\/index.php\/wp-json\/wp\/v2\/media?parent=18114"}],"wp:term":[{"taxonomy":"category","embeddable":true,"href":"http:\/\/nuevacordoba.net\/index.php\/wp-json\/wp\/v2\/categories?post=18114"},{"taxonomy":"post_tag","embeddable":true,"href":"http:\/\/nuevacordoba.net\/index.php\/wp-json\/wp\/v2\/tags?post=18114"}],"curies":[{"name":"wp","href":"https:\/\/api.w.org\/{rel}","templated":true}]}}