{"id":18154,"date":"2022-04-03T21:04:54","date_gmt":"2022-04-03T21:04:54","guid":{"rendered":"http:\/\/cordobanewsnet.wordpress.com\/?p=6740"},"modified":"2022-04-03T21:04:54","modified_gmt":"2022-04-03T21:04:54","slug":"barbijo-en-cordoba-no-sera-obligatorio-usarlo-al-aire-libre","status":"publish","type":"post","link":"http:\/\/nuevacordoba.net\/index.php\/2022\/04\/03\/barbijo-en-cordoba-no-sera-obligatorio-usarlo-al-aire-libre\/","title":{"rendered":"Barbijo en C\u00f3rdoba: No ser\u00e1 obligatorio usarlo al aire libre"},"content":{"rendered":"<div><img src=\"http:\/\/nuevacordoba.net\/wp-content\/uploads\/2022\/04\/barbijo-en-cordoba-no-sera-obligatorio-usarlo-al-aire-libre.jpg\" class=\"ff-og-image-inserted\"><\/div>\n<p>El Gobierno de C\u00f3rdoba, a trav\u00e9s del decreto 343 publicado en el Bolet\u00edn Oficial de la jornada de este s\u00e1bado, estableci\u00f3 que el uso del tapaboca ser\u00e1 opcional al aire libre, mientras que en espacios cerrados ser\u00e1 obligatorio.&nbsp;<\/p>\n<p><strong>El resto de las medidas sanitarias contin\u00faan vigentes en todo el territorio provincial hasta el 30 de abril de 2022 inclusive<\/strong>.<\/p>\n<p>Nueva etapa de la pandemia<\/p>\n<p>Adem\u00e1s, la Provincia&nbsp;<strong>elimina las restricciones existentes a los aforos<\/strong>, establecidas oportunamente para preservar la salud p\u00fablica en raz\u00f3n de la pandemia del coronavirus Covid-19, para todas las actividades desarrolladas en el territorio provincial; debiendo cumplimentarse, no obstante, los dem\u00e1s protocolos y recomendaciones vigentes.<\/p>\n<p>Al mismo tiempo,&nbsp;<strong>se ratifica la obligatoriedad del uso de barbijo o tapabocas en ambientes cerrados, especialmente en el \u00e1mbito laboral, educativo, espect\u00e1culos art\u00edsticos, comercios y transporte p\u00fablico. Cabe destacar que en ambientes abiertos al aire libre, su uso ser\u00e1 opcional.<\/strong><\/p>\n<div id=\"jp-post-flair\" class=\"sharedaddy sd-like-enabled sd-sharing-enabled\">\n<div class=\"sharedaddy sd-sharing-enabled\">\n<div class=\"robots-nocontent sd-block sd-social sd-social-icon-text sd-sharing\">\n<h3 class=\"sd-title\">Share this:<\/h3>\n<\/div>\n<\/div>\n<div class=\"sharedaddy sd-block sd-like jetpack-likes-widget-wrapper jetpack-likes-widget-unloaded\" id=\"like-post-wrapper-143108178-6740-624a7846aacf2\" data-src=\"\/\/widgets.wp.com\/likes\/index.html?ver=20220105#blog_id=143108178&amp;post_id=6740&amp;origin=cordobanewsnet.wordpress.com&amp;obj_id=143108178-6740-624a7846aacf2\" data-name=\"like-post-frame-143108178-6740-624a7846aacf2\" data-title=\"Me gusta o Compartir\">\n<h3 class=\"sd-title\">Me gusta esto:<\/h3>\n<p><span class=\"button\"><span>Me gusta<\/span><\/span> <span class=\"loading\">Cargando&#8230;<\/span><\/p>\n<p><span class=\"sd-text-color\"><\/span><\/div>\n<p><h3 class=\"jp-relatedposts-headline\"><em>Relacionado<\/em><\/h3>\n<\/p>\n<\/div>\n","protected":false},"excerpt":{"rendered":"<p>El Gobierno de C\u00f3rdoba, a trav\u00e9s del decreto 343 publicado en el Bolet\u00edn Oficial de la jornada de este s\u00e1bado, estableci\u00f3 que el uso del tapaboca ser\u00e1 opcional al aire libre, mientras que en espacios cerrados ser\u00e1 obligatorio.&nbsp; El resto de las medidas sanitarias contin\u00faan vigentes en todo el territorio provincial hasta el 30 de [&hellip;]<\/p>\n","protected":false},"author":1,"featured_media":18155,"comment_status":"closed","ping_status":"closed","sticky":false,"template":"","format":"standard","meta":[],"categories":[14],"tags":[],"_links":{"self":[{"href":"http:\/\/nuevacordoba.net\/index.php\/wp-json\/wp\/v2\/posts\/18154"}],"collection":[{"href":"http:\/\/nuevacordoba.net\/index.php\/wp-json\/wp\/v2\/posts"}],"about":[{"href":"http:\/\/nuevacordoba.net\/index.php\/wp-json\/wp\/v2\/types\/post"}],"author":[{"embeddable":true,"href":"http:\/\/nuevacordoba.net\/index.php\/wp-json\/wp\/v2\/users\/1"}],"replies":[{"embeddable":true,"href":"http:\/\/nuevacordoba.net\/index.php\/wp-json\/wp\/v2\/comments?post=18154"}],"version-history":[{"count":0,"href":"http:\/\/nuevacordoba.net\/index.php\/wp-json\/wp\/v2\/posts\/18154\/revisions"}],"wp:featuredmedia":[{"embeddable":true,"href":"http:\/\/nuevacordoba.net\/index.php\/wp-json\/wp\/v2\/media\/18155"}],"wp:attachment":[{"href":"http:\/\/nuevacordoba.net\/index.php\/wp-json\/wp\/v2\/media?parent=18154"}],"wp:term":[{"taxonomy":"category","embeddable":true,"href":"http:\/\/nuevacordoba.net\/index.php\/wp-json\/wp\/v2\/categories?post=18154"},{"taxonomy":"post_tag","embeddable":true,"href":"http:\/\/nuevacordoba.net\/index.php\/wp-json\/wp\/v2\/tags?post=18154"}],"curies":[{"name":"wp","href":"https:\/\/api.w.org\/{rel}","templated":true}]}}