{"id":1821,"date":"2021-03-08T16:28:26","date_gmt":"2021-03-08T16:28:26","guid":{"rendered":"http:\/\/cordobanewsnet.wordpress.com\/?p=5073"},"modified":"2021-03-08T16:28:26","modified_gmt":"2021-03-08T16:28:26","slug":"mas-de-4-millones-de-turistas-visitaron-cordoba-en-este-verano","status":"publish","type":"post","link":"http:\/\/nuevacordoba.net\/index.php\/2021\/03\/08\/mas-de-4-millones-de-turistas-visitaron-cordoba-en-este-verano\/","title":{"rendered":"Mas de 4 millones de turistas visitaron C\u00f3rdoba en este verano"},"content":{"rendered":"<p>La Argentina eligi\u00f3 a C\u00f3rdoba como el destino tur\u00edstico m\u00e1s importante del pa\u00eds, con 4,1 millones de personas que disfrutaron de la provincia en enero y febrero.<\/p>\n<p>\u201cNos llena de orgullo y resalto el trabajo de las c\u00e1maras, de los intendentes, de las universidades cordobesas y de varios organismos que trabajaron en la capacitaci\u00f3n de protocolos, fue un caminito que se consolid\u00f3 gracias al esfuerzo de todos\u201d, dijo a&nbsp;la prensa el Presidente de la Agencia C\u00f3rdoba Turismo, Esteban Avil\u00e9s.<\/p>\n<figure class=\"wp-block-image size-large\"><img data-attachment-id=\"5002\" data-permalink=\"https:\/\/cordobanewsnet.wordpress.com\/2021\/02\/16\/cordoba-paso-el-finde-largo-con-ocupacion-plena\/7438f7a3-4350-4979-a686-9bd44e655a22\/\" data-orig-file=\"http:\/\/nuevacordoba.net\/wp-content\/uploads\/2021\/03\/mas-de-4-millones-de-turistas-visitaron-cordoba-en-este-verano-1.jpg\" data-orig-size=\"720,540\" data-comments-opened=\"1\" data-image-meta=\"{&quot;aperture&quot;:&quot;0&quot;,&quot;credit&quot;:&quot;&quot;,&quot;camera&quot;:&quot;&quot;,&quot;caption&quot;:&quot;&quot;,&quot;created_timestamp&quot;:&quot;0&quot;,&quot;copyright&quot;:&quot;&quot;,&quot;focal_length&quot;:&quot;0&quot;,&quot;iso&quot;:&quot;0&quot;,&quot;shutter_speed&quot;:&quot;0&quot;,&quot;title&quot;:&quot;&quot;,&quot;orientation&quot;:&quot;1&quot;}\" data-image-title=\"7438F7A3-4350-4979-A686-9BD44E655A22\" data-image-description data-medium-file=\"http:\/\/nuevacordoba.net\/wp-content\/uploads\/2021\/03\/mas-de-4-millones-de-turistas-visitaron-cordoba-en-este-verano-1.jpg?w=300\" data-large-file=\"http:\/\/nuevacordoba.net\/wp-content\/uploads\/2021\/03\/mas-de-4-millones-de-turistas-visitaron-cordoba-en-este-verano.jpg\" src=\"http:\/\/nuevacordoba.net\/wp-content\/uploads\/2021\/03\/mas-de-4-millones-de-turistas-visitaron-cordoba-en-este-verano.jpg\" alt class=\"wp-image-5002\" srcset=\"http:\/\/nuevacordoba.net\/wp-content\/uploads\/2021\/03\/mas-de-4-millones-de-turistas-visitaron-cordoba-en-este-verano-1.jpg 720w, http:\/\/nuevacordoba.net\/wp-content\/uploads\/2021\/03\/mas-de-4-millones-de-turistas-visitaron-cordoba-en-este-verano-1.jpg?w=150 150w, http:\/\/nuevacordoba.net\/wp-content\/uploads\/2021\/03\/mas-de-4-millones-de-turistas-visitaron-cordoba-en-este-verano-1.jpg?w=300 300w\" sizes=\"(max-width: 720px) 100vw, 720px\"><\/figure>\n<p>Y asegur\u00f3 que el m\u00e9rito los inspira a \u201cseguir trabajando para&nbsp;Semana Santa, que viene con una fuerte agenda cordobesa\u201d.<\/p>\n<p>\u201cRecuperamos nuestro ADN y nuestra idiosincrasia tur\u00edstica: somos conocidos por ser buenos anfitriones\u201d, resalt\u00f3.<\/p>\n<p>La estrategia para el \u00e9xito del turismo cordob\u00e9s consisti\u00f3 en un esfuerzo conjunto con el sector privado para adecuar las tarifas y profundizar inversiones relacionadas a los servicios. \u201cEstamos&nbsp; reivindicando destinos tur\u00edsticos\u201d, afirm\u00f3.<\/p>\n<p>\u201cEl turismo alternativo se consolid\u00f3 en cada rinc\u00f3n de la provincia, con la gastronom\u00eda y las bodegas. C\u00f3rdoba tiene los paisajes, los colores y tiene en mente un amplio marco de disfrute en diferentes situaciones\u201d, puntualiz\u00f3.<\/p>\n<p>Otro de los datos interesantes que dej\u00f3 la temporada es que, si bien las proyecciones del n\u00famero de reservas se mantuvieron altas, la ocupaci\u00f3n tur\u00edstica mejor\u00f3 hasta un 20% en relaci\u00f3n a la previa, con un promedio de 4,5 noches de pernocte.&nbsp;<\/p>\n<p>\u201cFue algo caracter\u00edstico de esta temporada de pandemias\u201d, resalt\u00f3 Avil\u00e9s.<\/p>\n<p><strong>C\u00f3rdoba: un destino m\u00e1s conectado y con nuevas propuestas<\/strong><\/p>\n<p>\u201cEl desaf\u00edo es recuperar lo antes posible lo que trabajamos durante 20 a\u00f1os, que es ser el punto a\u00e9reo mas importante del pa\u00eds. En este sentido, C\u00f3rdoba ya recuper\u00f3 tres destinos clave, que son Iguaz\u00fa, Neuqu\u00e9n y Jujuy\u201d, cont\u00f3 Avil\u00e9s a&nbsp;<strong>Cadena 3<\/strong>,<\/p>\n<p>\u201cPero ahora el desaf\u00edo es mayor, porque podemos planificar el turismo de convenciones, somos la primer provincia del pa\u00eds en llevarlo adelante\u201d, dijo y agreg\u00f3 que la provincia busca desarrollar m\u00e1s este tipo de turismo empresarial.<\/p>\n<p>\u201cTodos los destinos superaron el 50% de ocupaci\u00f3n en esta temporada, por lo que podemos decir que el argentino redescubri\u00f3 C\u00f3rdoba en la pandemia\u201d, concluy\u00f3.<\/p>\n<div id=\"jp-post-flair\" class=\"sharedaddy sd-like-enabled sd-sharing-enabled\">\n<div class=\"sharedaddy sd-sharing-enabled\">\n<div class=\"robots-nocontent sd-block sd-social sd-social-icon-text sd-sharing\">\n<h3 class=\"sd-title\">Share this:<\/h3>\n<\/div>\n<\/div>\n<div class=\"sharedaddy sd-block sd-like jetpack-likes-widget-wrapper jetpack-likes-widget-unloaded\" id=\"like-post-wrapper-143108178-5073-6046c16c6d7f5\" data-src=\"\/\/widgets.wp.com\/likes\/index.html?ver=20200826#blog_id=143108178&amp;post_id=5073&amp;origin=cordobanewsnet.wordpress.com&amp;obj_id=143108178-5073-6046c16c6d7f5\" data-name=\"like-post-frame-143108178-5073-6046c16c6d7f5\">\n<h3 class=\"sd-title\">Me gusta esto:<\/h3>\n<p><span class=\"button\"><span>Me gusta<\/span><\/span> <span class=\"loading\">Cargando&#8230;<\/span><\/p>\n<p><span class=\"sd-text-color\"><\/span><\/div>\n<p><h3 class=\"jp-relatedposts-headline\"><em>Relacionado<\/em><\/h3>\n<\/p>\n<\/div>\n","protected":false},"excerpt":{"rendered":"<p>La Argentina eligi\u00f3 a C\u00f3rdoba como el destino tur\u00edstico m\u00e1s importante del pa\u00eds, con 4,1 millones de personas que disfrutaron de la provincia en enero y febrero. \u201cNos llena de orgullo y resalto el trabajo de las c\u00e1maras, de los intendentes, de las universidades cordobesas y de varios organismos que trabajaron en la capacitaci\u00f3n de [&hellip;]<\/p>\n","protected":false},"author":1,"featured_media":1822,"comment_status":"closed","ping_status":"closed","sticky":false,"template":"","format":"standard","meta":[],"categories":[14],"tags":[],"_links":{"self":[{"href":"http:\/\/nuevacordoba.net\/index.php\/wp-json\/wp\/v2\/posts\/1821"}],"collection":[{"href":"http:\/\/nuevacordoba.net\/index.php\/wp-json\/wp\/v2\/posts"}],"about":[{"href":"http:\/\/nuevacordoba.net\/index.php\/wp-json\/wp\/v2\/types\/post"}],"author":[{"embeddable":true,"href":"http:\/\/nuevacordoba.net\/index.php\/wp-json\/wp\/v2\/users\/1"}],"replies":[{"embeddable":true,"href":"http:\/\/nuevacordoba.net\/index.php\/wp-json\/wp\/v2\/comments?post=1821"}],"version-history":[{"count":0,"href":"http:\/\/nuevacordoba.net\/index.php\/wp-json\/wp\/v2\/posts\/1821\/revisions"}],"wp:featuredmedia":[{"embeddable":true,"href":"http:\/\/nuevacordoba.net\/index.php\/wp-json\/wp\/v2\/media\/1822"}],"wp:attachment":[{"href":"http:\/\/nuevacordoba.net\/index.php\/wp-json\/wp\/v2\/media?parent=1821"}],"wp:term":[{"taxonomy":"category","embeddable":true,"href":"http:\/\/nuevacordoba.net\/index.php\/wp-json\/wp\/v2\/categories?post=1821"},{"taxonomy":"post_tag","embeddable":true,"href":"http:\/\/nuevacordoba.net\/index.php\/wp-json\/wp\/v2\/tags?post=1821"}],"curies":[{"name":"wp","href":"https:\/\/api.w.org\/{rel}","templated":true}]}}