{"id":1825,"date":"2021-03-09T00:29:44","date_gmt":"2021-03-09T00:29:44","guid":{"rendered":"http:\/\/nuevacordoba.net\/index.php\/2021\/03\/09\/menotti-renovo-su-contrato-como-director-general-de-selecciones-nacionales\/"},"modified":"2021-03-09T00:29:44","modified_gmt":"2021-03-09T00:29:44","slug":"menotti-renovo-su-contrato-como-director-general-de-selecciones-nacionales","status":"publish","type":"post","link":"http:\/\/nuevacordoba.net\/index.php\/2021\/03\/09\/menotti-renovo-su-contrato-como-director-general-de-selecciones-nacionales\/","title":{"rendered":"Menotti renov\u00f3 su contrato como Director General de Selecciones Nacionales"},"content":{"rendered":"<div class=\"image\" id=\"image\"> <img src=\"http:\/\/nuevacordoba.net\/wp-content\/uploads\/2021\/03\/menotti-renovo-su-contrato-como-director-general-de-selecciones-nacionales.jpg\" alt title><\/div>\n<p>C\u00e9sar Luis Menotti, entrenador campe\u00f3n del Mundo con Argentina en 1978, renov\u00f3 este lunes su contrato con la AFA y seguir\u00e1 siendo el Director General de Selecciones Nacionales.<\/p>\n<p>El \u00abFlaco\u00bb firm\u00f3 su nuevo contrato con la Asociaci\u00f3n del F\u00fatbol Argentino (AFA) junto al presidente de la entidad, Claudio Tapia, seg\u00fan inform\u00f3 la cuenta oficial del seleccionado argentino en Twitter.<\/p>\n<p>Menotti, de 82 a\u00f1os, asumi\u00f3 el cargo el 15 de enero de 2019 para encabezar el proyecto de Selecciones que present\u00f3 \u00abChiqui\u00bb Tapia en los inicios de su gesti\u00f3n.<\/p>\n<p>En julio de ese a\u00f1o, Tapia y Menotti decidieron en conjunto confirmar a Lionel Scaloni como entrenador del seleccionado argentino para las eliminatorias sudamericanas para el Mundial de Qatar 2022.<\/p>\n<p>En el \u00faltimo tiempo, el proyecto sum\u00f3 otros integrantes a la estructura como Bernardo Romeo, quien asumi\u00f3 como Coordinador de Juveniles en enero de 2020, y la reciente incorporaci\u00f3n de Javier Mascherano en el nuevo Departamento de Metodolog\u00eda y Desarrollo de la AFA.<\/p>\n","protected":false},"excerpt":{"rendered":"<p>C\u00e9sar Luis Menotti, entrenador campe\u00f3n del Mundo con Argentina en 1978, renov\u00f3 este lunes su contrato con la AFA y seguir\u00e1 siendo el Director General de Selecciones Nacionales. El \u00abFlaco\u00bb firm\u00f3 su nuevo contrato con la Asociaci\u00f3n del F\u00fatbol Argentino (AFA) junto al presidente de la entidad, Claudio Tapia, seg\u00fan inform\u00f3 la cuenta oficial del [&hellip;]<\/p>\n","protected":false},"author":1,"featured_media":1826,"comment_status":"closed","ping_status":"closed","sticky":false,"template":"","format":"standard","meta":[],"categories":[10],"tags":[],"_links":{"self":[{"href":"http:\/\/nuevacordoba.net\/index.php\/wp-json\/wp\/v2\/posts\/1825"}],"collection":[{"href":"http:\/\/nuevacordoba.net\/index.php\/wp-json\/wp\/v2\/posts"}],"about":[{"href":"http:\/\/nuevacordoba.net\/index.php\/wp-json\/wp\/v2\/types\/post"}],"author":[{"embeddable":true,"href":"http:\/\/nuevacordoba.net\/index.php\/wp-json\/wp\/v2\/users\/1"}],"replies":[{"embeddable":true,"href":"http:\/\/nuevacordoba.net\/index.php\/wp-json\/wp\/v2\/comments?post=1825"}],"version-history":[{"count":0,"href":"http:\/\/nuevacordoba.net\/index.php\/wp-json\/wp\/v2\/posts\/1825\/revisions"}],"wp:featuredmedia":[{"embeddable":true,"href":"http:\/\/nuevacordoba.net\/index.php\/wp-json\/wp\/v2\/media\/1826"}],"wp:attachment":[{"href":"http:\/\/nuevacordoba.net\/index.php\/wp-json\/wp\/v2\/media?parent=1825"}],"wp:term":[{"taxonomy":"category","embeddable":true,"href":"http:\/\/nuevacordoba.net\/index.php\/wp-json\/wp\/v2\/categories?post=1825"},{"taxonomy":"post_tag","embeddable":true,"href":"http:\/\/nuevacordoba.net\/index.php\/wp-json\/wp\/v2\/tags?post=1825"}],"curies":[{"name":"wp","href":"https:\/\/api.w.org\/{rel}","templated":true}]}}