{"id":1844,"date":"2021-03-09T00:30:47","date_gmt":"2021-03-09T00:30:47","guid":{"rendered":"http:\/\/nuevacordoba.net\/index.php\/2021\/03\/09\/alberto-fernandez-a-los-formosenos-les-pido-recuperar-la-paz-social\/"},"modified":"2021-03-09T00:30:47","modified_gmt":"2021-03-09T00:30:47","slug":"alberto-fernandez-a-los-formosenos-les-pido-recuperar-la-paz-social","status":"publish","type":"post","link":"http:\/\/nuevacordoba.net\/index.php\/2021\/03\/09\/alberto-fernandez-a-los-formosenos-les-pido-recuperar-la-paz-social\/","title":{"rendered":"Alberto Fern\u00e1ndez a los formose\u00f1os: Les pido recuperar la paz social"},"content":{"rendered":"<div><img src=\"http:\/\/nuevacordoba.net\/wp-content\/uploads\/2021\/03\/alberto-fernandez-a-los-formosenos-les-pido-recuperar-la-paz-social.jpg\" class=\"ff-og-image-inserted\"><\/div>\n<p class=\"MsoNormal\">El presidente de la Naci\u00f3n, Alberto Fern\u00e1ndez, les pidi\u00f3 a los formose\u00f1os \u00abrecuperar la paz social\u00bb. En una entrevista con el canal C5N, el mandatario nacional volvi\u00f3 a defender las medidas sanitarias tomadas por el gobernador de esa provincia, Gildo Insfr\u00e1n.<\/p>\n<p class=\"MsoNormal\">\u00abNo avalo la violencia institucional, lo habl\u00e9 con el gobernador, \u00e9l lo entendi\u00f3 y comparti\u00f3 mi mirada sobre el tema\u00bb, dijo respecto de los serios incidentes que se produjeron el viernes pasado en las calles de Formosa.<\/p>\n<p class=\"MsoNormal\">\u00abSe est\u00e1 descuidando la situaci\u00f3n de Formosa, est\u00e1 pegado a Paraguay, que est\u00e1 viviendo un rebrote muy importante de casos de coronavirus. La provincia tiene una frontera seca, donde el r\u00edo est\u00e1 muy bajo, la gente pasa, el contrabandista sigue haciendo lo que hace y con la mercader\u00eda trae el virus\u00bb, dijo Fern\u00e1ndez.<\/p>\n<p class=\"MsoNormal\">\u00abEl gobernador tiene pocas herramientas para combatir eso porque tampoco la cantidad de vacunas no es suficiente, entonces tiene que volver a Fase 1 para evitar que se le disparen los casos en su provincia\u00bb, remarc\u00f3 el Presidente.<\/p>\n<div class=\"block-ad-node\">\n<div>\n<p> <span>Publicidad<\/span> <\/p>\n<\/div>\n<\/div>\n<p class=\"MsoNormal\">&nbsp;<\/p>\n<p class=\"MsoNormal\">\u00abSi en todo caso hay un cuestionamiento porque hay sectores comerciales o productivos muy perjudicados, lo que hay que discutir es el auxilio a esos sectores\u00bb, agreg\u00f3.<\/p>\n<p class=\"MsoNormal\">Luego acus\u00f3 a la oposici\u00f3n de utilizar pol\u00edticamente a Formosa. \u00abLo que est\u00e1n haciendo algunos dirigentes habla simplemente de su condici\u00f3n humana, son eso. Hay cosas con las que no se puede hacer pol\u00edtica y esta es una de ellas\u00bb, remarc\u00f3.<\/p>\n<div class=\"ctaNewsNotaContainer\" readability=\"6.5\">\n<div class=\"newsletterTextContainer\" readability=\"33\">\n<p> S\u00cdNTESIS POL\u00cdTICA<\/p>\n<p> Informaci\u00f3n exclusiva y el mejor an\u00e1lisis, los lunes en tu correo.<\/p>\n<form method=\"post\" action-xhr=\"https:\/\/www.lavoz.com.ar\/newsletters\/sintesis-politica\/signup\" id=\"newsletter-signup\" class=\"newsletterForm\" target=\"_blank\" custom-validation-reporting=\"as-you-go\" on=\"submit:AMP.setState({formLoading:true});submit-success:AMP.setState({formSuccess:true})\">\n<div submit-success class=\"is-paddingless-l\" readability=\"6\"> <template type=\"amp-mustache\" readability=\"2\"><\/p>\n<p> <strong>\u00a1Gracias por suscribirte!<\/strong><\/p>\n<p> <\/template><\/div>\n<div submit-error class=\"is-paddingless-l\" readability=\"6.5\"> <template type=\"amp-mustache\" readability=\"3\"><\/p>\n<p> <strong>Ha ocurrido un error, por favor intente nuevamente m\u00e1s tarde.<\/strong><\/p>\n<p> <\/template><\/div>\n<\/form>\n<\/div>\n<\/div>\n<div>\n<p> <span>Publicidad<\/span> <\/p>\n<\/div>\n","protected":false},"excerpt":{"rendered":"<p>El presidente de la Naci\u00f3n, Alberto Fern\u00e1ndez, les pidi\u00f3 a los formose\u00f1os \u00abrecuperar la paz social\u00bb. En una entrevista con el canal C5N, el mandatario nacional volvi\u00f3 a defender las medidas sanitarias tomadas por el gobernador de esa provincia, Gildo Insfr\u00e1n. \u00abNo avalo la violencia institucional, lo habl\u00e9 con el gobernador, \u00e9l lo entendi\u00f3 y [&hellip;]<\/p>\n","protected":false},"author":1,"featured_media":1845,"comment_status":"closed","ping_status":"closed","sticky":false,"template":"","format":"standard","meta":[],"categories":[12],"tags":[],"_links":{"self":[{"href":"http:\/\/nuevacordoba.net\/index.php\/wp-json\/wp\/v2\/posts\/1844"}],"collection":[{"href":"http:\/\/nuevacordoba.net\/index.php\/wp-json\/wp\/v2\/posts"}],"about":[{"href":"http:\/\/nuevacordoba.net\/index.php\/wp-json\/wp\/v2\/types\/post"}],"author":[{"embeddable":true,"href":"http:\/\/nuevacordoba.net\/index.php\/wp-json\/wp\/v2\/users\/1"}],"replies":[{"embeddable":true,"href":"http:\/\/nuevacordoba.net\/index.php\/wp-json\/wp\/v2\/comments?post=1844"}],"version-history":[{"count":0,"href":"http:\/\/nuevacordoba.net\/index.php\/wp-json\/wp\/v2\/posts\/1844\/revisions"}],"wp:featuredmedia":[{"embeddable":true,"href":"http:\/\/nuevacordoba.net\/index.php\/wp-json\/wp\/v2\/media\/1845"}],"wp:attachment":[{"href":"http:\/\/nuevacordoba.net\/index.php\/wp-json\/wp\/v2\/media?parent=1844"}],"wp:term":[{"taxonomy":"category","embeddable":true,"href":"http:\/\/nuevacordoba.net\/index.php\/wp-json\/wp\/v2\/categories?post=1844"},{"taxonomy":"post_tag","embeddable":true,"href":"http:\/\/nuevacordoba.net\/index.php\/wp-json\/wp\/v2\/tags?post=1844"}],"curies":[{"name":"wp","href":"https:\/\/api.w.org\/{rel}","templated":true}]}}