{"id":1852,"date":"2021-03-09T13:57:59","date_gmt":"2021-03-09T13:57:59","guid":{"rendered":"http:\/\/cordobanewsnet.wordpress.com\/?p=5066"},"modified":"2021-03-09T13:57:59","modified_gmt":"2021-03-09T13:57:59","slug":"el-8m-se-hizo-sentir-en-cordoba","status":"publish","type":"post","link":"http:\/\/nuevacordoba.net\/index.php\/2021\/03\/09\/el-8m-se-hizo-sentir-en-cordoba\/","title":{"rendered":"El 8m se hizo sentir en C\u00f3rdoba"},"content":{"rendered":"<p><!-- \/featured-media --> <\/p>\n<div class=\"post-content clear\" readability=\"54.325980392157\">\n<p>Cada 8 de marzo se celebra el&nbsp;<strong>D\u00eda Internacional de la Mujer<\/strong>&nbsp;y desde hace cuatro a\u00f1os, mujeres, lesbianas, travestis y trans de m\u00e1s de 60 pa\u00edses del mundo impulsan un Paro Internacional de Trabajo y se movilizan por las calles para seguir&nbsp;<strong>luchando por sus derechos y reivindicaciones<\/strong>.&nbsp;<\/p>\n<p>El Paro Internacional de Mujeres representa una manera de alzar la voz para denunciar c\u00f3mo el patriarcado releg\u00f3 a la mujer en la toma de decisiones. Buscan visibilizar la&nbsp;<strong>desigualdad econ\u00f3mica, precarizaci\u00f3n laboral, el fin de la violencia de g\u00e9nero y decir basta a los femicidios, travesticidios y transfemicidios<\/strong>.<\/p>\n<p>En la ciudad de C\u00f3rdoba hubo dos marchas: una columna se concentr\u00f3 frente a la Fuente del Perd\u00f3n. La convocatoria fue realizada por la Asamblea de Ni Una Menos C\u00f3rdoba: \u201cSe\u00f1alamos la responsabilidad pol\u00edtica del Estado y de los gobiernos nacional, provincial y municipal y exigimos presupuesto ya para combatir la violencia\u201d.&nbsp;<\/p>\n<p>Por su parte, Alerta Feminista convoc\u00f3 a expresarse en la explanada de Tribunales I para exigir una reforma judicial femenina y la aplicaci\u00f3n urgente de una Justicia con perspectiva de g\u00e9nero.<\/p>\n<p>.<\/p>\n<figure class=\"wp-block-image size-large\"><img data-attachment-id=\"5078\" data-permalink=\"https:\/\/cordobanewsnet.wordpress.com\/2021\/03\/09\/el-8m-se-hizo-sentir-en-cordoba\/386fa012-db36-458f-b45c-d547f421c50f\/\" data-orig-file=\"http:\/\/nuevacordoba.net\/wp-content\/uploads\/2021\/03\/el-8m-se-hizo-sentir-en-cordoba-1.jpg\" data-orig-size=\"791,445\" data-comments-opened=\"1\" data-image-meta=\"{&quot;aperture&quot;:&quot;0&quot;,&quot;credit&quot;:&quot;&quot;,&quot;camera&quot;:&quot;&quot;,&quot;caption&quot;:&quot;&quot;,&quot;created_timestamp&quot;:&quot;0&quot;,&quot;copyright&quot;:&quot;&quot;,&quot;focal_length&quot;:&quot;0&quot;,&quot;iso&quot;:&quot;0&quot;,&quot;shutter_speed&quot;:&quot;0&quot;,&quot;title&quot;:&quot;&quot;,&quot;orientation&quot;:&quot;1&quot;}\" data-image-title=\"386FA012-DB36-458F-B45C-D547F421C50F\" data-image-description data-medium-file=\"http:\/\/nuevacordoba.net\/wp-content\/uploads\/2021\/03\/el-8m-se-hizo-sentir-en-cordoba-1.jpg?w=300\" data-large-file=\"http:\/\/nuevacordoba.net\/wp-content\/uploads\/2021\/03\/el-8m-se-hizo-sentir-en-cordoba-1.jpg?w=736\" src=\"http:\/\/nuevacordoba.net\/wp-content\/uploads\/2021\/03\/el-8m-se-hizo-sentir-en-cordoba.jpg\" alt class=\"wp-image-5078\" srcset=\"http:\/\/nuevacordoba.net\/wp-content\/uploads\/2021\/03\/el-8m-se-hizo-sentir-en-cordoba-1.jpg 791w, http:\/\/nuevacordoba.net\/wp-content\/uploads\/2021\/03\/el-8m-se-hizo-sentir-en-cordoba-1.jpg?w=150 150w, http:\/\/nuevacordoba.net\/wp-content\/uploads\/2021\/03\/el-8m-se-hizo-sentir-en-cordoba-1.jpg?w=300 300w, http:\/\/nuevacordoba.net\/wp-content\/uploads\/2021\/03\/el-8m-se-hizo-sentir-en-cordoba-1.jpg?w=768 768w\" sizes=\"(max-width: 791px) 100vw, 791px\"><\/figure>\n<div id=\"jp-post-flair\" class=\"sharedaddy sd-like-enabled sd-sharing-enabled\">\n<div class=\"sharedaddy sd-sharing-enabled\">\n<div class=\"robots-nocontent sd-block sd-social sd-social-icon-text sd-sharing\">\n<h3 class=\"sd-title\">Share this:<\/h3>\n<\/div>\n<\/div>\n<div class=\"sharedaddy sd-block sd-like jetpack-likes-widget-wrapper jetpack-likes-widget-unloaded\" id=\"like-post-wrapper-143108178-5066-6047c4408d1ed\" data-src=\"\/\/widgets.wp.com\/likes\/index.html?ver=20200826#blog_id=143108178&amp;post_id=5066&amp;origin=cordobanewsnet.wordpress.com&amp;obj_id=143108178-5066-6047c4408d1ed\" data-name=\"like-post-frame-143108178-5066-6047c4408d1ed\">\n<h3 class=\"sd-title\">Me gusta esto:<\/h3>\n<p><span class=\"button\"><span>Me gusta<\/span><\/span> <span class=\"loading\">Cargando&#8230;<\/span><\/p>\n<p><span class=\"sd-text-color\"><\/span><\/div>\n<p><h3 class=\"jp-relatedposts-headline\"><em>Relacionado<\/em><\/h3>\n<\/p>\n<\/div><\/div>\n<p><!--\/.post-content--> <\/p>\n<footer class=\"post-meta-container clear\" readability=\"0.36516853932584\">\n<div class=\"entry-author author-avatar-show\" readability=\"13.114754098361\">\n<div class=\"author-avatar\"> <img loading=\"lazy\" alt src=\"http:\/\/nuevacordoba.net\/wp-content\/uploads\/2021\/03\/el-8m-se-hizo-sentir-en-cordoba.png\" class=\"avatar avatar-90\" height=\"90\" width=\"90\"> <\/div>\n<p><!-- .author-avatar --> <\/p>\n<p><h2 class=\"author-title\">Publicado por <span class=\"author-name\">Redacci\u00f3n<\/span><\/h2>\n<\/p>\n<p><!-- .author-heading --> <\/p>\n<p class=\"author-bio\"> <a class=\"author-link\" href=\"https:\/\/cordobanewsnet.wordpress.com\/author\/prettomatias\/\" rel=\"author\"> Ver todas las entradas de Redacci\u00f3n <\/a> <\/p>\n<p><!-- .author-bio --> <\/div>\n<p><!-- .entry-auhtor --> <\/footer>\n<p> <!-- \/post-meta-container --> <!-- #respond --> <\/p>\n","protected":false},"excerpt":{"rendered":"<p>Cada 8 de marzo se celebra el&nbsp;D\u00eda Internacional de la Mujer&nbsp;y desde hace cuatro a\u00f1os, mujeres, lesbianas, travestis y trans de m\u00e1s de 60 pa\u00edses del mundo impulsan un Paro Internacional de Trabajo y se movilizan por las calles para seguir&nbsp;luchando por sus derechos y reivindicaciones.&nbsp; El Paro Internacional de Mujeres representa una manera de [&hellip;]<\/p>\n","protected":false},"author":1,"featured_media":1853,"comment_status":"closed","ping_status":"closed","sticky":false,"template":"","format":"standard","meta":[],"categories":[14],"tags":[],"_links":{"self":[{"href":"http:\/\/nuevacordoba.net\/index.php\/wp-json\/wp\/v2\/posts\/1852"}],"collection":[{"href":"http:\/\/nuevacordoba.net\/index.php\/wp-json\/wp\/v2\/posts"}],"about":[{"href":"http:\/\/nuevacordoba.net\/index.php\/wp-json\/wp\/v2\/types\/post"}],"author":[{"embeddable":true,"href":"http:\/\/nuevacordoba.net\/index.php\/wp-json\/wp\/v2\/users\/1"}],"replies":[{"embeddable":true,"href":"http:\/\/nuevacordoba.net\/index.php\/wp-json\/wp\/v2\/comments?post=1852"}],"version-history":[{"count":0,"href":"http:\/\/nuevacordoba.net\/index.php\/wp-json\/wp\/v2\/posts\/1852\/revisions"}],"wp:featuredmedia":[{"embeddable":true,"href":"http:\/\/nuevacordoba.net\/index.php\/wp-json\/wp\/v2\/media\/1853"}],"wp:attachment":[{"href":"http:\/\/nuevacordoba.net\/index.php\/wp-json\/wp\/v2\/media?parent=1852"}],"wp:term":[{"taxonomy":"category","embeddable":true,"href":"http:\/\/nuevacordoba.net\/index.php\/wp-json\/wp\/v2\/categories?post=1852"},{"taxonomy":"post_tag","embeddable":true,"href":"http:\/\/nuevacordoba.net\/index.php\/wp-json\/wp\/v2\/tags?post=1852"}],"curies":[{"name":"wp","href":"https:\/\/api.w.org\/{rel}","templated":true}]}}