{"id":1858,"date":"2021-03-10T04:12:51","date_gmt":"2021-03-10T04:12:51","guid":{"rendered":"http:\/\/www.bbc.com\/mundo\/noticias-56222741"},"modified":"2021-03-10T04:12:51","modified_gmt":"2021-03-10T04:12:51","slug":"coronavirus-por-que-algunas-personas-contraen-covid-19-entre-la-primera-y-segunda-dosis-de-la-vacuna","status":"publish","type":"post","link":"http:\/\/nuevacordoba.net\/index.php\/2021\/03\/10\/coronavirus-por-que-algunas-personas-contraen-covid-19-entre-la-primera-y-segunda-dosis-de-la-vacuna\/","title":{"rendered":"Coronavirus: por qu\u00e9 algunas personas contraen covid-19 entre la primera y segunda dosis de la vacuna"},"content":{"rendered":"<div dir=\"ltr\" class=\"e1j2237y6 bbc-1amf61q-GridComponent e57qer20\">\n<div class=\"bbc-um5zo-Container e1c9i7u14\">\n<ul role=\"list\" class=\"bbc-182pkjt-Person e1c9i7u12\">\n<li role=\"listitem\" class=\"bbc-dvly96-Name e1c9i7u11\">Andr\u00e9 Biernath<\/li>\n<li role=\"listitem\" class=\"bbc-1942rtw-Title e1c9i7u10\">BBC News Brasil <\/li>\n<\/ul>\n<\/div>\n<\/div>\n<p><time datetime=\"2021-03-09\" class=\"bbc-eihuha-StyledTimestamp e4zesg50\">9 marzo 2021<\/time><\/p>\n<div dir=\"ltr\" class=\"bbc-1ufkmt5-GridComponent e57qer20\">\n<figure class=\"bbc-m91nxa-Figure e6bmn90\">\n<div dir=\"ltr\" class=\"bbc-1gx5b6l-GridComponent e57qer20\">\n<div dir=\"ltr\" class=\"bbc-bqg5er-GridComponent e57qer20\" readability=\"6.5\">\n<div class=\"bbc-8q39gi-ImagePlaceholder e1whu0\" readability=\"8\"><img srcset=\"http:\/\/nuevacordoba.net\/wp-content\/uploads\/2021\/03\/coronavirus-por-que-algunas-personas-contraen-covid-19-entre-la-primera-y-segunda-dosis-de-la-vacuna-6.jpg 240w, http:\/\/nuevacordoba.net\/wp-content\/uploads\/2021\/03\/coronavirus-por-que-algunas-personas-contraen-covid-19-entre-la-primera-y-segunda-dosis-de-la-vacuna-7.jpg 320w, http:\/\/nuevacordoba.net\/wp-content\/uploads\/2021\/03\/coronavirus-por-que-algunas-personas-contraen-covid-19-entre-la-primera-y-segunda-dosis-de-la-vacuna-8.jpg 480w, http:\/\/nuevacordoba.net\/wp-content\/uploads\/2021\/03\/coronavirus-por-que-algunas-personas-contraen-covid-19-entre-la-primera-y-segunda-dosis-de-la-vacuna-9.jpg 624w, http:\/\/nuevacordoba.net\/wp-content\/uploads\/2021\/03\/coronavirus-por-que-algunas-personas-contraen-covid-19-entre-la-primera-y-segunda-dosis-de-la-vacuna-10.jpg 800w\" alt=\"Ilustraci\u00f3n de una jeringuilla con ilustraciones del virus al fondo.\" src=\"http:\/\/nuevacordoba.net\/wp-content\/uploads\/2021\/03\/coronavirus-por-que-algunas-personas-contraen-covid-19-entre-la-primera-y-segunda-dosis-de-la-vacuna.jpg\" width=\"976\" class=\"bbc-1suxhxy-StyledImg e1enwo3v0\"><\/p>\n<p role=\"text\" class=\"bbc-iif8qe-Copyright etq3yw90\"><span class=\"bbc-ow3j0s-VisuallyHiddenText e1yt7oin0\">Fuente de la imagen, <\/span><span lang=\"en-GB\">Getty Images<\/span><\/p>\n<\/div>\n<\/div>\n<div dir=\"ltr\" class=\"bbc-1cx6mr7-GridComponent e57qer20\" readability=\"6\"><figcaption dir=\"ltr\" class=\"bbc-1mhipbm-Caption eede9f50\" readability=\"2\"><span class=\"bbc-ow3j0s-VisuallyHiddenText e1yt7oin0\">Pie de foto, <\/span><\/p>\n<p>Nuestro organismo tarda unos 14 d\u00edas en fabricar anticuerpos tras recibir la vacuna.<\/p>\n<\/figcaption><\/div>\n<\/div>\n<\/figure>\n<\/div>\n<div dir=\"ltr\" class=\"bbc-1unnq9o-GridComponent e57qer20\" readability=\"12\">\n<p dir=\"ltr\" class=\"bbc-1kju7ke-Paragraph e1cc2ql70\"><b>La enfermera Maria Ang\u00e9lica Sobrinho, de 53 a\u00f1os, fue la primera en ser vacunada contra la covid-19 en la ciudad de Bah\u00eda en Brasil. Unos d\u00edas despu\u00e9s, empez\u00f3 a mostrar s\u00edntomas y se le diagnostic\u00f3 una infecci\u00f3n por coronavirus. <\/b><\/p>\n<\/div>\n<div dir=\"ltr\" class=\"bbc-1unnq9o-GridComponent e57qer20\" readability=\"9\">\n<p dir=\"ltr\" class=\"bbc-1kju7ke-Paragraph e1cc2ql70\">Sobrinho no es la \u00fanica persona que ha pasado por esto. En varios pa\u00edses del mundo se han reportado casos de otros pacientes que durante el intervalo de al menos 21 d\u00edas entre la primera y la segunda dosis <b>han contra\u00eddo la enfermedad. <\/b><\/p>\n<\/div>\n<div dir=\"ltr\" class=\"bbc-1unnq9o-GridComponent e57qer20\" readability=\"8\">\n<p dir=\"ltr\" class=\"bbc-1kju7ke-Paragraph e1cc2ql70\">Es algo han aprovechado quienes difunden noticias falsas y bulos en las redes sociales para afirmar que los productos base de las vacunas podr\u00edan llegar hasta a matar. <\/p>\n<\/div>\n<div dir=\"ltr\" class=\"bbc-1unnq9o-GridComponent e57qer20\" readability=\"10\">\n<p dir=\"ltr\" class=\"bbc-1kju7ke-Paragraph e1cc2ql70\">Por ello, antes de alarmarse o compartir este tipo de informaciones, es preciso tener mucho cuidado y entender lo que est\u00e1 pasando. <\/p>\n<\/div>\n<div dir=\"ltr\" class=\"bbc-1unnq9o-GridComponent e57qer20\" readability=\"8\">\n<p dir=\"ltr\" class=\"bbc-1kju7ke-Paragraph e1cc2ql70\">Entonces \u00bfc\u00f3mo es posible dar positivo por covid-19 entre la primera y segunda dosis de la vacuna?<\/p>\n<\/div>\n<p><h2 id=\"Protecci\u00f3n-incompleta-\" tabindex=\"-1\" class=\"bbc-4qzrek-SubHeading e14hemmw0\">Protecci\u00f3n incompleta <\/h2>\n<\/p>\n<div dir=\"ltr\" class=\"bbc-1unnq9o-GridComponent e57qer20\" readability=\"12\">\n<p dir=\"ltr\" class=\"bbc-1kju7ke-Paragraph e1cc2ql70\">Varias de las vacunas que ya se administran en distintos pa\u00edses requieren dos dosis para asegurar la protecci\u00f3n completa, como la de Pfizer, Oxford\/AstraZeneca, Coronavac, Moderna o Sputnik V. <\/p>\n<\/div>\n<div dir=\"ltr\" class=\"bbc-1unnq9o-GridComponent e57qer20\" readability=\"9\">\n<p dir=\"ltr\" class=\"bbc-1kju7ke-Paragraph e1cc2ql70\">El tiempo entre una dosis y otra var\u00eda seg\u00fan el fabricante. Pfizer recomienda dejar pasar 21 d\u00edas y la Universidad de Oxford unos tres meses, por ejemplo. <\/p>\n<\/div>\n<div dir=\"ltr\" class=\"bbc-1ufkmt5-GridComponent e57qer20\">\n<figure class=\"bbc-m91nxa-Figure e6bmn90\">\n<div dir=\"ltr\" class=\"bbc-1gx5b6l-GridComponent e57qer20\">\n<div dir=\"ltr\" class=\"bbc-bqg5er-GridComponent e57qer20\" readability=\"6.5\">\n<div class=\"bbc-8q39gi-ImagePlaceholder e1whu0\" readability=\"8\"><noscript><img srcset=\"http:\/\/nuevacordoba.net\/wp-content\/uploads\/2021\/03\/coronavirus-por-que-algunas-personas-contraen-covid-19-entre-la-primera-y-segunda-dosis-de-la-vacuna-11.jpg 240w, http:\/\/nuevacordoba.net\/wp-content\/uploads\/2021\/03\/coronavirus-por-que-algunas-personas-contraen-covid-19-entre-la-primera-y-segunda-dosis-de-la-vacuna-12.jpg 320w, http:\/\/nuevacordoba.net\/wp-content\/uploads\/2021\/03\/coronavirus-por-que-algunas-personas-contraen-covid-19-entre-la-primera-y-segunda-dosis-de-la-vacuna-13.jpg 480w, http:\/\/nuevacordoba.net\/wp-content\/uploads\/2021\/03\/coronavirus-por-que-algunas-personas-contraen-covid-19-entre-la-primera-y-segunda-dosis-de-la-vacuna-14.jpg 624w, http:\/\/nuevacordoba.net\/wp-content\/uploads\/2021\/03\/coronavirus-por-que-algunas-personas-contraen-covid-19-entre-la-primera-y-segunda-dosis-de-la-vacuna-15.jpg 800w\" alt=\"Personal m\u00e9dico preparando una dosis de SinoVac.\" src=\"http:\/\/nuevacordoba.net\/wp-content\/uploads\/2021\/03\/coronavirus-por-que-algunas-personas-contraen-covid-19-entre-la-primera-y-segunda-dosis-de-la-vacuna-1.jpg\" width=\"976\" class=\"bbc-1suxhxy-StyledImg e1enwo3v0\"><\/noscript><\/p>\n<p role=\"text\" class=\"bbc-iif8qe-Copyright etq3yw90\"><span class=\"bbc-ow3j0s-VisuallyHiddenText e1yt7oin0\">Fuente de la imagen, <\/span><span lang=\"en-GB\">Getty Images<\/span><\/p>\n<\/div>\n<\/div>\n<div dir=\"ltr\" class=\"bbc-1cx6mr7-GridComponent e57qer20\" readability=\"6.5\"><figcaption dir=\"ltr\" class=\"bbc-1mhipbm-Caption eede9f50\" readability=\"3\"><span class=\"bbc-ow3j0s-VisuallyHiddenText e1yt7oin0\">Pie de foto, <\/span><\/p>\n<p>Muchas de las vacunas que ya se administran requieren dos dosis para conseguir la protecci\u00f3n m\u00e1xima.<\/p>\n<\/figcaption><\/div>\n<\/div>\n<\/figure>\n<\/div>\n<div dir=\"ltr\" class=\"bbc-1unnq9o-GridComponent e57qer20\" readability=\"12\">\n<p dir=\"ltr\" class=\"bbc-1kju7ke-Paragraph e1cc2ql70\">\u00ab<b>Ninguna vacuna disponible es capaz de proteger <\/b><b>antes de que hayan pasado<\/b><b> 14 d\u00edas <\/b><b>desde que se aplic\u00f3 <\/b><b>primera dosis<\/b>, ya sea contra la covid-19 u otra enfermedad\u00bb, aclara la doctora Isabella Ballalai, vicepresidenta de la Sociedad Brasile\u00f1a de Inmunizaciones. <\/p>\n<\/div>\n<div dir=\"ltr\" class=\"bbc-1unnq9o-GridComponent e57qer20\" readability=\"11\">\n<p dir=\"ltr\" class=\"bbc-1kju7ke-Paragraph e1cc2ql70\">Con independencia de la tecnolog\u00eda, las vacunas suelen contener ant\u00edgenos, unas sustancias que interact\u00faan con el sistema inmune y crean los anticuerpos necesarios para combatir una futura invasi\u00f3n v\u00edrica. <\/p>\n<\/div>\n<div dir=\"ltr\" class=\"bbc-1unnq9o-GridComponent e57qer20\" readability=\"10\">\n<p dir=\"ltr\" class=\"bbc-1kju7ke-Paragraph e1cc2ql70\">La cuesti\u00f3n es que este proceso tarda un tiempo en completarse: las c\u00e9lulas inmunitarias necesitan reconocer los ant\u00edgenos, \u00abinteractuar\u00bb con ellos y crear una reacci\u00f3n satisfactoria. Este trabajo suele tomar <b>unas dos semanas.<\/b><\/p>\n<\/div>\n<div dir=\"ltr\" class=\"bbc-1unnq9o-GridComponent e57qer20\" readability=\"9\">\n<p dir=\"ltr\" class=\"bbc-1kju7ke-Paragraph e1cc2ql70\">Por ello es necesario que el paciente que reciba una primera dosis siga protegi\u00e9ndose con el uso de mascarillas, el distanciamiento social y el lavado frecuente de manos entre otras medidas. <\/p>\n<\/div>\n<div dir=\"ltr\" class=\"bbc-1unnq9o-GridComponent e57qer20\" readability=\"12\">\n<p dir=\"ltr\" class=\"bbc-1kju7ke-Paragraph e1cc2ql70\">\u00abRecibir las dos dosis tampoco implica estar liberado para tener una &#8216;vida normal&#8217;. Por lo que sabemos, <b>la vacuna protege contra las consecuencias m\u00e1s graves de la covid<\/b><b>-19<\/b>, pero las personas inmunizas podr\u00edan seguir transmitiendo el virus a otros\u00bb, complementa Ballalai. <\/p>\n<\/div>\n<div dir=\"ltr\" class=\"bbc-1unnq9o-GridComponent e57qer20\" readability=\"8\">\n<p dir=\"ltr\" class=\"bbc-1kju7ke-Paragraph e1cc2ql70\">Si la vacunaci\u00f3n tambi\u00e9n ralentizar\u00e1 la propagaci\u00f3n del virus se est\u00e1 investigando en los estudios preliminares de los primeros meses de campa\u00f1a. <\/p>\n<\/div>\n<div dir=\"ltr\" class=\"bbc-1unnq9o-GridComponent e57qer20\" readability=\"11\">\n<p dir=\"ltr\" class=\"bbc-1kju7ke-Paragraph e1cc2ql70\">Por lo tanto, mientras el virus contin\u00fae circulando a niveles altos y no haya una gran parte de la poblaci\u00f3n vacunada, la recomendaci\u00f3n es seguir las medidas de control y respetar las restricciones. <\/p>\n<\/div>\n<div dir=\"ltr\" class=\"bbc-1ufkmt5-GridComponent e57qer20\">\n<figure class=\"bbc-m91nxa-Figure e6bmn90\">\n<div dir=\"ltr\" class=\"bbc-1gx5b6l-GridComponent e57qer20\">\n<div dir=\"ltr\" class=\"bbc-bqg5er-GridComponent e57qer20\" readability=\"6.5\">\n<div class=\"bbc-8q39gi-ImagePlaceholder e1whu0\" readability=\"8\"><noscript><img srcset=\"http:\/\/nuevacordoba.net\/wp-content\/uploads\/2021\/03\/coronavirus-por-que-algunas-personas-contraen-covid-19-entre-la-primera-y-segunda-dosis-de-la-vacuna-16.jpg 240w, http:\/\/nuevacordoba.net\/wp-content\/uploads\/2021\/03\/coronavirus-por-que-algunas-personas-contraen-covid-19-entre-la-primera-y-segunda-dosis-de-la-vacuna-17.jpg 320w, http:\/\/nuevacordoba.net\/wp-content\/uploads\/2021\/03\/coronavirus-por-que-algunas-personas-contraen-covid-19-entre-la-primera-y-segunda-dosis-de-la-vacuna-18.jpg 480w, http:\/\/nuevacordoba.net\/wp-content\/uploads\/2021\/03\/coronavirus-por-que-algunas-personas-contraen-covid-19-entre-la-primera-y-segunda-dosis-de-la-vacuna-19.jpg 624w, http:\/\/nuevacordoba.net\/wp-content\/uploads\/2021\/03\/coronavirus-por-que-algunas-personas-contraen-covid-19-entre-la-primera-y-segunda-dosis-de-la-vacuna-20.jpg 800w\" alt=\"Panel informativo sobre el uso correcto de mascarillas en un aeropuerto.\" src=\"http:\/\/nuevacordoba.net\/wp-content\/uploads\/2021\/03\/coronavirus-por-que-algunas-personas-contraen-covid-19-entre-la-primera-y-segunda-dosis-de-la-vacuna-2.jpg\" width=\"976\" class=\"bbc-1suxhxy-StyledImg e1enwo3v0\"><\/noscript><\/p>\n<p role=\"text\" class=\"bbc-iif8qe-Copyright etq3yw90\"><span class=\"bbc-ow3j0s-VisuallyHiddenText e1yt7oin0\">Fuente de la imagen, <\/span><span lang=\"en-GB\">Getty Images<\/span><\/p>\n<\/div>\n<\/div>\n<div dir=\"ltr\" class=\"bbc-1cx6mr7-GridComponent e57qer20\" readability=\"7\"><figcaption dir=\"ltr\" class=\"bbc-1mhipbm-Caption eede9f50\" readability=\"4\"><span class=\"bbc-ow3j0s-VisuallyHiddenText e1yt7oin0\">Pie de foto, <\/span><\/p>\n<p>A pesar de ir vacunados, es preciso seguir respetando las restricciones y medidas que impongan las autoridades.<\/p>\n<\/figcaption><\/div>\n<\/div>\n<\/figure>\n<\/div>\n<p><h2 id=\"Imposibilidad-cient\u00edfica-\" tabindex=\"-1\" class=\"bbc-4qzrek-SubHeading e14hemmw0\">Imposibilidad cient\u00edfica <\/h2>\n<\/p>\n<div dir=\"ltr\" class=\"bbc-1unnq9o-GridComponent e57qer20\" readability=\"8\">\n<p dir=\"ltr\" class=\"bbc-1kju7ke-Paragraph e1cc2ql70\">Otro bulo que circul\u00f3 recientemente se\u00f1alaba la posibilidad de que la propia vacuna cause covid-19.<\/p>\n<\/div>\n<div dir=\"ltr\" class=\"bbc-1unnq9o-GridComponent e57qer20\" readability=\"9\">\n<p dir=\"ltr\" class=\"bbc-1kju7ke-Paragraph e1cc2ql70\">Pero eso, dice Ballalai, es <b>absolutamente imposible<\/b>. <\/p>\n<\/div>\n<div dir=\"ltr\" class=\"bbc-1unnq9o-GridComponent e57qer20\" readability=\"9\">\n<p dir=\"ltr\" class=\"bbc-1kju7ke-Paragraph e1cc2ql70\">\u00abLos inmunizadores est\u00e1n hechos con virus inactivados y <b>ni siquiera <\/b><b>de milagro podr\u00edan<\/b><b> causar la enfermedad<\/b>\u00ab, dice la especialista.<\/p>\n<\/div>\n<div dir=\"ltr\" class=\"bbc-1unnq9o-GridComponent e57qer20\" readability=\"11\">\n<p dir=\"ltr\" class=\"bbc-1kju7ke-Paragraph e1cc2ql70\">Este, por cierto, es un mito que aparece cada a\u00f1o durante las campa\u00f1as contra el virus de la influenza, que suele circular en oto\u00f1o e invierno.<\/p>\n<\/div>\n<div dir=\"ltr\" class=\"bbc-1unnq9o-GridComponent e57qer20\" readability=\"9\">\n<p dir=\"ltr\" class=\"bbc-1kju7ke-Paragraph e1cc2ql70\">\u00abEl sujeto recibe la vacuna y unos d\u00edas despu\u00e9s presenta s\u00edntomas de gripe. Entonces llega a creer que la culpa es de la dosis aplicada\u00bb, apunta Ballalai. <\/p>\n<\/div>\n<div dir=\"ltr\" class=\"bbc-1ufkmt5-GridComponent e57qer20\">\n<figure class=\"bbc-m91nxa-Figure e6bmn90\">\n<div dir=\"ltr\" class=\"bbc-1gx5b6l-GridComponent e57qer20\">\n<div dir=\"ltr\" class=\"bbc-bqg5er-GridComponent e57qer20\" readability=\"6.5\">\n<div class=\"bbc-8q39gi-ImagePlaceholder e1whu0\" readability=\"8\"><noscript><img srcset=\"http:\/\/nuevacordoba.net\/wp-content\/uploads\/2021\/03\/coronavirus-por-que-algunas-personas-contraen-covid-19-entre-la-primera-y-segunda-dosis-de-la-vacuna-21.jpg 240w, http:\/\/nuevacordoba.net\/wp-content\/uploads\/2021\/03\/coronavirus-por-que-algunas-personas-contraen-covid-19-entre-la-primera-y-segunda-dosis-de-la-vacuna-22.jpg 320w, http:\/\/nuevacordoba.net\/wp-content\/uploads\/2021\/03\/coronavirus-por-que-algunas-personas-contraen-covid-19-entre-la-primera-y-segunda-dosis-de-la-vacuna-23.jpg 480w, http:\/\/nuevacordoba.net\/wp-content\/uploads\/2021\/03\/coronavirus-por-que-algunas-personas-contraen-covid-19-entre-la-primera-y-segunda-dosis-de-la-vacuna-24.jpg 624w, http:\/\/nuevacordoba.net\/wp-content\/uploads\/2021\/03\/coronavirus-por-que-algunas-personas-contraen-covid-19-entre-la-primera-y-segunda-dosis-de-la-vacuna-25.jpg 800w\" alt=\"Vacuna\" src=\"http:\/\/nuevacordoba.net\/wp-content\/uploads\/2021\/03\/coronavirus-por-que-algunas-personas-contraen-covid-19-entre-la-primera-y-segunda-dosis-de-la-vacuna-3.jpg\" width=\"976\" class=\"bbc-1suxhxy-StyledImg e1enwo3v0\"><\/noscript><\/p>\n<p role=\"text\" class=\"bbc-iif8qe-Copyright etq3yw90\"><span class=\"bbc-ow3j0s-VisuallyHiddenText e1yt7oin0\">Fuente de la imagen, <\/span><span lang=\"en-GB\">Getty Images<\/span><\/p>\n<\/div>\n<\/div>\n<div dir=\"ltr\" class=\"bbc-1cx6mr7-GridComponent e57qer20\" readability=\"6\"><figcaption dir=\"ltr\" class=\"bbc-1mhipbm-Caption eede9f50\" readability=\"2\"><span class=\"bbc-ow3j0s-VisuallyHiddenText e1yt7oin0\">Pie de foto, <\/span><\/p>\n<p>\u00bfC\u00f3mo es posible dar positivo por covid-19 entre la primera y segunda dosis de la vacuna?<\/p>\n<\/figcaption><\/div>\n<\/div>\n<\/figure>\n<\/div>\n<div dir=\"ltr\" class=\"bbc-1unnq9o-GridComponent e57qer20\" readability=\"12\">\n<p dir=\"ltr\" class=\"bbc-1kju7ke-Paragraph e1cc2ql70\">De nuevo, la explicaci\u00f3n est\u00e1 en el tiempo que se necesita para que proteja: mientras el sistema inmunol\u00f3gico no cese la producci\u00f3n de anticuerpos, el riesgo de infectarse con influenza (o coronavirus, en el ejemplo actual) es alto.<\/p>\n<\/div>\n<div dir=\"ltr\" class=\"bbc-1unnq9o-GridComponent e57qer20\" readability=\"11\">\n<p dir=\"ltr\" class=\"bbc-1kju7ke-Paragraph e1cc2ql70\">CoronaVac, la vacuna china, est\u00e1 hecha con virus inactivos, un modelo utilizado en la ciencia durante muchas d\u00e9cadas.<\/p>\n<\/div>\n<div dir=\"ltr\" class=\"bbc-1unnq9o-GridComponent e57qer20\" readability=\"10\">\n<p dir=\"ltr\" class=\"bbc-1kju7ke-Paragraph e1cc2ql70\">Como su nombre lo indica, los coronavirus presentes en ampollas se someten a un proceso con sustancias qu\u00edmicas y cambios de temperatura que lo inactivan y<b> eliminan cualquier posibilidad de que invadan las c\u00e9lulas y <\/b><b>se repliquen<\/b> en nuestro organismo.<\/p>\n<\/div>\n<div dir=\"ltr\" class=\"bbc-1ufkmt5-GridComponent e57qer20\">\n<figure class=\"bbc-m91nxa-Figure e6bmn90\">\n<div dir=\"ltr\" class=\"bbc-1gx5b6l-GridComponent e57qer20\">\n<div dir=\"ltr\" class=\"bbc-bqg5er-GridComponent e57qer20\" readability=\"6.5\">\n<div class=\"bbc-8q39gi-ImagePlaceholder e1whu0\" readability=\"8\"><noscript><img srcset=\"http:\/\/nuevacordoba.net\/wp-content\/uploads\/2021\/03\/coronavirus-por-que-algunas-personas-contraen-covid-19-entre-la-primera-y-segunda-dosis-de-la-vacuna-26.jpg 240w, http:\/\/nuevacordoba.net\/wp-content\/uploads\/2021\/03\/coronavirus-por-que-algunas-personas-contraen-covid-19-entre-la-primera-y-segunda-dosis-de-la-vacuna-27.jpg 320w, http:\/\/nuevacordoba.net\/wp-content\/uploads\/2021\/03\/coronavirus-por-que-algunas-personas-contraen-covid-19-entre-la-primera-y-segunda-dosis-de-la-vacuna-28.jpg 480w, http:\/\/nuevacordoba.net\/wp-content\/uploads\/2021\/03\/coronavirus-por-que-algunas-personas-contraen-covid-19-entre-la-primera-y-segunda-dosis-de-la-vacuna-29.jpg 624w, http:\/\/nuevacordoba.net\/wp-content\/uploads\/2021\/03\/coronavirus-por-que-algunas-personas-contraen-covid-19-entre-la-primera-y-segunda-dosis-de-la-vacuna-30.jpg 800w\" alt=\"Ampollas de CoronaVac.\" src=\"http:\/\/nuevacordoba.net\/wp-content\/uploads\/2021\/03\/coronavirus-por-que-algunas-personas-contraen-covid-19-entre-la-primera-y-segunda-dosis-de-la-vacuna-4.jpg\" width=\"976\" class=\"bbc-1suxhxy-StyledImg e1enwo3v0\"><\/noscript><\/p>\n<p role=\"text\" class=\"bbc-iif8qe-Copyright etq3yw90\"><span class=\"bbc-ow3j0s-VisuallyHiddenText e1yt7oin0\">Fuente de la imagen, <\/span><span lang=\"en-GB\">Getty Images<\/span><\/p>\n<\/div>\n<\/div>\n<div dir=\"ltr\" class=\"bbc-1cx6mr7-GridComponent e57qer20\" readability=\"6.5\"><figcaption dir=\"ltr\" class=\"bbc-1mhipbm-Caption eede9f50\" readability=\"3\"><span class=\"bbc-ow3j0s-VisuallyHiddenText e1yt7oin0\">Pie de foto, <\/span><\/p>\n<p>La vacuna CoronaVac se basa en virus inactivos y es imposible que produzcan la enfermedad en el organismo.<\/p>\n<\/figcaption><\/div>\n<\/div>\n<\/figure>\n<\/div>\n<p><h2 id=\"Cuidados-y-recomendaciones-\" tabindex=\"-1\" class=\"bbc-4qzrek-SubHeading e14hemmw0\">Cuidados y recomendaciones <\/h2>\n<\/p>\n<div dir=\"ltr\" class=\"bbc-1unnq9o-GridComponent e57qer20\" readability=\"9\">\n<p dir=\"ltr\" class=\"bbc-1kju7ke-Paragraph e1cc2ql70\">Tambi\u00e9n es importante saber que los efectos adversos de las vacunas son poco frecuentes, pero posibles. <\/p>\n<\/div>\n<div dir=\"ltr\" class=\"bbc-1unnq9o-GridComponent e57qer20\" readability=\"9\">\n<p dir=\"ltr\" class=\"bbc-1kju7ke-Paragraph e1cc2ql70\">\u00abEl individuo puede tener fiebre, malestar y un poco de dolor\u00bb, ejemplifica Ballalai. <\/p>\n<\/div>\n<div dir=\"ltr\" class=\"bbc-1unnq9o-GridComponent e57qer20\" readability=\"9\">\n<p dir=\"ltr\" class=\"bbc-1kju7ke-Paragraph e1cc2ql70\">Si el malestar no desaparece despu\u00e9s de unos d\u00edas o se vuelve m\u00e1s intenso, es importante <b>buscar consejo m\u00e9dico.<\/b><\/p>\n<\/div>\n<div dir=\"ltr\" class=\"bbc-1unnq9o-GridComponent e57qer20\" readability=\"9\">\n<p dir=\"ltr\" class=\"bbc-1kju7ke-Paragraph e1cc2ql70\">Se debe al hecho de que estos s\u00edntomas incluso pueden ser causados \u200b\u200bpor el efecto de las vacunas, pero tambi\u00e9n son caracter\u00edsticos del propio covid-19 y ser\u00eda importante descartarlos. <\/p>\n<\/div>\n<div dir=\"ltr\" class=\"bbc-1unnq9o-GridComponent e57qer20\" readability=\"10\">\n<p dir=\"ltr\" class=\"bbc-1kju7ke-Paragraph e1cc2ql70\">Con m\u00e1s de 200 millones de dosis de vacunas contra la covid-19 administradas por el mundo y la rapidez con que se sigue inoculando en ya varios pa\u00edses, de momento <b>no hay noticias sobre efectos colaterales preocupantes<\/b> que justifiquen la paralizaci\u00f3n de las campa\u00f1as. <\/p>\n<\/div>\n<div dir=\"ltr\" class=\"bbc-1ufkmt5-GridComponent e57qer20\">\n<figure class=\"bbc-m91nxa-Figure e6bmn90\">\n<div dir=\"ltr\" class=\"bbc-1gx5b6l-GridComponent e57qer20\">\n<div dir=\"ltr\" class=\"bbc-bqg5er-GridComponent e57qer20\">\n<div class=\"bbc-2bz91w-ImagePlaceholder e1whu0\"><noscript><img srcset=\"http:\/\/nuevacordoba.net\/wp-content\/uploads\/2021\/03\/coronavirus-por-que-algunas-personas-contraen-covid-19-entre-la-primera-y-segunda-dosis-de-la-vacuna-31.jpg 240w, http:\/\/nuevacordoba.net\/wp-content\/uploads\/2021\/03\/coronavirus-por-que-algunas-personas-contraen-covid-19-entre-la-primera-y-segunda-dosis-de-la-vacuna-32.jpg 320w, http:\/\/nuevacordoba.net\/wp-content\/uploads\/2021\/03\/coronavirus-por-que-algunas-personas-contraen-covid-19-entre-la-primera-y-segunda-dosis-de-la-vacuna-33.jpg 464w\" alt=\"l\u00ednea separatoria\" src=\"http:\/\/nuevacordoba.net\/wp-content\/uploads\/2021\/03\/coronavirus-por-que-algunas-personas-contraen-covid-19-entre-la-primera-y-segunda-dosis-de-la-vacuna-5.jpg\" width=\"464\" class=\"bbc-1suxhxy-StyledImg e1enwo3v0\"><\/noscript><\/div>\n<\/div>\n<\/div>\n<\/figure>\n<\/div>\n<div dir=\"ltr\" class=\"bbc-1unnq9o-GridComponent e57qer20\" readability=\"8\">\n<p dir=\"ltr\" class=\"bbc-1kju7ke-Paragraph e1cc2ql70\"><i class=\"bbc-h1y5j7 ewc4zcb0\">Ahora puedes recibir notificaciones de BBC Mundo. Descarga la nueva versi\u00f3n de nuestra app y act\u00edvalas para no perderte nuestro mejor contenido.<\/i><\/p>\n<\/div>\n","protected":false},"excerpt":{"rendered":"<p>Andr\u00e9 Biernath BBC News Brasil 9 marzo 2021 Fuente de la imagen, Getty Images Pie de foto, Nuestro organismo tarda unos 14 d\u00edas en fabricar anticuerpos tras recibir la vacuna. La enfermera Maria Ang\u00e9lica Sobrinho, de 53 a\u00f1os, fue la primera en ser vacunada contra la covid-19 en la ciudad de Bah\u00eda en Brasil. Unos [&hellip;]<\/p>\n","protected":false},"author":1,"featured_media":1859,"comment_status":"closed","ping_status":"closed","sticky":false,"template":"","format":"standard","meta":[],"categories":[13],"tags":[],"_links":{"self":[{"href":"http:\/\/nuevacordoba.net\/index.php\/wp-json\/wp\/v2\/posts\/1858"}],"collection":[{"href":"http:\/\/nuevacordoba.net\/index.php\/wp-json\/wp\/v2\/posts"}],"about":[{"href":"http:\/\/nuevacordoba.net\/index.php\/wp-json\/wp\/v2\/types\/post"}],"author":[{"embeddable":true,"href":"http:\/\/nuevacordoba.net\/index.php\/wp-json\/wp\/v2\/users\/1"}],"replies":[{"embeddable":true,"href":"http:\/\/nuevacordoba.net\/index.php\/wp-json\/wp\/v2\/comments?post=1858"}],"version-history":[{"count":0,"href":"http:\/\/nuevacordoba.net\/index.php\/wp-json\/wp\/v2\/posts\/1858\/revisions"}],"wp:featuredmedia":[{"embeddable":true,"href":"http:\/\/nuevacordoba.net\/index.php\/wp-json\/wp\/v2\/media\/1859"}],"wp:attachment":[{"href":"http:\/\/nuevacordoba.net\/index.php\/wp-json\/wp\/v2\/media?parent=1858"}],"wp:term":[{"taxonomy":"category","embeddable":true,"href":"http:\/\/nuevacordoba.net\/index.php\/wp-json\/wp\/v2\/categories?post=1858"},{"taxonomy":"post_tag","embeddable":true,"href":"http:\/\/nuevacordoba.net\/index.php\/wp-json\/wp\/v2\/tags?post=1858"}],"curies":[{"name":"wp","href":"https:\/\/api.w.org\/{rel}","templated":true}]}}