{"id":19066,"date":"2022-04-27T21:54:18","date_gmt":"2022-04-27T21:54:18","guid":{"rendered":"https:\/\/puntoapunto.com.ar\/?p=326464"},"modified":"2022-04-27T21:54:18","modified_gmt":"2022-04-27T21:54:18","slug":"politica-a-punto-la-ucr-empieza-a-lamer-sus-heridas-post-giardino","status":"publish","type":"post","link":"http:\/\/nuevacordoba.net\/index.php\/2022\/04\/27\/politica-a-punto-la-ucr-empieza-a-lamer-sus-heridas-post-giardino\/","title":{"rendered":"Pol\u00edtica a Punto: la UCR empieza a lamer sus heridas post Giardino"},"content":{"rendered":"<div class=\"g g-146\">\n<div class=\"g-single a-410\"><a class=\"gofollow\" data-track=\"NDEwLDE0NiwxLDYw\" href=\"https:\/\/www.harmoniechateau.com.ar\/\" target=\"_blank\" rel=\"noopener\"><img src=\"http:\/\/nuevacordoba.net\/wp-content\/uploads\/2022\/04\/politica-a-punto-la-ucr-empieza-a-lamer-sus-heridas-post-giardino.gif\"><\/a><\/div>\n<\/div>\n<p>Tal como se anticip\u00f3 en&nbsp;<strong>Punto a Punto<\/strong> la semana pasada, la reuni\u00f3n de la UCR en Villa Giardino iba a ser con un clima de tensi\u00f3n. M\u00e1s all\u00e1 de los decibeles que trataron de bajar algunos con las repercusiones posteriores. Pero, sin dudas, las fricciones en el radicalismo se mantienen y el encuentro en Punilla sirvi\u00f3 para acentuar varias.<\/p>\n<p><strong>Las figuras nacionales.<\/strong>&nbsp;Al margen del trato institucional que algunos impostaron con el presidente de la UCR Nacional, el juje\u00f1o Gerardo Morales, se sabe que muchos lo miraron de reojo. Las fotos, como as\u00ed tambi\u00e9n las declaraciones previas en torno al gobernador Juan Schiaretti, dejaron a Morales en el lote de los apuntados. Ni siquiera ser la \u00fanica figura nacional del partido le vali\u00f3 al juje\u00f1o para sumar adhesiones de cara a su sue\u00f1o presidencial.<\/p>\n<p>Tampoco le sirvi\u00f3 a Morales levantar a Rodrigo de Loredo como candidato del partido a gobernador. El movimiento inquiet\u00f3 a los que vienen trabajando en C\u00f3rdoba un acuerdo con Luis Juez y alert\u00f3, puertas adentro, a los radicales que no quieren perder protagonismo frente a De Loredo.<\/p>\n<p><img loading=\"lazy\" class=\"alignnone wp-image-326466\" src=\"http:\/\/nuevacordoba.net\/wp-content\/uploads\/2022\/04\/politica-a-punto-la-ucr-empieza-a-lamer-sus-heridas-post-giardino.jpg\" alt width=\"598\" height=\"357\" srcset=\"http:\/\/nuevacordoba.net\/wp-content\/uploads\/2022\/04\/politica-a-punto-la-ucr-empieza-a-lamer-sus-heridas-post-giardino.jpg 300w, http:\/\/nuevacordoba.net\/wp-content\/uploads\/2022\/04\/politica-a-punto-la-ucr-empieza-a-lamer-sus-heridas-post-giardino-1.jpg 1024w, http:\/\/nuevacordoba.net\/wp-content\/uploads\/2022\/04\/politica-a-punto-la-ucr-empieza-a-lamer-sus-heridas-post-giardino-2.jpg 768w, http:\/\/nuevacordoba.net\/wp-content\/uploads\/2022\/04\/politica-a-punto-la-ucr-empieza-a-lamer-sus-heridas-post-giardino-3.jpg 750w, http:\/\/nuevacordoba.net\/wp-content\/uploads\/2022\/04\/politica-a-punto-la-ucr-empieza-a-lamer-sus-heridas-post-giardino-4.jpg 1140w, http:\/\/nuevacordoba.net\/wp-content\/uploads\/2022\/04\/politica-a-punto-la-ucr-empieza-a-lamer-sus-heridas-post-giardino-5.jpg 1154w\" sizes=\"(max-width: 598px) 100vw, 598px\"><\/p>\n<p><strong>Divisi\u00f3n en el Congreso.&nbsp;<\/strong>El clima de tensi\u00f3n en Giardino fue el corolario -y tambi\u00e9n la antesala- del malestar que se vive en el Congreso entre la facci\u00f3n radical de buena sinton\u00eda con Morales y el mendocino Alfredo Cornejo frente al sector que lidera Mart\u00edn Lousteau. En el primer bloque est\u00e1n Mario Negri y Ram\u00f3n Mestre; y en el segundo, De Loredo.<\/p>\n<p>Bloques divididos en Diputados, Negri lidera uno y De Loredo el otro; y todo parece indicar que no habr\u00e1 unidad. Lejos de lo que pretende Morales. Y ya se lo avisaron.&nbsp;La interna radical seguir\u00e1 con su r\u00e9plica en el Congreso y altera los planes de la UCR Nacional.<\/p>\n<p><strong>La Unicameral, el otro ring.&nbsp;<\/strong>El lunes, el jefe del bloque de la UCR en la Unicameral, Juan Jure, dijo en el programa&nbsp;<em>Aunque parezca tarde&nbsp;<\/em>(<strong>90.7 FM Punto a Punto<\/strong>) que \u00abla frutilla del postre en Giardino deber\u00eda haber sido la palabra de De Loredo\u00bb. Porque, cabe recordar que el diputado no pudo hablar y hubo enojo, a pesar de que hay dirigentes que sostienen que esto no se produjo porque lleg\u00f3 30 minutos antes del final.<\/p>\n<p>Lo de Jure, por su parte, no termin\u00f3 ah\u00ed: \u00abpor lo que significa en el contexto partidario y por la expectativa que genera, tendr\u00eda que haber hablado\u00bb, dijo Jure el lunes por la tarde.<\/p>\n<p>Fue un mensaje conciliador hacia el resto del partido. Incluso, tambi\u00e9n para aquellos que le bajaron el pulgar a unas palabras del diputado.<\/p>\n<p>Pero, si lo de Jure tendr\u00e1 repercusiones, lo de Orlando Arduh, el jefe radical del otro bloque de Juntos, tambi\u00e9n.<\/p>\n<p>El hombre consigui\u00f3 el visto bueno de la Justicia electoral al pedido de desafiliaci\u00f3n que hab\u00edan iniciado algunos en la UCR post apuestas on line, y sali\u00f3 con todo. \u00abEsto demuestra que existi\u00f3 una persecuci\u00f3n pol\u00edtica en mi contra. Quisieron echarme del partido para pedirme la banca\u00bb, lanz\u00f3 Arduh en la tarde del lunes.<\/p>\n<p>Adem\u00e1s, denunci\u00f3 caza de brujas, agradeci\u00f3 a la militancia y acus\u00f3 a las autoridades de su partido de ser \u00abt\u00edteres al servicio de sus jefes\u00bb.&nbsp;Con este clima, la unidad de Giardino ya se puso ocre.<\/p>\n","protected":false},"excerpt":{"rendered":"<p>Tal como se anticip\u00f3 en&nbsp;Punto a Punto la semana pasada, la reuni\u00f3n de la UCR en Villa Giardino iba a ser con un clima de tensi\u00f3n. M\u00e1s all\u00e1 de los decibeles que trataron de bajar algunos con las repercusiones posteriores. Pero, sin dudas, las fricciones en el radicalismo se mantienen y el encuentro en Punilla [&hellip;]<\/p>\n","protected":false},"author":1,"featured_media":19067,"comment_status":"open","ping_status":"closed","sticky":false,"template":"","format":"standard","meta":[],"categories":[12,14],"tags":[],"_links":{"self":[{"href":"http:\/\/nuevacordoba.net\/index.php\/wp-json\/wp\/v2\/posts\/19066"}],"collection":[{"href":"http:\/\/nuevacordoba.net\/index.php\/wp-json\/wp\/v2\/posts"}],"about":[{"href":"http:\/\/nuevacordoba.net\/index.php\/wp-json\/wp\/v2\/types\/post"}],"author":[{"embeddable":true,"href":"http:\/\/nuevacordoba.net\/index.php\/wp-json\/wp\/v2\/users\/1"}],"replies":[{"embeddable":true,"href":"http:\/\/nuevacordoba.net\/index.php\/wp-json\/wp\/v2\/comments?post=19066"}],"version-history":[{"count":0,"href":"http:\/\/nuevacordoba.net\/index.php\/wp-json\/wp\/v2\/posts\/19066\/revisions"}],"wp:featuredmedia":[{"embeddable":true,"href":"http:\/\/nuevacordoba.net\/index.php\/wp-json\/wp\/v2\/media\/19067"}],"wp:attachment":[{"href":"http:\/\/nuevacordoba.net\/index.php\/wp-json\/wp\/v2\/media?parent=19066"}],"wp:term":[{"taxonomy":"category","embeddable":true,"href":"http:\/\/nuevacordoba.net\/index.php\/wp-json\/wp\/v2\/categories?post=19066"},{"taxonomy":"post_tag","embeddable":true,"href":"http:\/\/nuevacordoba.net\/index.php\/wp-json\/wp\/v2\/tags?post=19066"}],"curies":[{"name":"wp","href":"https:\/\/api.w.org\/{rel}","templated":true}]}}