{"id":19078,"date":"2022-04-27T22:53:12","date_gmt":"2022-04-27T22:53:12","guid":{"rendered":"https:\/\/www.ole.com.ar\/futbol-ascenso\/p-nacional-dalmine-problemas-rojas_0_LJSNQltl8k.html"},"modified":"2022-04-27T22:53:12","modified_gmt":"2022-04-27T22:53:12","slug":"dalmine-y-su-problema-con-las-rojas","status":"publish","type":"post","link":"http:\/\/nuevacordoba.net\/index.php\/2022\/04\/27\/dalmine-y-su-problema-con-las-rojas\/","title":{"rendered":"D\u00e1lmine y su problema con las rojas"},"content":{"rendered":"<p>Villa D\u00e1lmine no comenz\u00f3 del todo bien en el campeonato, perdi\u00f3 cuatro, empat\u00f3 siete y gan\u00f3 solamente un partido y como si no fuera poco a los problemas futbol\u00edsticos que tiene, tambi\u00e9n se le suman otros problemas en el rearmado del equipo debido a expulsados.<\/p>\n<div class=\"sp__SM\">\n<div class=\"content-new \">\n<span class=\"tit-mobile\">Mir\u00e1 tambi\u00e9n<\/span><\/p>\n<div class=\"mg\">\n<div class=\"wrap-figure\">\n<picture>\n<a href=\"https:\/\/www.ole.com.ar\/futbol-ascenso\/p-nacional-san-martin-t-_0_XvV2icDWlz.html\" target=\"_self\" rel=\"noopener\"><br \/>\n<img class=\"img-responsive\" alt=\"Respira Pablo De Muner con buenas noticias\" src=\"http:\/\/nuevacordoba.net\/wp-content\/uploads\/2022\/04\/dalmine-y-su-problema-con-las-rojas.jpg\" loading=\"lazy\"><br \/>\n<\/a>\n<\/picture>\n<\/div>\n<\/div><\/div>\n<\/div>\n<p> Eso es porque en estas 12 fechas ya disputadas lleva seis jugadores que fueron expulsados. Algunos son m\u00e1s importantes que otros pero, esto da un promedio de uno cada dos partidos en cuanto a los futbolistas que ven la roja y eso es algo que preocupa en el Viola.<\/p>\n<div class=\"sp__SM\">\n<div class=\"content-new \">\n<span class=\"tit-mobile\">Mir\u00e1 tambi\u00e9n<\/span><\/p>\n<div class=\"mg\">\n<div class=\"wrap-figure\">\n<picture>\n<a href=\"https:\/\/www.ole.com.ar\/futbol-ascenso\/primera-b-san-miguel-danza-nombres-dt_0_jfpmKHzdQV.html\" target=\"_self\" rel=\"noopener\"><br \/>\n<img class=\"img-responsive\" alt=\"\u00bfQui\u00e9n reemplaza a Sagman?\" src=\"http:\/\/nuevacordoba.net\/wp-content\/uploads\/2022\/04\/dalmine-y-su-problema-con-las-rojas-1.jpg\" loading=\"lazy\"><br \/>\n<\/a>\n<\/picture>\n<\/div>\n<\/div><\/div>\n<\/div>\n<p> <strong>Fecha 1:<\/strong> Las expulsiones no se hicieron esperar porque en la primera fecha ya cay\u00f3 el primero. Federico Mazul, el lateral derecho de D\u00e1lmine fue quien debut\u00f3 en esta materia gracias a la doble amarilla que le propin\u00f3 el \u00e1rbitro Fabricio Llobet en la derrota ante Brown de Puerto Madryn.<\/p>\n<div class=\"sp__SM\">\n<div class=\"content-new \">\n<span class=\"tit-mobile\">Mir\u00e1 tambi\u00e9n<\/span><\/p>\n<div class=\"mg\">\n<div class=\"wrap-figure\">\n<picture>\n<a href=\"https:\/\/www.ole.com.ar\/futbol-ascenso\/primera-d-argentino-rosario_0_sZIkFro8sC.html\" target=\"_self\" rel=\"noopener\"><br \/>\n<img class=\"img-responsive\" alt=\"Batistuta jugar\u00e1 en el Ascenso\" src=\"http:\/\/nuevacordoba.net\/wp-content\/uploads\/2022\/04\/dalmine-y-su-problema-con-las-rojas-2.jpg\" loading=\"lazy\"><br \/>\n<\/a>\n<\/picture>\n<\/div>\n<\/div><\/div>\n<\/div>\n<p> <strong>Fecha 2:<\/strong> Esta vez contra Atl\u00e9tico de Rafaela, en el empate 1-1 y cuando todo parec\u00eda que se salvaba de otro expulsado, lleg\u00f3 Facundo G\u00f3mez para traerle otro problema en el rearmado del equipo porque recibi\u00f3 la roja directa de Nelson Sosa.<\/p>\n<div class=\"sp__SM\">\n<div class=\"content-new \">\n<span class=\"tit-mobile\">Mir\u00e1 tambi\u00e9n<\/span><\/p>\n<div class=\"mg\">\n<div class=\"wrap-figure\">\n<picture>\n<a href=\"https:\/\/www.ole.com.ar\/futbol-ascenso\/p-nacional-san-telmo-pipi-medina_0_15vyrPavpi.html\" target=\"_self\" rel=\"noopener\"><br \/>\n<img class=\"img-responsive\" alt=\"Medina: &quot;Nuestro objetivo es que el club no sufra con el descenso&quot;\" src=\"http:\/\/nuevacordoba.net\/wp-content\/uploads\/2022\/04\/dalmine-y-su-problema-con-las-rojas-3.jpg\" loading=\"lazy\"><br \/>\n<\/a>\n<\/picture>\n<\/div>\n<\/div><\/div>\n<\/div>\n<p> <strong>Fecha 9:<\/strong> Luego de varias fechas sin malas noticias y solamente preocup\u00e1ndose por lo futbol\u00edstico, en la derrota ante Gimnasia de Mendoza volvieron las expulsiones y como si uno no fuera suficiente, en aquella oportunidad fueron dos. El primero fue Lautaro Tello que vio la roja a los 4\u2019 del primer tiempo despu\u00e9s de ser amonestado un minuto antes. El segundo se fue expulsado a los 40\u2019 del segundo tiempo, se trata de Valent\u00edn Albano que tambi\u00e9n recibi\u00f3 doble amarilla y vio la roja.<\/p>\n<div class=\"sp__SM\">\n<div class=\"content-new \">\n<span class=\"tit-mobile\">Mir\u00e1 tambi\u00e9n<\/span><\/p>\n<div class=\"mg\">\n<div class=\"wrap-figure\">\n<picture>\n<a href=\"https:\/\/www.ole.com.ar\/futbol-ascenso\/primera-b-san-miguel_0_kx3LwDv2PH.html\" target=\"_self\" rel=\"noopener\"><br \/>\n<img class=\"img-responsive\" alt=\"Alejandro Kenig: Nuevo DT interino de San Miguel\" src=\"http:\/\/nuevacordoba.net\/wp-content\/uploads\/2022\/04\/dalmine-y-su-problema-con-las-rojas-4.jpg\" loading=\"lazy\"><br \/>\n<\/a>\n<\/picture>\n<\/div>\n<\/div><\/div>\n<\/div>\n<p> <strong>Fecha 11:<\/strong> Volvi\u00f3 a descansar de las rojas pero solo una fecha porque en el empate ante G\u00fcemes el que recibi\u00f3 la expulsi\u00f3n fue quien disput\u00f3 el encuentro en el lateral derecho, Agust\u00edn Alberione, tambi\u00e9n por doble amarilla.<\/p>\n<div class=\"sp__SM\">\n<div class=\"content-new \">\n<span class=\"tit-mobile\">Mir\u00e1 tambi\u00e9n<\/span><\/p>\n<div class=\"mg\">\n<div class=\"wrap-figure\">\n<picture>\n<a href=\"https:\/\/www.ole.com.ar\/futbol-ascenso\/p-nacional-temperley_0_rQNJjsYj10.html\" target=\"_self\" rel=\"noopener\"><br \/>\n<img class=\"img-responsive\" alt=\"Vuelve Bianco al Gasolero\" src=\"http:\/\/nuevacordoba.net\/wp-content\/uploads\/2022\/04\/dalmine-y-su-problema-con-las-rojas-5.jpg\" loading=\"lazy\"><br \/>\n<\/a>\n<\/picture>\n<\/div>\n<\/div><\/div>\n<\/div>\n<p> <strong>Fecha 12:<\/strong> En el partido del fin de semana parec\u00eda que el partido no se llevaba ninguna expulsi\u00f3n para el equipo de Carlos Pereyra. Pero una jugada inoportuna de Gabriel Pusula a los 47\u2019 del segundo tiempo fue meritoria de amarilla y al ya haber recibido la primera en el inicio de la segunda mitad, debi\u00f3 irse a las duchas antes del final.<\/p>\n<div class=\"sp__SM\">\n<div class=\"content-new \">\n<span class=\"tit-mobile\">Mir\u00e1 tambi\u00e9n<\/span><\/p>\n<div class=\"mg\">\n<div class=\"wrap-figure\">\n<picture>\n<a href=\"https:\/\/www.ole.com.ar\/futbol-ascenso\/primera-b-jj-urquiza-ituzaingo-incid_0_PIKJ0qyw6s.html\" target=\"_self\" rel=\"noopener\"><br \/>\n<img class=\"img-responsive\" alt=\"Cavallera debi\u00f3 salir en ambulancia\" src=\"http:\/\/nuevacordoba.net\/wp-content\/uploads\/2022\/04\/dalmine-y-su-problema-con-las-rojas-6.jpg\" loading=\"lazy\"><br \/>\n<\/a>\n<\/picture>\n<\/div>\n<\/div><\/div>\n<\/div>\n<p>Adem\u00e1s del rendimiento futbol\u00edstico, el entrenador Carlos Pereyra, deber\u00e1 mejorar el aspecto mental de los jugadores porque lleva un expulsado cada dos fechas y es un promedio que preocupa.<\/p>\n<div class=\"sp__SM\">\n<div class=\"content-new \">\n<span class=\"tit-mobile\">Mir\u00e1 tambi\u00e9n<\/span><\/p>\n<div class=\"mg\">\n<div class=\"wrap-figure\">\n<picture>\n<a href=\"https:\/\/www.ole.com.ar\/futbol-ascenso\/primera-b-ituzaingo-1-jj-urquiza-0_0_iFPzXMCIfi.html\" target=\"_self\" rel=\"noopener\"><br \/>\n<img class=\"img-responsive\" alt=\"Ituzaing\u00f3 gan\u00f3 y es puntero\" src=\"http:\/\/nuevacordoba.net\/wp-content\/uploads\/2022\/04\/dalmine-y-su-problema-con-las-rojas-7.jpg\" loading=\"lazy\"><br \/>\n<\/a>\n<\/picture>\n<\/div>\n<\/div><\/div>\n<\/div>\n<div class=\"sp__SM\">\n<div class=\"content-new \">\n<span class=\"tit-mobile\">Mir\u00e1 tambi\u00e9n<\/span><\/p>\n<div class=\"mg\">\n<div class=\"wrap-figure\">\n<picture>\n<a href=\"https:\/\/www.ole.com.ar\/futbol-ascenso\/p-nacional-nueva-chicago_0_p1OTCQk7UE.html\" target=\"_self\" rel=\"noopener\"><br \/>\n<img class=\"img-responsive\" alt=\"Otro dolor de cabeza para Alfredo Grelak\" src=\"http:\/\/nuevacordoba.net\/wp-content\/uploads\/2022\/04\/dalmine-y-su-problema-con-las-rojas-8.jpg\" loading=\"lazy\"><br \/>\n<\/a>\n<\/picture>\n<\/div>\n<\/div><\/div>\n<\/div>\n<div class=\"sp__SM\">\n<div class=\"content-new \">\n<span class=\"tit-mobile\">Mir\u00e1 tambi\u00e9n<\/span><\/p>\n<div class=\"mg\">\n<div class=\"wrap-figure\">\n<picture>\n<a href=\"https:\/\/www.ole.com.ar\/futbol-ascenso\/primera-c-midland_0_Nwaja4xmLB.html\" target=\"_self\" rel=\"noopener\"><br \/>\n<img class=\"img-responsive\" alt=\"Midland: Operaci\u00f3n exitosa y a esperar\" src=\"http:\/\/nuevacordoba.net\/wp-content\/uploads\/2022\/04\/dalmine-y-su-problema-con-las-rojas-9.jpg\" loading=\"lazy\"><br \/>\n<\/a>\n<\/picture>\n<\/div>\n<\/div><\/div>\n<\/div>\n<div class=\"entry-tags\">\n<h2>TEMAS QUE APARECEN EN ESTA NOTA<\/h2>\n<\/p><\/div>\n","protected":false},"excerpt":{"rendered":"<p>Villa D\u00e1lmine no comenz\u00f3 del todo bien en el campeonato, perdi\u00f3 cuatro, empat\u00f3 siete y gan\u00f3 solamente un partido y como si no fuera poco a los problemas futbol\u00edsticos que tiene, tambi\u00e9n se le suman otros problemas en el rearmado del equipo debido a expulsados. Mir\u00e1 tambi\u00e9n Eso es porque en estas 12 fechas ya [&hellip;]<\/p>\n","protected":false},"author":1,"featured_media":19079,"comment_status":"closed","ping_status":"closed","sticky":false,"template":"","format":"standard","meta":[],"categories":[10],"tags":[],"_links":{"self":[{"href":"http:\/\/nuevacordoba.net\/index.php\/wp-json\/wp\/v2\/posts\/19078"}],"collection":[{"href":"http:\/\/nuevacordoba.net\/index.php\/wp-json\/wp\/v2\/posts"}],"about":[{"href":"http:\/\/nuevacordoba.net\/index.php\/wp-json\/wp\/v2\/types\/post"}],"author":[{"embeddable":true,"href":"http:\/\/nuevacordoba.net\/index.php\/wp-json\/wp\/v2\/users\/1"}],"replies":[{"embeddable":true,"href":"http:\/\/nuevacordoba.net\/index.php\/wp-json\/wp\/v2\/comments?post=19078"}],"version-history":[{"count":0,"href":"http:\/\/nuevacordoba.net\/index.php\/wp-json\/wp\/v2\/posts\/19078\/revisions"}],"wp:featuredmedia":[{"embeddable":true,"href":"http:\/\/nuevacordoba.net\/index.php\/wp-json\/wp\/v2\/media\/19079"}],"wp:attachment":[{"href":"http:\/\/nuevacordoba.net\/index.php\/wp-json\/wp\/v2\/media?parent=19078"}],"wp:term":[{"taxonomy":"category","embeddable":true,"href":"http:\/\/nuevacordoba.net\/index.php\/wp-json\/wp\/v2\/categories?post=19078"},{"taxonomy":"post_tag","embeddable":true,"href":"http:\/\/nuevacordoba.net\/index.php\/wp-json\/wp\/v2\/tags?post=19078"}],"curies":[{"name":"wp","href":"https:\/\/api.w.org\/{rel}","templated":true}]}}