{"id":19080,"date":"2022-04-27T12:55:33","date_gmt":"2022-04-27T12:55:33","guid":{"rendered":"http:\/\/cordobanewsnet.wordpress.com\/?p=6829"},"modified":"2022-04-27T12:55:33","modified_gmt":"2022-04-27T12:55:33","slug":"cambia-el-tiempo-en-cordoba-se-esperan-vientos-y-tormentas","status":"publish","type":"post","link":"http:\/\/nuevacordoba.net\/index.php\/2022\/04\/27\/cambia-el-tiempo-en-cordoba-se-esperan-vientos-y-tormentas\/","title":{"rendered":"Cambia el tiempo en C\u00f3rdoba: se esperan vientos y tormentas"},"content":{"rendered":"<div><img src=\"http:\/\/nuevacordoba.net\/wp-content\/uploads\/2022\/04\/cambia-el-tiempo-en-cordoba-se-esperan-vientos-y-tormentas.jpg\" class=\"ff-og-image-inserted\"><\/div>\n<p>En&nbsp;<strong>C\u00f3rdoba<\/strong>&nbsp;habr\u00e1 que despedirse del veranito que sorprendi\u00f3 a todos en los \u00faltimos d\u00edas. Luego de que la temperatura superara los 33 grados este martes,&nbsp;<strong>un frente fr\u00edo estar\u00e1 entrando a la provincia en las pr\u00f3ximas horas.<\/strong><\/p>\n<p>Se espera<strong>&nbsp;fuerte circulaci\u00f3n del viento sur con r\u00e1fagas&nbsp;<\/strong>de hasta 80 km\/h, e incluso m\u00e1s. Seg\u00fan el pron\u00f3stico,&nbsp;<strong>el cambio de tiempo se sentir\u00e1 primero en el sur provincial,<\/strong>&nbsp;ya en la parte final de la jornada, con viento fr\u00edo y desarrollo de tormentas y chaparrones. No se descartan&nbsp;eventos intensos, con abundantes lluvias, actividad el\u00e9ctrica, vientos severos y ocasional ca\u00edda de granizo.<\/p>\n<p>Para el centro de C\u00f3rdoba y las Sierras, el cambio de tiempo llegar\u00e1 en las primeras horas del mi\u00e9rcoles,&nbsp;<strong>entre la 1 y las 3 de la madrugada<\/strong>. En este caso, se prev\u00e9 tormenta seca de viento y tierra, descenso de la temperatura y probables chaparrones aislados.<\/p>\n<p>Las marcas t\u00e9rmicas sufrir\u00e1n una fuerte baja. En relaci\u00f3n al martes, cuando la m\u00e1xima alcanz\u00f3 casi los 34 grados,&nbsp;<strong>el descenso ser\u00e1 de hasta m\u00e1s de 15 grados en C\u00f3rdoba<\/strong>.&nbsp;Para el&nbsp;<strong>mi\u00e9rcoles<\/strong>, la temperatura en la tarde rondar\u00e1 los&nbsp;<strong>19 a 21 grados<\/strong>, con m\u00ednimas bajas. El tiempo ser\u00e1 estable en la jornada, con viento soplando del sector sur.<\/p>\n<div id=\"jp-post-flair\" class=\"sharedaddy sd-like-enabled sd-sharing-enabled\">\n<div class=\"sharedaddy sd-sharing-enabled\">\n<div class=\"robots-nocontent sd-block sd-social sd-social-icon-text sd-sharing\">\n<h3 class=\"sd-title\">Share this:<\/h3>\n<\/div>\n<\/div>\n<div class=\"sharedaddy sd-block sd-like jetpack-likes-widget-wrapper jetpack-likes-widget-unloaded\" id=\"like-post-wrapper-143108178-6829-626a100a97a6e\" data-src=\"\/\/widgets.wp.com\/likes\/index.html?ver=20220105#blog_id=143108178&amp;post_id=6829&amp;origin=cordobanewsnet.wordpress.com&amp;obj_id=143108178-6829-626a100a97a6e\" data-name=\"like-post-frame-143108178-6829-626a100a97a6e\" data-title=\"Me gusta o Compartir\">\n<h3 class=\"sd-title\">Me gusta esto:<\/h3>\n<p><span class=\"button\"><span>Me gusta<\/span><\/span> <span class=\"loading\">Cargando&#8230;<\/span><\/p>\n<p><span class=\"sd-text-color\"><\/span><\/div>\n<p><h3 class=\"jp-relatedposts-headline\"><em>Relacionado<\/em><\/h3>\n<\/p>\n<\/div>\n","protected":false},"excerpt":{"rendered":"<p>En&nbsp;C\u00f3rdoba&nbsp;habr\u00e1 que despedirse del veranito que sorprendi\u00f3 a todos en los \u00faltimos d\u00edas. Luego de que la temperatura superara los 33 grados este martes,&nbsp;un frente fr\u00edo estar\u00e1 entrando a la provincia en las pr\u00f3ximas horas. Se espera&nbsp;fuerte circulaci\u00f3n del viento sur con r\u00e1fagas&nbsp;de hasta 80 km\/h, e incluso m\u00e1s. Seg\u00fan el pron\u00f3stico,&nbsp;el cambio de tiempo [&hellip;]<\/p>\n","protected":false},"author":1,"featured_media":19081,"comment_status":"closed","ping_status":"closed","sticky":false,"template":"","format":"standard","meta":[],"categories":[14],"tags":[],"_links":{"self":[{"href":"http:\/\/nuevacordoba.net\/index.php\/wp-json\/wp\/v2\/posts\/19080"}],"collection":[{"href":"http:\/\/nuevacordoba.net\/index.php\/wp-json\/wp\/v2\/posts"}],"about":[{"href":"http:\/\/nuevacordoba.net\/index.php\/wp-json\/wp\/v2\/types\/post"}],"author":[{"embeddable":true,"href":"http:\/\/nuevacordoba.net\/index.php\/wp-json\/wp\/v2\/users\/1"}],"replies":[{"embeddable":true,"href":"http:\/\/nuevacordoba.net\/index.php\/wp-json\/wp\/v2\/comments?post=19080"}],"version-history":[{"count":0,"href":"http:\/\/nuevacordoba.net\/index.php\/wp-json\/wp\/v2\/posts\/19080\/revisions"}],"wp:featuredmedia":[{"embeddable":true,"href":"http:\/\/nuevacordoba.net\/index.php\/wp-json\/wp\/v2\/media\/19081"}],"wp:attachment":[{"href":"http:\/\/nuevacordoba.net\/index.php\/wp-json\/wp\/v2\/media?parent=19080"}],"wp:term":[{"taxonomy":"category","embeddable":true,"href":"http:\/\/nuevacordoba.net\/index.php\/wp-json\/wp\/v2\/categories?post=19080"},{"taxonomy":"post_tag","embeddable":true,"href":"http:\/\/nuevacordoba.net\/index.php\/wp-json\/wp\/v2\/tags?post=19080"}],"curies":[{"name":"wp","href":"https:\/\/api.w.org\/{rel}","templated":true}]}}