{"id":19090,"date":"2022-04-28T14:46:19","date_gmt":"2022-04-28T14:46:19","guid":{"rendered":"http:\/\/nuevacordoba.net\/index.php\/2022\/04\/28\/como-todos-los-anos-israel-se-paralizo-por-el-dia-de-conmemoracion-del-holocausto\/"},"modified":"2022-04-28T14:46:19","modified_gmt":"2022-04-28T14:46:19","slug":"como-todos-los-anos-israel-se-paralizo-por-el-dia-de-conmemoracion-del-holocausto","status":"publish","type":"post","link":"http:\/\/nuevacordoba.net\/index.php\/2022\/04\/28\/como-todos-los-anos-israel-se-paralizo-por-el-dia-de-conmemoracion-del-holocausto\/","title":{"rendered":"Como todos los a\u00f1os, Israel se paraliz\u00f3 por el d\u00eda de conmemoraci\u00f3n del Holocausto"},"content":{"rendered":"<figure class=\"mb-3\"><img loading=\"lazy\" src=\"http:\/\/nuevacordoba.net\/wp-content\/uploads\/2022\/04\/como-todos-los-anos-israel-se-paralizo-por-el-dia-de-conmemoracion-del-holocausto.jpg\" width=\"100%\" height=\"100%\" alt=\"Sobrevivientes de la Sho encendieron seis antorchas Foto AFP\"><figcaption> Sobrevivientes de la Sho\u00e1 encendieron seis antorchas. (Foto: AFP). <\/figcaption><\/figure>\n<p>La vida se paraliz\u00f3 este jueves en todo Israel durante dos minutos para recordar el d\u00eda del Holocausto, en memoria de los seis millones de v\u00edctimas jud\u00edas del nazismo durante la Segunda Guerra Mundial.<\/p>\n<p>A las 10 (las 4 en la Argentina), los israel\u00edes observaron un momento de silencio, solo interrumpido por el son de las sirenas, en las calles, en los balcones de sus casas y en las puertas de comercios y oficias.<\/p>\n<p>Los automovilistas bajaron de sus coches y los colectivos se detuvieron. Los alumnos y estudiantes de todos los establecimientos escolares y universitarios respetaron tambi\u00e9n estos dos minutos de reflexi\u00f3n, relat\u00f3 la agencia de noticias AFP.<\/p>\n<blockquote class><p>Los alumnos y estudiantes de todos los establecimientos escolares y universitarios respetaron tambi\u00e9n estos dos minutos de reflexi\u00f3n<\/p><\/blockquote>\n<p>Todos los canales de televisi\u00f3n y las radios difunden desde la noche del mi\u00e9rcoles testimonios, documentales y filmes consagrados al genocidio.<\/p>\n<p><strong>Durante una ceremonia en el memorial de la Sho\u00e1 en Jerusal\u00e9n, el primer ministro israel\u00ed, Naftali Bennett, afirm\u00f3 anoche que \u00abning\u00fan acontecimiento, por m\u00e1s cruel que haya sido, es comparable al Holocausto\u00bb.<\/strong><\/p>\n<p>\u00abEl Holocausto es la expresi\u00f3n final y absoluta de los miles de a\u00f1os de antisemitismo\u00bb, agreg\u00f3.<\/p>\n<p>En la ceremonia, sobrevivientes de la Sho\u00e1 encendieron seis antorchas en memoria de los seis millones de jud\u00edos masacrados por la nazis.<\/p>\n<blockquote class><p>Sobrevivientes de la Sho\u00e1 encendieron seis antorchas en memoria de los seis millones de jud\u00edos masacrados por la nazis<\/p><\/blockquote>\n<p>De visita el mi\u00e9rcoles en el Parlamento israel\u00ed en Jerusal\u00e9n, la presidenta del Bundestag (el Parlamento alem\u00e1n), Barbel Bas, reconoci\u00f3 que \u00abla responsabilidad de Alemania\u00bb en la lucha contra el antisemitismo \u00abno termin\u00f3\u00bb.<\/p>\n<p><strong>\u00abLas lecciones del Holocausto exigen de nosotros que jam\u00e1s toleremos el surgimiento y la difusi\u00f3n del antisemitismo\u00bb, escribi\u00f3 Bas en el libro de oro del Knesset.<\/strong><\/p>\n<p>\u00abEstamos junto a Israel\u00bb, agreg\u00f3. Seg\u00fan cifras oficiales, 161.400 sobrevivientes del Holocausto viven actualmente en Israel. <\/p>\n","protected":false},"excerpt":{"rendered":"<p>Sobrevivientes de la Sho\u00e1 encendieron seis antorchas. (Foto: AFP). La vida se paraliz\u00f3 este jueves en todo Israel durante dos minutos para recordar el d\u00eda del Holocausto, en memoria de los seis millones de v\u00edctimas jud\u00edas del nazismo durante la Segunda Guerra Mundial. A las 10 (las 4 en la Argentina), los israel\u00edes observaron un [&hellip;]<\/p>\n","protected":false},"author":1,"featured_media":19091,"comment_status":"closed","ping_status":"closed","sticky":false,"template":"","format":"standard","meta":[],"categories":[13],"tags":[],"_links":{"self":[{"href":"http:\/\/nuevacordoba.net\/index.php\/wp-json\/wp\/v2\/posts\/19090"}],"collection":[{"href":"http:\/\/nuevacordoba.net\/index.php\/wp-json\/wp\/v2\/posts"}],"about":[{"href":"http:\/\/nuevacordoba.net\/index.php\/wp-json\/wp\/v2\/types\/post"}],"author":[{"embeddable":true,"href":"http:\/\/nuevacordoba.net\/index.php\/wp-json\/wp\/v2\/users\/1"}],"replies":[{"embeddable":true,"href":"http:\/\/nuevacordoba.net\/index.php\/wp-json\/wp\/v2\/comments?post=19090"}],"version-history":[{"count":0,"href":"http:\/\/nuevacordoba.net\/index.php\/wp-json\/wp\/v2\/posts\/19090\/revisions"}],"wp:featuredmedia":[{"embeddable":true,"href":"http:\/\/nuevacordoba.net\/index.php\/wp-json\/wp\/v2\/media\/19091"}],"wp:attachment":[{"href":"http:\/\/nuevacordoba.net\/index.php\/wp-json\/wp\/v2\/media?parent=19090"}],"wp:term":[{"taxonomy":"category","embeddable":true,"href":"http:\/\/nuevacordoba.net\/index.php\/wp-json\/wp\/v2\/categories?post=19090"},{"taxonomy":"post_tag","embeddable":true,"href":"http:\/\/nuevacordoba.net\/index.php\/wp-json\/wp\/v2\/tags?post=19090"}],"curies":[{"name":"wp","href":"https:\/\/api.w.org\/{rel}","templated":true}]}}