{"id":19092,"date":"2022-04-28T16:16:35","date_gmt":"2022-04-28T16:16:35","guid":{"rendered":"http:\/\/nuevacordoba.net\/index.php\/2022\/04\/28\/del-humor-negro-a-la-contemplacion-entre-padre-e-hija\/"},"modified":"2022-04-28T16:16:35","modified_gmt":"2022-04-28T16:16:35","slug":"del-humor-negro-a-la-contemplacion-entre-padre-e-hija","status":"publish","type":"post","link":"http:\/\/nuevacordoba.net\/index.php\/2022\/04\/28\/del-humor-negro-a-la-contemplacion-entre-padre-e-hija\/","title":{"rendered":"Del humor negro a la contemplaci\u00f3n entre padre e hija"},"content":{"rendered":"<figure class=\"mb-3\"><img loading=\"lazy\" src=\"http:\/\/nuevacordoba.net\/wp-content\/uploads\/2022\/04\/del-humor-negro-a-la-contemplacion-entre-padre-e-hija.jpg\" width=\"100%\" height=\"100%\" alt=\"El padeciente dirigida por Constanza Fernndez se puede entender como una comedia negra sobre un mdico eglatra y autosuficiente Foto Prensa\"><figcaption> \u00abEl pa(de)ciente\u00bb, dirigida por Constanza Fern\u00e1ndez, se puede entender como una comedia negra sobre un m\u00e9dico eg\u00f3latra y autosuficiente \/ Foto: Prensa. <\/figcaption><\/figure>\n<p>La ante\u00faltima jornada competitiva de la edici\u00f3n 23 del Bafici puso en pantalla la pel\u00edcula chilena \u00abEl pa(de)ciente\u00bb y el documental intimista mexicano \u00abMalintzin 17\u00bb, donde el humor negro con el padecimiento de un anciano m\u00e9dico, en el caso de la primera, y la contemplaci\u00f3n de la vida entre un padre y una hija, en la segunda, le comienzan a dar cierre al certamen cin\u00e9filo que culmina este domingo y que se puede seguir por el sitio Vivamos Cultura.<\/p>\n<p>Las propuestas de la Competencia Internacional que arranc\u00f3 el mi\u00e9rcoles pasado han abarcado un amplio espectro del abanico que es el cine. La programaci\u00f3n mostr\u00f3 una <strong>mayor apertura hacia el p\u00fablico con respecto a ediciones anteriores, con el humor como estandarte en historias que interpelan<\/strong>. Y esta inclinaci\u00f3n a ampliar audiencias, sin perder la necesaria veta art\u00edstica caracter\u00edstica del festival fue, quiz\u00e1, la responsable de mostrar salas en un 80 por ciento, con bares y pizzer\u00edas de las inmediaciones que recibieron un p\u00fablico poco habitu\u00e9 en d\u00edas en los que no suelen tener clientela.<\/p>\n<h2 class>\u00abEl pa(de)ciente\u00bb<\/h2>\n<p>As\u00ed, la jornada del jueves en la Competencia Internacional fue abierta por <strong>\u00abEl pa(de)ciente\u00bb<\/strong>, dirigida por Constanza Fern\u00e1ndez, que se puede entender como una comedia negra sobre un m\u00e9dico eg\u00f3latra y autosuficiente, impedido por un virus que lo enfrenta al mismo sistema en el que \u00e9l confiaba. Los conflictos familiares generados por su vida se exacerban en este sombr\u00edo panorama hospitalario.<\/p>\n<p>La pel\u00edcula, de muy buena factura narrativa, actoral y est\u00e9tica, parti\u00f3 de una experiencia familiar. La intenci\u00f3n de Fern\u00e1ndez era la de trabajar la relaci\u00f3n padre-hija y encontr\u00f3 en el libro del abuelo de su hijo los sentimientos que la movilizaron a llevar esta historia a la pantalla grande, que no s\u00f3lo <strong>interpela las relaciones personales, sino tambi\u00e9n la \u00e9tica profesional, el sistema de salud y los conflictos sociales<\/strong>.<\/p>\n<p>La realizadora, en su \u00f3pera prima, indaga el laberinto del cerebro, la familia y la burocracia del sistema de salud. Tres \u00edtems que cruzan fronteras y que pintan de lleno el alma y la vida humana. Como si estuviera bordando, <strong>Fern\u00e1ndez utiliza hilos de varios colores para formar un paisaje que hace dialogar constantemente a los diferentes elementos que lo construyen<\/strong>.<\/p>\n<figure class=\"mb-3\"><img loading=\"lazy\" src=\"http:\/\/nuevacordoba.net\/wp-content\/uploads\/2022\/04\/del-humor-negro-a-la-contemplacion-entre-padre-e-hija-1.jpg\" width=\"100%\" height=\"100%\" alt=\"La pelcula llega a este Bafici tras ganar en el Festival Latinoamericano de Huelva Foto Prensa\"><figcaption> La pel\u00edcula llega a este Bafici tras ganar en el Festival Latinoamericano de Huelva \/ Foto: Prensa. <\/figcaption><\/figure>\n<p>Las hijas intentan comprender la mente de su padre en el mismo momento en que \u00e9l intenta sortear los mil tr\u00e1mites para conseguir una habitaci\u00f3n en la cl\u00ednica. La esposa juega de equilibrista en este tire y afloje vincular, de la misma manera en que algunos de los m\u00e9dicos intentan humanizar la mec\u00e1nica sanitaria.<\/p>\n<p>\u00abEl pa(de)ciente\u00bb indaga en el interior del Dr. Sergio Graf como un m\u00e9dico indaga en el cuerpo humano, aunque la sustancial diferencia entre uno y otro radica en la delicadeza an\u00edmica con la que Fern\u00e1ndez ingresa a su personaje, en contraposici\u00f3n con el mecanicismo de la ciencia dura. La pel\u00edcula llega a este Bafici tras ganar en el Festival Latinoamericano de Huelva.<\/p>\n<h2 class>\u00abMalintzin 17\u00bb<\/h2>\n<p>En segundo t\u00e9rmino se proyect\u00f3 \u00abMalintzin 17\u00bb, de los hermanos <strong>Eugenio y Mara Poglovsky<\/strong>, documental filmado en 2016 por el director en la intimidad de su casa junto a su peque\u00f1a hija Milena, mientras entre ambos observan a una paloma que eligi\u00f3 el cableado el\u00e9ctrico para poner su nido. Con tres largometrajes a cuestas, Eugenio Poglovsky falleci\u00f3 en Londres a los 40 a\u00f1os, un a\u00f1o despu\u00e9s de filmar la pel\u00edcula, que luego culmin\u00f3 su hermana.<\/p>\n<p>Eugenio y Milena se sorprenden y preguntan c\u00f3mo puede ser que un ave elija algo tan artificial y representativo de la modernidad como un cable de alta tensi\u00f3n, en vez de anidar en el \u00e1rbol que tiene a pocos metros. <strong>Entre los dos discurren, en clave de ni\u00f1o, acerca del avance del hombre sobre la naturaleza y de c\u00f3mo esta se fue adaptando a la invasi\u00f3n humana<\/strong>.<\/p>\n<figure class=\"mb-3\"><img loading=\"lazy\" src=\"http:\/\/nuevacordoba.net\/wp-content\/uploads\/2022\/04\/del-humor-negro-a-la-contemplacion-entre-padre-e-hija-2.jpg\" width=\"100%\" height=\"100%\" alt=\"En el documental intimista mexicano Malintzin 17 apuesta al humor negro con el padecimiento de un anciano mdico Foto Prensa\"><figcaption> En el documental intimista mexicano \u00bbMalintzin 17\u00bb apuesta al humor negro con el padecimiento de un anciano m\u00e9dico \/ Foto: Prensa. <\/figcaption><\/figure>\n<p>Se ve pasar a una ardilla por el cabler\u00edo y una ara\u00f1a que teje a cent\u00edmetros del nido. Abajo, vecinos pasean con correa a sus perros y levantan sus excrementos como el cami\u00f3n de la basura los desechos. Trabajadores van y vienen. En la casa de enfrente, con un bello jard\u00edn, dos ancianos cortan el pasto mientras el cartero tira la carta por una hendija del port\u00f3n.<\/p>\n<p>Como si fuera la \u00abVentana Indiscreta\u00bb, de Alfred Hitchcock, pero sin la tensi\u00f3n del suspense, Eugenio observa imparcial lo que sucede alrededor. El \u00ab\u00bfpor qu\u00e9?\u00bb parte del adulto hacia el ni\u00f1o. \u00bfPor qu\u00e9 cree que la paloma no se va del nido? \u00bfPor qu\u00e9 cree que la ardilla no se acerca? Con voz ani\u00f1ada, Eugenio se mimetiza con su hija y hace salir a su chico interior.<\/p>\n<p>La c\u00e1mara se posa sobre el ave. La observa bajo la lluvia, sobre el cable. Puede ser una met\u00e1fora del humano que nace en la naturaleza y se adapta a vivir en la tecnolog\u00eda. O, por el contrario, puede ser un simple plano que a Eugenio le gust\u00f3 filmar y a Mara le pareci\u00f3 bien dejar. Un plano de relleno, como se suele decir.<\/p>\n<p>Como si fuera su epitafio, <strong>Eugenio dej\u00f3 al mundo un instante \u00edntimo con su hija a meses de morir<\/strong>. Imposible saber las intenciones del director en ese momento. Solo se puede saber que est\u00e1 all\u00ed en la pantalla con, es cierto, un lenguaje poco accesible, pero que tambi\u00e9n se puede disfrutar. O contemplar.<\/p>\n","protected":false},"excerpt":{"rendered":"<p>\u00abEl pa(de)ciente\u00bb, dirigida por Constanza Fern\u00e1ndez, se puede entender como una comedia negra sobre un m\u00e9dico eg\u00f3latra y autosuficiente \/ Foto: Prensa. La ante\u00faltima jornada competitiva de la edici\u00f3n 23 del Bafici puso en pantalla la pel\u00edcula chilena \u00abEl pa(de)ciente\u00bb y el documental intimista mexicano \u00abMalintzin 17\u00bb, donde el humor negro con el padecimiento de [&hellip;]<\/p>\n","protected":false},"author":1,"featured_media":19093,"comment_status":"closed","ping_status":"closed","sticky":false,"template":"","format":"standard","meta":[],"categories":[9],"tags":[],"_links":{"self":[{"href":"http:\/\/nuevacordoba.net\/index.php\/wp-json\/wp\/v2\/posts\/19092"}],"collection":[{"href":"http:\/\/nuevacordoba.net\/index.php\/wp-json\/wp\/v2\/posts"}],"about":[{"href":"http:\/\/nuevacordoba.net\/index.php\/wp-json\/wp\/v2\/types\/post"}],"author":[{"embeddable":true,"href":"http:\/\/nuevacordoba.net\/index.php\/wp-json\/wp\/v2\/users\/1"}],"replies":[{"embeddable":true,"href":"http:\/\/nuevacordoba.net\/index.php\/wp-json\/wp\/v2\/comments?post=19092"}],"version-history":[{"count":0,"href":"http:\/\/nuevacordoba.net\/index.php\/wp-json\/wp\/v2\/posts\/19092\/revisions"}],"wp:featuredmedia":[{"embeddable":true,"href":"http:\/\/nuevacordoba.net\/index.php\/wp-json\/wp\/v2\/media\/19093"}],"wp:attachment":[{"href":"http:\/\/nuevacordoba.net\/index.php\/wp-json\/wp\/v2\/media?parent=19092"}],"wp:term":[{"taxonomy":"category","embeddable":true,"href":"http:\/\/nuevacordoba.net\/index.php\/wp-json\/wp\/v2\/categories?post=19092"},{"taxonomy":"post_tag","embeddable":true,"href":"http:\/\/nuevacordoba.net\/index.php\/wp-json\/wp\/v2\/tags?post=19092"}],"curies":[{"name":"wp","href":"https:\/\/api.w.org\/{rel}","templated":true}]}}