{"id":19096,"date":"2022-04-28T15:00:35","date_gmt":"2022-04-28T15:00:35","guid":{"rendered":"http:\/\/cordobanewsnet.wordpress.com\/?p=6832"},"modified":"2022-04-28T15:00:35","modified_gmt":"2022-04-28T15:00:35","slug":"choque-multiple-y-fatal-en-10-dias-definen-si-el-conductor-va-preso","status":"publish","type":"post","link":"http:\/\/nuevacordoba.net\/index.php\/2022\/04\/28\/choque-multiple-y-fatal-en-10-dias-definen-si-el-conductor-va-preso\/","title":{"rendered":"Choque m\u00faltiple y fatal: en 10 d\u00edas definen si el conductor va preso"},"content":{"rendered":"<p>Me persegu\u00eda el diablo, por suerte lo mat\u00e9\u201d, dijo&nbsp;<strong>Franco Nicol\u00e1s Cabrera Guevara (19)<\/strong>&nbsp;luego de provocar un&nbsp;<strong>choque m\u00faltiple y fatal en barrio General Bustos&nbsp;<\/strong>a principios de marzo de este a\u00f1o. Se estima que circulaba a m\u00e1s de 150 km\/h cuando arras\u00f3 con siete autos y mat\u00f3 a un motociclista de 29 a\u00f1os.<\/p>\n<p>La familia del conductor revel\u00f3 a este medio que desde hace tiempo es&nbsp;<strong><a href=\"http:\/\/eldoce.tv\/sociedad\/choque-multiple-fatal-conto-sobrino-sigue-delirando-hablo-drama-drogas-barrio-general-bustos-cordoba_126556\" target=\"_blank\" rel=\"noreferrer noopener\">adicto a las drogas y fue sometido a todo tipo de tratamientos<\/a><\/strong>. \u201cEs una persona que no est\u00e1 bien\u201d, hab\u00eda dicho su t\u00edo, quien confirm\u00f3 antecedentes por violencia y por causar desorden p\u00fablico. Inclusive record\u00f3 que su sobrino estuvo detenido e internado.<\/p>\n<p>A m\u00e1s de un mes de la tragedia, el fiscal Andr\u00e9s Godoy confirm\u00f3 a<em><strong>ElDoce.tv<\/strong><\/em>&nbsp;que Cabrera Guevara<strong>&nbsp;\u201cen principio es imputable\u201d y est\u00e1 detenido<\/strong>. El martes fue indagado por el delito de<strong>&nbsp;homicidio culposo agravado&nbsp;<\/strong>y confes\u00f3 qu\u00e9 tom\u00f3 antes de subirse al Jeep Grand Cherokee, que rob\u00f3 de una clienta del taller de su pap\u00e1.<\/p>\n<p>Godoy detall\u00f3 que analiza el resultado del informe qu\u00edmico -dijo que a\u00fan no puede revelarlo- y a\u00fan espera las pericias t\u00e9cnicas para conocer a qu\u00e9 velocidad circulaba aquella tarde de verano que caus\u00f3 una tragedia.&nbsp;<\/p>\n<p>Al ser consultado si la excarcelaci\u00f3n se har\u00eda efectiva, como en el caso de&nbsp;<a href=\"https:\/\/eldoce.tv\/personajes\/alan-amoedo\" target=\"_blank\" rel=\"noreferrer noopener\"><strong>Alan Amoedo<\/strong><\/a>, sentenci\u00f3:&nbsp;<strong>\u00abSe est\u00e1 analizando ese extremo\u00bb<\/strong>.&nbsp;En los pr\u00f3ximos 10 d\u00edas, resolver\u00e1<strong>&nbsp;\u201csi sale en libertad o va a juicio con prisi\u00f3n preventiva\u201d<\/strong>.<\/p>\n<p>Y aclar\u00f3 que el consumo de sustancias -que confirma el informe qu\u00edmico- puede agravar la pena porque \u201ces una calificante\u201d, al igual que el exceso de velocidad y no tener licencia de conducir.<\/p>\n<p><em><strong>&nbsp;+ Las fotos del m\u00faltiple choque fatal en barrio General Bustos<\/strong><\/em><\/p>\n<figure class=\"wp-block-image\"><img src=\"http:\/\/nuevacordoba.net\/wp-content\/uploads\/2022\/04\/choque-multiple-y-fatal-en-10-dias-definen-si-el-conductor-va-preso.jpg\" alt=\"Im\u00e1genes del choque\" title=\"Im\u00e1genes del choque\"><\/figure>\n<p>Un joven choc\u00f3 m\u00e1s de siete autos y mat\u00f3 a un motociclista.<\/p>\n<p><strong>Lo investigan bajo la misma car\u00e1tula que Alan Amoedo<\/strong><\/p>\n<p>Franco Nicol\u00e1s Cabrera Guevara provoc\u00f3 una tragedia en barrio General Bustos. Despu\u00e9s de arrasar con siete veh\u00edculos, atropell\u00f3 y mat\u00f3 a Gonzalo Uliana.&nbsp;<\/p>\n<p>El hombre de 29 a\u00f1os circulaba en la moto de su excu\u00f1ado, a quien se le pidi\u00f3 prestada. Minutos antes del lamentable desenlace, hab\u00eda llevado a su hijo de 11 a\u00f1os al m\u00e9dico.&nbsp;<strong>La familia de la v\u00edctima pidi\u00f3 se aplique la figura de dolo eventual<\/strong>.<\/p>\n<figure class=\"wp-block-image\"><img src=\"http:\/\/nuevacordoba.net\/wp-content\/uploads\/2022\/04\/choque-multiple-y-fatal-en-10-dias-definen-si-el-conductor-va-preso-1.jpg\" alt=\"Im\u00e1genes del choque\"><\/figure>\n<p>Se trata del mismo reclamo de la familia&nbsp;<strong>Sol Vi\u00f1olo y Agust\u00edn Burgos<\/strong>, quienes murieron atropellados por Alan Amoedo \u2013conduc\u00eda alcoholizado y drogado- en avenida Circunvalaci\u00f3n el 17 de mayo del a\u00f1o pasado. Fernanda Guardia fue la \u00fanica sobreviviente y qued\u00f3 con graves secuelas.<\/p>\n<p>Tambi\u00e9n exigen que Amoedo sea imputado por&nbsp;<strong><a href=\"https:\/\/eldoce.tv\/sociedad\/tragedia-circunvalacion-vamos-ir-juicio-cambiar-caratula-contra-alan-amoedo-sol-vinolo-agustin-burgos-fernanda-guardia-cordoba_125250\" target=\"_blank\" rel=\"noreferrer noopener\">homicidio doloso eventual<\/a>, una figura que implica una pena mayor y de prisi\u00f3n efectiva<\/strong>. El juicio est\u00e1 previsto el d\u00eda del primer aniversario del siniestro vial. El autor de la tragedia solo estuvo detenido 19 d\u00edas. Se sentar\u00e1 en el banquillo de los acusados mientras goza de su libertad.<\/p>\n<figure class=\"wp-block-image\"><img src=\"http:\/\/nuevacordoba.net\/wp-content\/uploads\/2022\/04\/choque-multiple-y-fatal-en-10-dias-definen-si-el-conductor-va-preso-2.jpg\" alt=\"ALAN AMODEO\"><\/figure>\n<div id=\"jp-post-flair\" class=\"sharedaddy sd-like-enabled sd-sharing-enabled\">\n<div class=\"sharedaddy sd-sharing-enabled\">\n<div class=\"robots-nocontent sd-block sd-social sd-social-icon-text sd-sharing\">\n<h3 class=\"sd-title\">Share this:<\/h3>\n<\/div>\n<\/div>\n<div class=\"sharedaddy sd-block sd-like jetpack-likes-widget-wrapper jetpack-likes-widget-unloaded\" id=\"like-post-wrapper-143108178-6832-626af5d4c17eb\" data-src=\"\/\/widgets.wp.com\/likes\/index.html?ver=20220105#blog_id=143108178&amp;post_id=6832&amp;origin=cordobanewsnet.wordpress.com&amp;obj_id=143108178-6832-626af5d4c17eb\" data-name=\"like-post-frame-143108178-6832-626af5d4c17eb\" data-title=\"Me gusta o Compartir\">\n<h3 class=\"sd-title\">Me gusta esto:<\/h3>\n<p><span class=\"button\"><span>Me gusta<\/span><\/span> <span class=\"loading\">Cargando&#8230;<\/span><\/p>\n<p><span class=\"sd-text-color\"><\/span><\/div>\n<p><h3 class=\"jp-relatedposts-headline\"><em>Relacionado<\/em><\/h3>\n<\/p>\n<\/div>\n","protected":false},"excerpt":{"rendered":"<p>Me persegu\u00eda el diablo, por suerte lo mat\u00e9\u201d, dijo&nbsp;Franco Nicol\u00e1s Cabrera Guevara (19)&nbsp;luego de provocar un&nbsp;choque m\u00faltiple y fatal en barrio General Bustos&nbsp;a principios de marzo de este a\u00f1o. Se estima que circulaba a m\u00e1s de 150 km\/h cuando arras\u00f3 con siete autos y mat\u00f3 a un motociclista de 29 a\u00f1os. La familia del conductor [&hellip;]<\/p>\n","protected":false},"author":1,"featured_media":19097,"comment_status":"closed","ping_status":"closed","sticky":false,"template":"","format":"standard","meta":[],"categories":[14],"tags":[],"_links":{"self":[{"href":"http:\/\/nuevacordoba.net\/index.php\/wp-json\/wp\/v2\/posts\/19096"}],"collection":[{"href":"http:\/\/nuevacordoba.net\/index.php\/wp-json\/wp\/v2\/posts"}],"about":[{"href":"http:\/\/nuevacordoba.net\/index.php\/wp-json\/wp\/v2\/types\/post"}],"author":[{"embeddable":true,"href":"http:\/\/nuevacordoba.net\/index.php\/wp-json\/wp\/v2\/users\/1"}],"replies":[{"embeddable":true,"href":"http:\/\/nuevacordoba.net\/index.php\/wp-json\/wp\/v2\/comments?post=19096"}],"version-history":[{"count":0,"href":"http:\/\/nuevacordoba.net\/index.php\/wp-json\/wp\/v2\/posts\/19096\/revisions"}],"wp:featuredmedia":[{"embeddable":true,"href":"http:\/\/nuevacordoba.net\/index.php\/wp-json\/wp\/v2\/media\/19097"}],"wp:attachment":[{"href":"http:\/\/nuevacordoba.net\/index.php\/wp-json\/wp\/v2\/media?parent=19096"}],"wp:term":[{"taxonomy":"category","embeddable":true,"href":"http:\/\/nuevacordoba.net\/index.php\/wp-json\/wp\/v2\/categories?post=19096"},{"taxonomy":"post_tag","embeddable":true,"href":"http:\/\/nuevacordoba.net\/index.php\/wp-json\/wp\/v2\/tags?post=19096"}],"curies":[{"name":"wp","href":"https:\/\/api.w.org\/{rel}","templated":true}]}}