{"id":1912,"date":"2021-03-10T22:46:24","date_gmt":"2021-03-10T22:46:24","guid":{"rendered":"https:\/\/www.ole.com.ar\/futbol-ascenso\/quilmes-emmanuel-culio_0_VF_a3s-3Y.html"},"modified":"2021-03-10T22:46:24","modified_gmt":"2021-03-10T22:46:24","slug":"punto-final-para-culio","status":"publish","type":"post","link":"http:\/\/nuevacordoba.net\/index.php\/2021\/03\/10\/punto-final-para-culio\/","title":{"rendered":"Punto final para Culio"},"content":{"rendered":"<div><img src=\"http:\/\/nuevacordoba.net\/wp-content\/uploads\/2021\/03\/punto-final-para-culio.jpg\" class=\"ff-og-image-inserted\"><\/div>\n<p>La cabeza de un jugador de f\u00fatbol gira m\u00e1s all\u00e1 de una pelota. Detr\u00e1s de los peinados modernos, los ca\u00f1os y los gritos de gol, existe una persona con sentimientos: un hombre de carne y hueso que piensa, razona y siente. A veces no es sencillo tomar decisiones en medio del exitismo y la demanda de los hinchas. Emmanuel Culio volvi\u00f3 a sentir que su cuerpo necesitaba parar la pelota y desconectarse. Es una situaci\u00f3n repetida, pero sincera. Por eso, el volante de 37 opt\u00f3 rescindir su contrato con Quilmes.<\/p>\n<p>El primer parate lo hizo en noviembre del a\u00f1o pasado, pocos d\u00edas antes del reinicio de la competencia, a ra\u00edz de la grave enfermedad de su mujer. \u201cRecuerdo que tom\u00e9 la decisi\u00f3n tras el partido amistoso contra Platense, en el que me fui expulsado y pate\u00e9 una silla\u201d, record\u00f3 el jugador hace pocas semanas en di\u00e1logo con <strong>Ol\u00e9<\/strong>. En ese momento, Emma se pidi\u00f3 una licencia sin goce de sueldo para enfocar en el dif\u00edcil momento personal.<\/p>\n<p>Luego de unos meses y con el foco puesto en el nuevo torneo, Culio retorn\u00f3 a comienzos de febrero a los entrenamientos. \u201cEsta todo mucho mejor y por eso estoy regres\u00e9\u201d, cont\u00f3. Sin embargo, pese a que estaba en los planes de Facundo Sava para jugar desde el arranque ante Riestra, el volante dejar\u00e1 el Cervecero.<\/p>\n<p>\u00bfEl motivo? Si bien la situaci\u00f3n familiar no empeor\u00f3, el jugador consider\u00f3 que no estaban las condiciones dadas para seguir jugando en Quilmes.<\/p>\n<div class=\"entry-tags\">\n<h2>TEMAS QUE APARECEN EN ESTA NOTA<\/h2>\n<\/p><\/div>\n","protected":false},"excerpt":{"rendered":"<p>La cabeza de un jugador de f\u00fatbol gira m\u00e1s all\u00e1 de una pelota. Detr\u00e1s de los peinados modernos, los ca\u00f1os y los gritos de gol, existe una persona con sentimientos: un hombre de carne y hueso que piensa, razona y siente. A veces no es sencillo tomar decisiones en medio del exitismo y la demanda [&hellip;]<\/p>\n","protected":false},"author":1,"featured_media":1913,"comment_status":"closed","ping_status":"closed","sticky":false,"template":"","format":"standard","meta":[],"categories":[10],"tags":[],"_links":{"self":[{"href":"http:\/\/nuevacordoba.net\/index.php\/wp-json\/wp\/v2\/posts\/1912"}],"collection":[{"href":"http:\/\/nuevacordoba.net\/index.php\/wp-json\/wp\/v2\/posts"}],"about":[{"href":"http:\/\/nuevacordoba.net\/index.php\/wp-json\/wp\/v2\/types\/post"}],"author":[{"embeddable":true,"href":"http:\/\/nuevacordoba.net\/index.php\/wp-json\/wp\/v2\/users\/1"}],"replies":[{"embeddable":true,"href":"http:\/\/nuevacordoba.net\/index.php\/wp-json\/wp\/v2\/comments?post=1912"}],"version-history":[{"count":0,"href":"http:\/\/nuevacordoba.net\/index.php\/wp-json\/wp\/v2\/posts\/1912\/revisions"}],"wp:featuredmedia":[{"embeddable":true,"href":"http:\/\/nuevacordoba.net\/index.php\/wp-json\/wp\/v2\/media\/1913"}],"wp:attachment":[{"href":"http:\/\/nuevacordoba.net\/index.php\/wp-json\/wp\/v2\/media?parent=1912"}],"wp:term":[{"taxonomy":"category","embeddable":true,"href":"http:\/\/nuevacordoba.net\/index.php\/wp-json\/wp\/v2\/categories?post=1912"},{"taxonomy":"post_tag","embeddable":true,"href":"http:\/\/nuevacordoba.net\/index.php\/wp-json\/wp\/v2\/tags?post=1912"}],"curies":[{"name":"wp","href":"https:\/\/api.w.org\/{rel}","templated":true}]}}