{"id":19120,"date":"2022-04-29T14:26:12","date_gmt":"2022-04-29T14:26:12","guid":{"rendered":"http:\/\/nuevacordoba.net\/index.php\/2022\/04\/29\/joan-manuel-serrat-inicio-su-gira-de-despedida\/"},"modified":"2022-04-29T14:26:12","modified_gmt":"2022-04-29T14:26:12","slug":"joan-manuel-serrat-inicio-su-gira-de-despedida","status":"publish","type":"post","link":"http:\/\/nuevacordoba.net\/index.php\/2022\/04\/29\/joan-manuel-serrat-inicio-su-gira-de-despedida\/","title":{"rendered":"Joan Manuel Serrat inici\u00f3 su gira de despedida"},"content":{"rendered":"<figure class=\"mb-3\"><img loading=\"lazy\" src=\"http:\/\/nuevacordoba.net\/wp-content\/uploads\/2022\/04\/joan-manuel-serrat-inicio-su-gira-de-despedida.jpg\" width=\"100%\" height=\"100%\" alt=\"El cantautor cataln inici su gira internacional de despedida en el Beacon Theatre de Nueva York\"><figcaption> El cantautor catal\u00e1n inici\u00f3 su gira internacional de despedida en el Beacon Theatre de Nueva York. <\/figcaption><\/figure>\n<p>Joan Manuel Serrat inici\u00f3 en la noche del jueves, en el Beacon Theatre de Nueva York, su gira internacional de despedida \u00abEl vicio de cantar 1965-2022\u00bb, que recalar\u00e1 en Argentina en noviembre pr\u00f3ximo para ofrecer cuatro shows en el Movistar Arena.<\/p>\n<p>Despu\u00e9s de una inactividad forzosa, obligada por la pandemia, Serrat regres\u00f3 a los escenarios para despedirse personalmente del p\u00fablico con el que comparti\u00f3 sus canciones durante m\u00e1s de medio siglo.<\/p>\n<p>Con el show en Nueva York puso en marcha la gira que lo llevar\u00e1 por escenarios de Estados Unidos, Puerto Rico, Rep\u00fablica Dominicana, M\u00e9xico, Colombia, Costa Rica, Espa\u00f1a, Argentina y Uruguay para, finalmente, cerrar el 23 de diciembre en el Palau Sant Jordi de Barcelona.<\/p>\n<figure class=\"mb-3\"><img loading=\"lazy\" src=\"http:\/\/nuevacordoba.net\/wp-content\/uploads\/2022\/04\/joan-manuel-serrat-inicio-su-gira-de-despedida-1.jpg\" width=\"100%\" height=\"100%\" alt=\"El cantautor cataln inici su gira internacional de despedida en el Beacon Theatre de Nueva York\"><figcaption> El cantautor catal\u00e1n inici\u00f3 su gira internacional de despedida en el Beacon Theatre de Nueva York. <\/figcaption><\/figure>\n<p>En Buenos Aires el cantautor se encuentra a punto de agotar los cuatro shows previstos en el Movistar Arena para el 19, 20, 25 y 26 de noviembre.<\/p>\n<p>\u00abHan sido dos a\u00f1os largos duros con grandes p\u00e9rdidas y con mucho tiempo de reflexi\u00f3n, he pensado que todo es muy fr\u00e1gil y que est\u00e1 bien: antes que me reitre una pandemia como me ten\u00eda retirado, antes que me retire el tiempo o que me retire la gente, me retiro yo; pero me retiro de subirme a los escenarios, no de vivir\u00bb, dijo en 2021 en el programa televisivo argentino \u00abLa Pe\u00f1a de Morfi\u00bb (Telefe).<\/p>\n<p>En ese momento, el trovador de 77 a\u00f1os agreg\u00f3 que por eso se plante\u00f3 \u00abir al lugar m\u00e1s natural para hacerlo, con el p\u00fablico enfrente, lleno de gratitud y alegr\u00eda\u00bb.<\/p>\n","protected":false},"excerpt":{"rendered":"<p>El cantautor catal\u00e1n inici\u00f3 su gira internacional de despedida en el Beacon Theatre de Nueva York. Joan Manuel Serrat inici\u00f3 en la noche del jueves, en el Beacon Theatre de Nueva York, su gira internacional de despedida \u00abEl vicio de cantar 1965-2022\u00bb, que recalar\u00e1 en Argentina en noviembre pr\u00f3ximo para ofrecer cuatro shows en el [&hellip;]<\/p>\n","protected":false},"author":1,"featured_media":19121,"comment_status":"closed","ping_status":"closed","sticky":false,"template":"","format":"standard","meta":[],"categories":[9],"tags":[],"_links":{"self":[{"href":"http:\/\/nuevacordoba.net\/index.php\/wp-json\/wp\/v2\/posts\/19120"}],"collection":[{"href":"http:\/\/nuevacordoba.net\/index.php\/wp-json\/wp\/v2\/posts"}],"about":[{"href":"http:\/\/nuevacordoba.net\/index.php\/wp-json\/wp\/v2\/types\/post"}],"author":[{"embeddable":true,"href":"http:\/\/nuevacordoba.net\/index.php\/wp-json\/wp\/v2\/users\/1"}],"replies":[{"embeddable":true,"href":"http:\/\/nuevacordoba.net\/index.php\/wp-json\/wp\/v2\/comments?post=19120"}],"version-history":[{"count":0,"href":"http:\/\/nuevacordoba.net\/index.php\/wp-json\/wp\/v2\/posts\/19120\/revisions"}],"wp:featuredmedia":[{"embeddable":true,"href":"http:\/\/nuevacordoba.net\/index.php\/wp-json\/wp\/v2\/media\/19121"}],"wp:attachment":[{"href":"http:\/\/nuevacordoba.net\/index.php\/wp-json\/wp\/v2\/media?parent=19120"}],"wp:term":[{"taxonomy":"category","embeddable":true,"href":"http:\/\/nuevacordoba.net\/index.php\/wp-json\/wp\/v2\/categories?post=19120"},{"taxonomy":"post_tag","embeddable":true,"href":"http:\/\/nuevacordoba.net\/index.php\/wp-json\/wp\/v2\/tags?post=19120"}],"curies":[{"name":"wp","href":"https:\/\/api.w.org\/{rel}","templated":true}]}}