{"id":1914,"date":"2021-03-11T07:05:50","date_gmt":"2021-03-11T07:05:50","guid":{"rendered":"http:\/\/nuevacordoba.net\/index.php\/2021\/03\/11\/un-47-mas-caro-se-reenciende-el-plan-de-llaryora-para-hacer-pie-en-los-barrios\/"},"modified":"2021-03-11T07:05:50","modified_gmt":"2021-03-11T07:05:50","slug":"un-47-mas-caro-se-reenciende-el-plan-de-llaryora-para-hacer-pie-en-los-barrios","status":"publish","type":"post","link":"http:\/\/nuevacordoba.net\/index.php\/2021\/03\/11\/un-47-mas-caro-se-reenciende-el-plan-de-llaryora-para-hacer-pie-en-los-barrios\/","title":{"rendered":"Un 47% m\u00e1s caro, se reenciende el plan de Llaryora para hacer pie en los barrios"},"content":{"rendered":"<div><img src=\"http:\/\/nuevacordoba.net\/wp-content\/uploads\/2021\/03\/un-47-mas-caro-se-reenciende-el-plan-de-llaryora-para-hacer-pie-en-los-barrios.jpg\" class=\"ff-og-image-inserted\"><\/div>\n<p>La cuarentena derivada de la pandemia de coronavirus dej\u00f3 innumerables secuelas en los m\u00e1s variados aspectos. Uno de esos problemas fue la paralizaci\u00f3n casi total \u2013y por varios meses del a\u00f1o pasado\u2013 de la obra p\u00fablica en C\u00f3rdoba, cuando todos los ca\u00f1ones se enfocaron en ponerle un freno a la crisis sanitaria.<\/p>\n<p>En ese contexto, en marzo de 2020 y cuando el Covid-19 reci\u00e9n llegaba a nuestro vocabulario habitual, se cay\u00f3 el plan del intendente capitalino Mart\u00edn Llaryora de fortalecer su desembarco en los barrios de la ciudad a partir de la instalaci\u00f3n de 15 mil luminarias.<\/p>\n<p>Ahora, a casi un a\u00f1o de haberse suspendido las licitaciones, los trabajos se vuelven a compulsar este viernes.<\/p>\n<p>El plan es el mismo, el objetivo tambi\u00e9n, pero el costo \u2013inflaci\u00f3n y d\u00f3lar mediante\u2013 se multiplic\u00f3: ahora saldr\u00e1 un 47 por ciento m\u00e1s.<\/p>\n<div class=\"block-ad-node\">\n<div>\n<p> <span>Publicidad<\/span> <\/p>\n<\/div>\n<\/div>\n<p>El proyecto busca apresurar Rutas Seguras, el programa de iluminaci\u00f3n traspolado desde la Provincia y punta de lanza de Llaryora para consolidar su imagen en el coraz\u00f3n de los barrios de la capital.<\/p>\n<p>La licitaci\u00f3n que qued\u00f3 trunca en 2020 preve\u00eda un presupuesto oficial de 572,4 millones de pesos para el total del proyecto (el plan se licita subdividido en cuatro zonas geogr\u00e1ficas a raz\u00f3n de 143,1 millones cada una).<\/p>\n<p>Ahora, el presupuesto oficial ascendi\u00f3 de 842 millones de pesos: 269,6 millones para cada uno de los cuatro sectores de la ciudad. Adem\u00e1s, en la \u00faltima nota aclaratoria el llamado a licitaci\u00f3n consigna \u00aba valores del mes de octubre de 2020\u00bb, con lo que a la hora de afrontar el pago, se deber\u00e1 contemplar la suba de costos relacionados con las obras entre ese mes y la fecha de adjudicaci\u00f3n.<\/p>\n<p>Redes Seguras apunta a instalar 15 mil \u00abpuntos de luz\u00bb, entre luminarias completas y refuncionalizaci\u00f3n de instalaciones existentes. Fue anunciado hace exactamente un a\u00f1o por Llaryora en la apertura de las sesiones ordinarias del Concejo Deliberante en una escuela de barrio San Vicente.<\/p>\n<p class=\"SubTitulo\">Puntos de luz<\/p>\n<div class=\"block-ad-node\">\n<div>\n<p> <span>Publicidad<\/span> <\/p>\n<\/div>\n<\/div>\n<p>Los pliegos t\u00e9cnicos, que son los mismos del a\u00f1o pasado, contemplan la instalaci\u00f3n o reacondicionamiento de 15 mil \u00abpuntos de luz\u00bb, 3.750 en cada sector.<\/p>\n<p>En cada cuadrante en los que se dividi\u00f3 la ciudad para organizar la licitaci\u00f3n se colocar\u00e1n 12 mil luminarias completamente nuevas (3.000 en cada zona), desde los postes de metal hasta el acondicionamiento del conjunto para la colocaci\u00f3n de luces con tecnolog\u00eda led de entre 70 y 180 Watts de potencia, las que ser\u00e1n provistas por Epec. En todos los casos, con la instalaci\u00f3n incluida.<\/p>\n<p>La idea es agregar iluminaci\u00f3n en zonas estrat\u00e9gicas de cada barriada, de forma de ayudar en la reducci\u00f3n de la inseguridad.<\/p>\n<div class=\"block-ad-node\">\n<div>\n<p> <span>Publicidad<\/span> <\/p>\n<\/div>\n<\/div>\n<p>Desde la Municipalidad indicaron que se busca \u00abgarantizar que est\u00e9 encendido el 25 por ciento de cada barrio por donde transita el 80 por ciento de los vecinos\u00bb.<\/p>\n<p>El programa apunta a intervenir cinco mil cuadras.<\/p>\n<p>Los sitios exactos donde se colocar\u00e1n las nuevas luminarias o se acondicionar\u00e1n las existentes ya han sido identificados por la Municipalidad.<\/p>\n<p>En el proceso de selecci\u00f3n participaron distintos actores de la sociedad civil de cada barriada, en acuerdo con especialistas que tuvieron en cuenta criterios t\u00e9cnicos para el primer se\u00f1alamiento.<\/p>\n<p>Los puntos se ajustaron teniendo en cuenta las avenidas y calles principales, pero tambi\u00e9n los recorridos de los colectivos, y la ubicaci\u00f3n de centros vecinales, dispensarios, escuelas, centros religiosos y clubes.<\/p>\n<p>Volviendo al presupuesto, de un promedio de 38 mil pesos por cada punto de luz, el costo estimativo oficial se elev\u00f3 a poco m\u00e1s de 56 mil, siempre a valores de octubre pasado.<\/p>\n<p>Para financiar parte del plan, la Epec se quedar\u00e1 con los fondos que provienen de la contribuci\u00f3n que incide sobre la prestaci\u00f3n del alumbrado p\u00fablico y que se cobra a trav\u00e9s de un plus del 8,9 por ciento en las boletas de luz. Hasta enero, esa tasa era del 7,6 por ciento.<\/p>\n<p>Por otra parte, el 18 de marzo, se abrir\u00e1n los sobres de otra licitaci\u00f3n de Epec para la adecuaci\u00f3n de otras 400 luminarias en distintos barrios de la ciudad. \u00abSe trata de un saldo de obras de iluminaci\u00f3n que quedaron pendientes de la gesti\u00f3n anterior en la Municipalidad\u00bb, indicaron desde la el\u00e9ctrica. El presupuesto oficial alcanza los 21,1 millones de pesos.<\/p>\n<p>En paralelo, la Municipalidad proyecta un plan de instalaci\u00f3n de otras 10 mil nuevas led con un presupuesto de casi 120 millones de pesos. Esto incluye l\u00e1mparas, cables, grampas y jabalinas.<\/p>\n<p class=\"SubTitulo\">Financiamiento pol\u00e9mico<\/p>\n<p>El financiamiento del programa Rutas Seguras, que naci\u00f3 originalmente en la administraci\u00f3n de Juan Schiaretti en la Provincia, se asienta en un convenio que firmaron las dos jurisdicciones junto con Epec en diciembre de 2019, y que fue aprobado en febrero de 2020 con la mayor\u00eda de Hacemos por C\u00f3rdoba en la Unicameral.<\/p>\n<p>A los fondos los pone Epec cobr\u00e1ndose de la tasa municipal sobre el alumbrado p\u00fablico. La recordada sesi\u00f3n fue el primer round con la nueva conformaci\u00f3n de la actual Legislatura.&nbsp;<\/p>\n<div class=\"ctaNewsNotaContainer\" readability=\"6.5\">\n<div class=\"newsletterTextContainer\" readability=\"33\">\n<p> S\u00cdNTESIS POL\u00cdTICA<\/p>\n<p> Informaci\u00f3n exclusiva y el mejor an\u00e1lisis, los lunes en tu correo.<\/p>\n<form method=\"post\" action-xhr=\"https:\/\/www.lavoz.com.ar\/newsletters\/sintesis-politica\/signup\" id=\"newsletter-signup\" class=\"newsletterForm\" target=\"_blank\" custom-validation-reporting=\"as-you-go\" on=\"submit:AMP.setState({formLoading:true});submit-success:AMP.setState({formSuccess:true})\">\n<div submit-success class=\"is-paddingless-l\" readability=\"6\"> <template type=\"amp-mustache\" readability=\"2\"><\/p>\n<p> <strong>\u00a1Gracias por suscribirte!<\/strong><\/p>\n<p> <\/template><\/div>\n<div submit-error class=\"is-paddingless-l\" readability=\"6.5\"> <template type=\"amp-mustache\" readability=\"3\"><\/p>\n<p> <strong>Ha ocurrido un error, por favor intente nuevamente m\u00e1s tarde.<\/strong><\/p>\n<p> <\/template><\/div>\n<\/form>\n<\/div>\n<\/div>\n<div class=\"column is-inline-block\" readability=\"5.1111111111111\">\n<div class=\"notification is-padding-lr\" readability=\"5.962962962963\"> <a class=\"no-decoration is-font-bold\" href=\"https:\/\/www.lavoz.com.ar\/edicion-impresa\">Edici\u00f3n Impresa<\/a><\/p>\n<p class=\"is-font-sans-serif\">El texto original de este art\u00edculo fue publicado el 11\/03\/2021 en nuestra edici\u00f3n impresa.<\/p>\n<\/div>\n<\/div>\n<div>\n<p> <span>Publicidad<\/span> <\/p>\n<\/div>\n","protected":false},"excerpt":{"rendered":"<p>La cuarentena derivada de la pandemia de coronavirus dej\u00f3 innumerables secuelas en los m\u00e1s variados aspectos. Uno de esos problemas fue la paralizaci\u00f3n casi total \u2013y por varios meses del a\u00f1o pasado\u2013 de la obra p\u00fablica en C\u00f3rdoba, cuando todos los ca\u00f1ones se enfocaron en ponerle un freno a la crisis sanitaria. En ese contexto, [&hellip;]<\/p>\n","protected":false},"author":1,"featured_media":1915,"comment_status":"closed","ping_status":"closed","sticky":false,"template":"","format":"standard","meta":[],"categories":[12],"tags":[],"_links":{"self":[{"href":"http:\/\/nuevacordoba.net\/index.php\/wp-json\/wp\/v2\/posts\/1914"}],"collection":[{"href":"http:\/\/nuevacordoba.net\/index.php\/wp-json\/wp\/v2\/posts"}],"about":[{"href":"http:\/\/nuevacordoba.net\/index.php\/wp-json\/wp\/v2\/types\/post"}],"author":[{"embeddable":true,"href":"http:\/\/nuevacordoba.net\/index.php\/wp-json\/wp\/v2\/users\/1"}],"replies":[{"embeddable":true,"href":"http:\/\/nuevacordoba.net\/index.php\/wp-json\/wp\/v2\/comments?post=1914"}],"version-history":[{"count":0,"href":"http:\/\/nuevacordoba.net\/index.php\/wp-json\/wp\/v2\/posts\/1914\/revisions"}],"wp:featuredmedia":[{"embeddable":true,"href":"http:\/\/nuevacordoba.net\/index.php\/wp-json\/wp\/v2\/media\/1915"}],"wp:attachment":[{"href":"http:\/\/nuevacordoba.net\/index.php\/wp-json\/wp\/v2\/media?parent=1914"}],"wp:term":[{"taxonomy":"category","embeddable":true,"href":"http:\/\/nuevacordoba.net\/index.php\/wp-json\/wp\/v2\/categories?post=1914"},{"taxonomy":"post_tag","embeddable":true,"href":"http:\/\/nuevacordoba.net\/index.php\/wp-json\/wp\/v2\/tags?post=1914"}],"curies":[{"name":"wp","href":"https:\/\/api.w.org\/{rel}","templated":true}]}}