{"id":19156,"date":"2022-04-29T14:48:19","date_gmt":"2022-04-29T14:48:19","guid":{"rendered":"http:\/\/cordobanewsnet.wordpress.com\/?p=6835"},"modified":"2022-04-29T14:48:19","modified_gmt":"2022-04-29T14:48:19","slug":"caos-vehicular-por-corte-de-calles-en-el-centro-de-cordoba","status":"publish","type":"post","link":"http:\/\/nuevacordoba.net\/index.php\/2022\/04\/29\/caos-vehicular-por-corte-de-calles-en-el-centro-de-cordoba\/","title":{"rendered":"Caos vehicular por corte de calles en el centro de C\u00f3rdoba"},"content":{"rendered":"<div><img src=\"http:\/\/nuevacordoba.net\/wp-content\/uploads\/2022\/04\/caos-vehicular-por-corte-de-calles-en-el-centro-de-cordoba.jpg\" class=\"ff-og-image-inserted\"><\/div>\n<p>C\u00f3rdoba amaneci\u00f3 convulsionada por los sorpresivos&nbsp;cortes de calles que generaron&nbsp;<strong>otra ma\u00f1ana de caos vehicular<\/strong>. Esta vez el problema fue un gran escenario que se mont\u00f3 en el cruce de avenida V\u00e9lez Sarsfield y Bv San Juan.<\/p>\n<p>Autos particulares y colectivos debieron desviar su camino y&nbsp;<strong>los embotellamientos se replicaron en varios puntos del centro de la ciudad<\/strong>. Durante la jornada habr\u00e1 marchas y actos de gremios y organizaciones sociales por el D\u00eda del Trabajo.<\/p>\n<p>Muchos cordobeses se quejaron porque&nbsp;<strong>los cortes de calles no fueron avisados por las autoridades municipales.<\/strong>&nbsp;El escenario apareci\u00f3 en la noche del jueves y desde temprano se dej\u00f3 de circular por la zona del Patio Olmos.<\/p>\n<p>Ante las quejas, desde la Municipalidad admitieron que<strong>&nbsp;\u00abfallaron en el aviso\u00bb<\/strong>. \u00abNormalmente estas log\u00edsticas previas a estos actos se hacen siempre la noche anterior y se empieza a trabajar.&nbsp;<strong>En cuanto a los tiempos de preaviso evidentemente hubo una falla o imprevisi\u00f3n de nuestra parte<\/strong>\u00ab, indic\u00f3 Alejandro Agoglia, director de Polic\u00eda de Tr\u00e1nsito Municipal.<\/p>\n<p><strong><em>+ VIDEO: la explicaci\u00f3n de la Municipalidad:<\/em><\/strong><\/p>\n<figure class=\"wp-block-embed is-type-rich is-provider-embed wp-block-embed-embed\">\n<div class=\"wp-block-embed__wrapper\">\n<a href=\"https:\/\/api.vodgc.net\/player\/v2\/embed\/playerId\/EHIR2B1529954391\/contentId\/1261110?external_playlist=1261069%2C1260716%2C1260680%2C1260567&amp;pvast=cust_params%253DCxSegments%25253D8kb9rs80cegv,8kmdjwoex383,8kmdjwoex384,8kmdjwoex386,8kmdjwoex38a,8kmdjwoex38g,8kmdjwoex38h,8kmdjwoex38j,8kmdjwoex38m,8mhapcegdu98,8mhapcegdu99,8msfo30vz32l,8msfqjg97p0p,8msjqtqes7kc,8msp3t3rclbn,8n3irmiqgtkl,8n3irmiqgtla,8n3iu1nbomim,8n3kapxdf1ot,8neke5jgbjsn,8nelxkztmne0,8neyqbh9cr3p,8nq1tve78738,8nq1vyjdm6bn,8nq1vyjdm6dm,8o16uvoapjc6,8o17b5zrsg2j,8o17b5zrsg2l\" rel=\"nofollow\">https:\/\/api.vodgc.net\/player\/v2\/embed\/playerId\/EHIR2B1529954391\/contentId\/1261110?external_playlist=1261069%2C1260716%2C1260680%2C1260567&amp;pvast=cust_params%253DCxSegments%25253D8kb9rs80cegv,8kmdjwoex383,8kmdjwoex384,8kmdjwoex386,8kmdjwoex38a,8kmdjwoex38g,8kmdjwoex38h,8kmdjwoex38j,8kmdjwoex38m,8mhapcegdu98,8mhapcegdu99,8msfo30vz32l,8msfqjg97p0p,8msjqtqes7kc,8msp3t3rclbn,8n3irmiqgtkl,8n3irmiqgtla,8n3iu1nbomim,8n3kapxdf1ot,8neke5jgbjsn,8nelxkztmne0,8neyqbh9cr3p,8nq1tve78738,8nq1vyjdm6bn,8nq1vyjdm6dm,8o16uvoapjc6,8o17b5zrsg2j,8o17b5zrsg2l<\/a>\n<\/div>\n<\/figure>\n<p>El funcionario tambi\u00e9n afirm\u00f3 que&nbsp;<strong>esta marcha por el D\u00eda del Trabajador \u00abse hace hist\u00f3ricamente desde hace 30 a\u00f1os\u00bb.<\/strong>&nbsp;Cabe aclarar que si bien siempre se realiz\u00f3 en 27 de Abril y General Paz, esta vez se traslad\u00f3 al frente del Olmos.<\/p>\n<p>\u00abLo que tratamos de hacer es interrumpir el tr\u00e1nsito lo menos posible, por eso se traslad\u00f3 la marcha adonde est\u00e1 el palco ahora. Nos va a permitir mantener abierto Bv San Juan, Irigoyen y Ca\u00f1ada,&nbsp;<strong>para adem\u00e1s no desviar tanto el transporte urbano<\/strong>\u00ab, explic\u00f3 Agoglia en&nbsp;<strong><em>Arriba C\u00f3rdoba.&nbsp;<\/em><\/strong><\/p>\n<div id=\"jp-post-flair\" class=\"sharedaddy sd-like-enabled sd-sharing-enabled\">\n<div class=\"sharedaddy sd-sharing-enabled\">\n<div class=\"robots-nocontent sd-block sd-social sd-social-icon-text sd-sharing\">\n<h3 class=\"sd-title\">Share this:<\/h3>\n<\/div>\n<\/div>\n<div class=\"sharedaddy sd-block sd-like jetpack-likes-widget-wrapper jetpack-likes-widget-unloaded\" id=\"like-post-wrapper-143108178-6835-626cc3c71b648\" data-src=\"\/\/widgets.wp.com\/likes\/index.html?ver=20220105#blog_id=143108178&amp;post_id=6835&amp;origin=cordobanewsnet.wordpress.com&amp;obj_id=143108178-6835-626cc3c71b648\" data-name=\"like-post-frame-143108178-6835-626cc3c71b648\" data-title=\"Me gusta o Compartir\">\n<h3 class=\"sd-title\">Me gusta esto:<\/h3>\n<p><span class=\"button\"><span>Me gusta<\/span><\/span> <span class=\"loading\">Cargando&#8230;<\/span><\/p>\n<p><span class=\"sd-text-color\"><\/span><\/div>\n<p><h3 class=\"jp-relatedposts-headline\"><em>Relacionado<\/em><\/h3>\n<\/p>\n<\/div>\n","protected":false},"excerpt":{"rendered":"<p>C\u00f3rdoba amaneci\u00f3 convulsionada por los sorpresivos&nbsp;cortes de calles que generaron&nbsp;otra ma\u00f1ana de caos vehicular. Esta vez el problema fue un gran escenario que se mont\u00f3 en el cruce de avenida V\u00e9lez Sarsfield y Bv San Juan. Autos particulares y colectivos debieron desviar su camino y&nbsp;los embotellamientos se replicaron en varios puntos del centro de la [&hellip;]<\/p>\n","protected":false},"author":1,"featured_media":19157,"comment_status":"closed","ping_status":"closed","sticky":false,"template":"","format":"standard","meta":[],"categories":[14],"tags":[],"_links":{"self":[{"href":"http:\/\/nuevacordoba.net\/index.php\/wp-json\/wp\/v2\/posts\/19156"}],"collection":[{"href":"http:\/\/nuevacordoba.net\/index.php\/wp-json\/wp\/v2\/posts"}],"about":[{"href":"http:\/\/nuevacordoba.net\/index.php\/wp-json\/wp\/v2\/types\/post"}],"author":[{"embeddable":true,"href":"http:\/\/nuevacordoba.net\/index.php\/wp-json\/wp\/v2\/users\/1"}],"replies":[{"embeddable":true,"href":"http:\/\/nuevacordoba.net\/index.php\/wp-json\/wp\/v2\/comments?post=19156"}],"version-history":[{"count":0,"href":"http:\/\/nuevacordoba.net\/index.php\/wp-json\/wp\/v2\/posts\/19156\/revisions"}],"wp:featuredmedia":[{"embeddable":true,"href":"http:\/\/nuevacordoba.net\/index.php\/wp-json\/wp\/v2\/media\/19157"}],"wp:attachment":[{"href":"http:\/\/nuevacordoba.net\/index.php\/wp-json\/wp\/v2\/media?parent=19156"}],"wp:term":[{"taxonomy":"category","embeddable":true,"href":"http:\/\/nuevacordoba.net\/index.php\/wp-json\/wp\/v2\/categories?post=19156"},{"taxonomy":"post_tag","embeddable":true,"href":"http:\/\/nuevacordoba.net\/index.php\/wp-json\/wp\/v2\/tags?post=19156"}],"curies":[{"name":"wp","href":"https:\/\/api.w.org\/{rel}","templated":true}]}}