{"id":19198,"date":"2022-05-01T21:47:27","date_gmt":"2022-05-01T21:47:27","guid":{"rendered":"http:\/\/nuevacordoba.net\/index.php\/2022\/05\/01\/el-filme-argentino-karnawal-mejor-opera-prima-de-los-ix-premios-platino\/"},"modified":"2022-05-01T21:47:27","modified_gmt":"2022-05-01T21:47:27","slug":"el-filme-argentino-karnawal-mejor-opera-prima-de-los-ix-premios-platino","status":"publish","type":"post","link":"http:\/\/nuevacordoba.net\/index.php\/2022\/05\/01\/el-filme-argentino-karnawal-mejor-opera-prima-de-los-ix-premios-platino\/","title":{"rendered":"El filme argentino \u00abKarnawal\u00bb, mejor \u00f3pera prima de los IX Premios Platino"},"content":{"rendered":"<figure class=\"mb-3\"><img loading=\"lazy\" src=\"http:\/\/nuevacordoba.net\/wp-content\/uploads\/2022\/05\/el-filme-argentino-karnawal-mejor-opera-prima-de-los-ix-premios-platino.jpg\" width=\"100%\" height=\"100%\" alt=\"Karnawal el filme argentino premiado este domingo en Madrid\"><figcaption> \u00abKarnawal\u00bb, el filme argentino premiado este domingo en Madrid. <\/figcaption><\/figure>\n<p><strong>\u201cKarnawal\u201d<\/strong>, filme debut del argentino <strong>Juan Pablo F\u00e9lix<\/strong>, fue distinguida hoy como la <strong>Mejor \u00d3pera Prima <\/strong>en la lX entrega de los<strong> Premios Platino del Cine y el Audiovisual Iberoamericano, <\/strong>que tiene lugar en el Palacio Municipal de Congresos de Madrid.<\/p>\n<p>La pel\u00edcula est\u00e1 centrada en un joven bailar\u00edn que lucha para concretar el sue\u00f1o de ser campe\u00f3n nacional de malambo en un ambiente adverso, en donde los adultos que lo rodean parecen estar ajenos a su pasi\u00f3n.<\/p>\n<p>El realizador y dos de sus protagonistas, <strong>Alfredo Castro<\/strong> y<strong> M\u00f3nica Lairana<\/strong>, est\u00e1n presentes en Madrid participando de la ceremonia donde el de la \u00f3pera prima fue el primer lauro otorgado.<\/p>\n<p>\u201cKarnawal\u201d, que el 11 de mayo se estrenar\u00e1 en 40 ciudades de Francia, es parte de la delegaci\u00f3n argentina que aspira a alzarse con alg\u00fan Platino, al igual que el equipo de la serie \u201cEl Reino\u201d que aspira a media docena de distinciones. <\/p>\n","protected":false},"excerpt":{"rendered":"<p>\u00abKarnawal\u00bb, el filme argentino premiado este domingo en Madrid. \u201cKarnawal\u201d, filme debut del argentino Juan Pablo F\u00e9lix, fue distinguida hoy como la Mejor \u00d3pera Prima en la lX entrega de los Premios Platino del Cine y el Audiovisual Iberoamericano, que tiene lugar en el Palacio Municipal de Congresos de Madrid. La pel\u00edcula est\u00e1 centrada en [&hellip;]<\/p>\n","protected":false},"author":1,"featured_media":19199,"comment_status":"closed","ping_status":"closed","sticky":false,"template":"","format":"standard","meta":[],"categories":[9],"tags":[],"_links":{"self":[{"href":"http:\/\/nuevacordoba.net\/index.php\/wp-json\/wp\/v2\/posts\/19198"}],"collection":[{"href":"http:\/\/nuevacordoba.net\/index.php\/wp-json\/wp\/v2\/posts"}],"about":[{"href":"http:\/\/nuevacordoba.net\/index.php\/wp-json\/wp\/v2\/types\/post"}],"author":[{"embeddable":true,"href":"http:\/\/nuevacordoba.net\/index.php\/wp-json\/wp\/v2\/users\/1"}],"replies":[{"embeddable":true,"href":"http:\/\/nuevacordoba.net\/index.php\/wp-json\/wp\/v2\/comments?post=19198"}],"version-history":[{"count":0,"href":"http:\/\/nuevacordoba.net\/index.php\/wp-json\/wp\/v2\/posts\/19198\/revisions"}],"wp:featuredmedia":[{"embeddable":true,"href":"http:\/\/nuevacordoba.net\/index.php\/wp-json\/wp\/v2\/media\/19199"}],"wp:attachment":[{"href":"http:\/\/nuevacordoba.net\/index.php\/wp-json\/wp\/v2\/media?parent=19198"}],"wp:term":[{"taxonomy":"category","embeddable":true,"href":"http:\/\/nuevacordoba.net\/index.php\/wp-json\/wp\/v2\/categories?post=19198"},{"taxonomy":"post_tag","embeddable":true,"href":"http:\/\/nuevacordoba.net\/index.php\/wp-json\/wp\/v2\/tags?post=19198"}],"curies":[{"name":"wp","href":"https:\/\/api.w.org\/{rel}","templated":true}]}}