{"id":19227,"date":"2022-05-01T15:30:16","date_gmt":"2022-05-01T15:30:16","guid":{"rendered":"http:\/\/cordobanewsnet.wordpress.com\/?p=6838"},"modified":"2022-05-01T15:30:16","modified_gmt":"2022-05-01T15:30:16","slug":"buenos-aires-homenajeara-a-la-mona-en-el-obelisco","status":"publish","type":"post","link":"http:\/\/nuevacordoba.net\/index.php\/2022\/05\/01\/buenos-aires-homenajeara-a-la-mona-en-el-obelisco\/","title":{"rendered":"Buenos Aires homenajear\u00e1 a La Mona en el Obelisco"},"content":{"rendered":"<p><!-- \/featured-media --> <\/p>\n<div class=\"post-content clear\" readability=\"40.067065868263\">\n<p>Buenos Aires homenajear\u00e1 a \u00abLa Mona\u00bb en el Obelisco el pr\u00f3ximo 28 de mayo en un recital hist\u00f3rico, como homenaje a la trayectoria de Carlos Jim\u00e9nez y la cultura cordobesa.&nbsp;<\/p>\n<p>\u00abEl Mandam\u00e1s\u00bb llevar\u00e1 el ritmo del tunga tunga para todo el pa\u00eds y La Popu y Cadena 3 transmitir\u00e1n para que toda la Argentina disfrute la m\u00fasica de C\u00f3rdoba desde un lugar ic\u00f3nico de Capital Federal.<\/p>\n<p><a href=\"https:\/\/api.apolomedia.com\/player\/embed\/playerId\/6X15561538774019\/contentId\/112360\" rel=\"nofollow\">https:\/\/api.apolomedia.com\/player\/embed\/playerId\/6X15561538774019\/contentId\/112360<\/a><\/p>\n<p>\u00abEsto es in\u00e9dito\u00bb, dijo en Mandam\u00e1s en medio de su recital este s\u00e1bado.<\/p>\n<p>\u00abEl pr\u00f3ximo 28 de mayo, estamos en el Obelisco, \u00a1entrada gratis para todo el mundo!\u00bb, exclam\u00f3 ante un Hip\u00f3dromo emocionado.&nbsp;<\/p>\n<p><a href=\"https:\/\/api.apolomedia.com\/player\/embed\/playerId\/6X15561538774019\/contentId\/112359\" rel=\"nofollow\">https:\/\/api.apolomedia.com\/player\/embed\/playerId\/6X15561538774019\/contentId\/112359<\/a><\/p>\n<div id=\"jp-post-flair\" class=\"sharedaddy sd-like-enabled sd-sharing-enabled\">\n<div class=\"sharedaddy sd-sharing-enabled\">\n<div class=\"robots-nocontent sd-block sd-social sd-social-icon-text sd-sharing\">\n<h3 class=\"sd-title\">Share this:<\/h3>\n<\/div>\n<\/div>\n<div class=\"sharedaddy sd-block sd-like jetpack-likes-widget-wrapper jetpack-likes-widget-unloaded\" id=\"like-post-wrapper-143108178-6838-626f79c7f3f9a\" data-src=\"\/\/widgets.wp.com\/likes\/index.html?ver=20220105#blog_id=143108178&amp;post_id=6838&amp;origin=cordobanewsnet.wordpress.com&amp;obj_id=143108178-6838-626f79c7f3f9a\" data-name=\"like-post-frame-143108178-6838-626f79c7f3f9a\" data-title=\"Me gusta o Compartir\">\n<h3 class=\"sd-title\">Me gusta esto:<\/h3>\n<p><span class=\"button\"><span>Me gusta<\/span><\/span> <span class=\"loading\">Cargando&#8230;<\/span><\/p>\n<p><span class=\"sd-text-color\"><\/span><\/div>\n<p><h3 class=\"jp-relatedposts-headline\"><em>Relacionado<\/em><\/h3>\n<\/p>\n<\/div><\/div>\n<p><!--\/.post-content--> <\/p>\n<footer class=\"post-meta-container clear\" readability=\"0.36994219653179\">\n<div class=\"entry-author author-avatar-show\" readability=\"13.114754098361\">\n<div class=\"author-avatar\"> <img loading=\"lazy\" alt src=\"http:\/\/nuevacordoba.net\/wp-content\/uploads\/2022\/05\/buenos-aires-homenajeara-a-la-mona-en-el-obelisco.png\" class=\"avatar avatar-90\" height=\"90\" width=\"90\"> <\/div>\n<p><!-- .author-avatar --> <\/p>\n<p><h2 class=\"author-title\">Publicado por <span class=\"author-name\">Redacci\u00f3n<\/span><\/h2>\n<\/p>\n<p><!-- .author-heading --> <\/p>\n<p class=\"author-bio\"> <a class=\"author-link\" href=\"https:\/\/cordobanewsnet.wordpress.com\/author\/prettomatias\/\" rel=\"author\"> Ver todas las entradas de Redacci\u00f3n <\/a> <\/p>\n<p><!-- .author-bio --> <\/div>\n<p><!-- .entry-auhtor --> <\/footer>\n<p> <!-- \/post-meta-container --> <!-- #respond --> <\/p>\n","protected":false},"excerpt":{"rendered":"<p>Buenos Aires homenajear\u00e1 a \u00abLa Mona\u00bb en el Obelisco el pr\u00f3ximo 28 de mayo en un recital hist\u00f3rico, como homenaje a la trayectoria de Carlos Jim\u00e9nez y la cultura cordobesa.&nbsp; \u00abEl Mandam\u00e1s\u00bb llevar\u00e1 el ritmo del tunga tunga para todo el pa\u00eds y La Popu y Cadena 3 transmitir\u00e1n para que toda la Argentina disfrute [&hellip;]<\/p>\n","protected":false},"author":1,"featured_media":19228,"comment_status":"closed","ping_status":"closed","sticky":false,"template":"","format":"standard","meta":[],"categories":[14],"tags":[],"_links":{"self":[{"href":"http:\/\/nuevacordoba.net\/index.php\/wp-json\/wp\/v2\/posts\/19227"}],"collection":[{"href":"http:\/\/nuevacordoba.net\/index.php\/wp-json\/wp\/v2\/posts"}],"about":[{"href":"http:\/\/nuevacordoba.net\/index.php\/wp-json\/wp\/v2\/types\/post"}],"author":[{"embeddable":true,"href":"http:\/\/nuevacordoba.net\/index.php\/wp-json\/wp\/v2\/users\/1"}],"replies":[{"embeddable":true,"href":"http:\/\/nuevacordoba.net\/index.php\/wp-json\/wp\/v2\/comments?post=19227"}],"version-history":[{"count":0,"href":"http:\/\/nuevacordoba.net\/index.php\/wp-json\/wp\/v2\/posts\/19227\/revisions"}],"wp:featuredmedia":[{"embeddable":true,"href":"http:\/\/nuevacordoba.net\/index.php\/wp-json\/wp\/v2\/media\/19228"}],"wp:attachment":[{"href":"http:\/\/nuevacordoba.net\/index.php\/wp-json\/wp\/v2\/media?parent=19227"}],"wp:term":[{"taxonomy":"category","embeddable":true,"href":"http:\/\/nuevacordoba.net\/index.php\/wp-json\/wp\/v2\/categories?post=19227"},{"taxonomy":"post_tag","embeddable":true,"href":"http:\/\/nuevacordoba.net\/index.php\/wp-json\/wp\/v2\/tags?post=19227"}],"curies":[{"name":"wp","href":"https:\/\/api.w.org\/{rel}","templated":true}]}}