{"id":19233,"date":"2022-05-02T03:02:40","date_gmt":"2022-05-02T03:02:40","guid":{"rendered":"https:\/\/puntoapunto.com.ar\/?p=326560"},"modified":"2022-05-02T03:02:40","modified_gmt":"2022-05-02T03:02:40","slug":"dato-industrial-que-porcentaje-de-piezas-nacionales-quiere-nissan-en-la-nueva-frontier","status":"publish","type":"post","link":"http:\/\/nuevacordoba.net\/index.php\/2022\/05\/02\/dato-industrial-que-porcentaje-de-piezas-nacionales-quiere-nissan-en-la-nueva-frontier\/","title":{"rendered":"Dato industrial: Qu\u00e9 porcentaje de piezas nacionales quiere Nissan en la nueva Frontier"},"content":{"rendered":"<div class=\"g g-146\">\n<div class=\"g-single a-410\"><a class=\"gofollow\" data-track=\"NDEwLDE0NiwxLDYw\" href=\"https:\/\/www.harmoniechateau.com.ar\/\" target=\"_blank\" rel=\"noopener\"><img src=\"http:\/\/nuevacordoba.net\/wp-content\/uploads\/2022\/05\/dato-industrial-que-porcentaje-de-piezas-nacionales-quiere-nissan-en-la-nueva-frontier.gif\"><\/a><\/div>\n<\/div>\n<p>Por Jos\u00e9 Busaniche, especial para Perfil C\u00f3rdoba.<\/p>\n<p>En un evento que cont\u00f3 con la presencia del Presidente de la Naci\u00f3n, Alberto Fern\u00e1ndez, el Gobernador de la Provincia de C\u00f3rdoba, Juan Schiaretti y el Presidente de Nissan Argentina, Gonzalo Ibarzabal, la automotriz oficializ\u00f3 el inicio de producci\u00f3n de la nueva pick up Frontier.<\/p>\n<p>Seg\u00fan destac\u00f3 Ibarzabal, este a\u00f1o la compa\u00f1\u00eda proyecta producir 50 mil unidades de ese modelo del que gran parte de la producci\u00f3n tiene como destino el mercado brasilero. Este a\u00f1o, adem\u00e1s, buscar\u00e1n hacer pie en Chile y Colombia. Para apuntalar el incremento productivo Nissan anunci\u00f3 que sumar\u00e1 un nuevo turno y que incorporar\u00e1 a 550 operarios.<\/p>\n<p>En di\u00e1logo con <strong>PERFIL CORDOBA<\/strong>, el presidente de Nissan se refiri\u00f3 a las expectativas productivas y comerciales y tambi\u00e9n a la situaci\u00f3n de la escasez de divisas, una de las preocupaciones centrales para toda la cadena.<\/p>\n<p><strong>-\u00bfPudieron plantearle al presidente el tema d\u00f3lares directamente?<br \/><\/strong>-La verdad es que no. No es un tema que hoy fu\u00e9ramos a tratar con el presidente. La intenci\u00f3n del d\u00eda de hoy era celebrar el inicio de producci\u00f3n de la nueva Frontier, todos los hitos que mencionamos hoy y que vienen alineados desde que arrancamos con las inversiones en abril de 2015. Hace siete a\u00f1os anunciamos la inversi\u00f3n inicial de US$ 600 millones, despu\u00e9s en 2018 incrementamos &nbsp;otros US$ 130 millones. Por eso hoy podemos decir que vamos a por m\u00e1s mercados de exportaci\u00f3n. Eso es lo que busc\u00e1bamos, una camioneta con Euro 6, con regulaciones que nos permitan abrir nuevos mercados de exportaci\u00f3n.<\/p>\n<p><strong>-\u00bfEs uno de los temas de los \u00faltimos d\u00edas, la preocupaci\u00f3n de toda la industria y el propio presidente lo tom\u00f3 en el discurso, no?<br \/><\/strong>-Me encanta que lo tome y lo conteste. Por nuestro lado eso lo manejamos por el lado de las c\u00e1maras y realmente soy muy optimista. Al final del d\u00eda, de cada uno de estos temas que vienen surgiendo los vamos solucionando, le encontramos la vuelta. Por eso venimos creciendo y apostamos a crecer.<\/p>\n<p><strong>-\u00bfNo ve un riesgo concreto de parates o suspensiones sobre todo de algunos autopartistas?<\/strong><br \/>-De ese tema en particular no tengo mucho m\u00e1s para comentar. La intenci\u00f3n nuestra es apostar al largo plazo. Dificultades vamos a tener siempre y en ese sentido, cuando armamos un plan lo pensamos a 10 a\u00f1os. A veces hay coyunturas que hay que solucionar y temas particulares que hay que ir solucionando, pero en lo que hace al modelo de negocios nuestro estamos muy apalancados en contenido local, en exportaciones y es algo en lo que seguimos empujando. Por eso las inversiones y por eso podemos abrir nuevos mercados de exportaci\u00f3n. Y a ra\u00edz de eso es que pensamos un modelo de negocios a 10 a\u00f1os. Somos muy optimistas.<\/p>\n<p><strong>-\u00bfQu\u00e9 porcentaje de integraci\u00f3n tiene esta Frontier y como ven a la cadena para aumentarlo? <\/strong><br \/>-Vinimos trabajando con los proveedores desde que arrancamos y tenemos un apoyo grande para seguir creciendo en contenido local. Hoy estamos en 35% de contenido local pero la intenci\u00f3n es ir en el mediano plazo por m\u00e1s del 40%. Es un objetivo completamente realizable.<\/p>\n<p><strong>-Con la incorporaci\u00f3n de Chile y Colombia como mercados, \u00bfc\u00f3mo queda el mix de exportaci\u00f3n?<\/strong><br \/>-Chile y Colombia nos deber\u00edan aportar 10 mil unidades al a\u00f1o entre los dos mercados incrementales. Y atr\u00e1s de eso el crecimiento que venimos teniendo en Brasil que es muy bueno. La participaci\u00f3n que viene teniendo Frontier en el segmento en Brasil ha llegado al 12%. Pero todos los mercados que podamos sumar los vamos a ir sumando. En mercado interno venimos firmes. Cerramos el \u00faltimo a\u00f1o fiscal en 4,7% de participaci\u00f3n, es un mercado fundamental. Lo vemos en los concesionarios, tenemos 14 nuevas bocas de venta y talleres. Y los planes para este a\u00f1o es seguir creciendo y cubriendo territorio.<\/p>\n<p><strong>-Anunciaron la incorporaci\u00f3n de 550 nuevos puestos, \u00bfcreen que van a poder cubrirlo, va a ser gradual?<\/strong><br \/>-No hemos tenido inconvenientes en lo que hace a sumar gente a la planta. La intenci\u00f3n es que los 550 se hagan en dos etapas, en la medida que vayamos incrementando la producci\u00f3n.<\/p>\n<p><strong>-\u00bfCon estos niveles de inflaci\u00f3n como es la estrategia de precios? \u00bfVan a acompa\u00f1ar a la inflaci\u00f3n?<\/strong><br \/>-Vamos a ir ajustando los precios en l\u00ednea con nuestra propia estrategia interna, pero al final del d\u00eda el crecimiento de las ventas se viene dando, creo que vamos por el camino correcto.<\/p>\n","protected":false},"excerpt":{"rendered":"<p>Por Jos\u00e9 Busaniche, especial para Perfil C\u00f3rdoba. En un evento que cont\u00f3 con la presencia del Presidente de la Naci\u00f3n, Alberto Fern\u00e1ndez, el Gobernador de la Provincia de C\u00f3rdoba, Juan Schiaretti y el Presidente de Nissan Argentina, Gonzalo Ibarzabal, la automotriz oficializ\u00f3 el inicio de producci\u00f3n de la nueva pick up Frontier. Seg\u00fan destac\u00f3 Ibarzabal, [&hellip;]<\/p>\n","protected":false},"author":1,"featured_media":19234,"comment_status":"open","ping_status":"closed","sticky":false,"template":"","format":"standard","meta":[],"categories":[14],"tags":[],"_links":{"self":[{"href":"http:\/\/nuevacordoba.net\/index.php\/wp-json\/wp\/v2\/posts\/19233"}],"collection":[{"href":"http:\/\/nuevacordoba.net\/index.php\/wp-json\/wp\/v2\/posts"}],"about":[{"href":"http:\/\/nuevacordoba.net\/index.php\/wp-json\/wp\/v2\/types\/post"}],"author":[{"embeddable":true,"href":"http:\/\/nuevacordoba.net\/index.php\/wp-json\/wp\/v2\/users\/1"}],"replies":[{"embeddable":true,"href":"http:\/\/nuevacordoba.net\/index.php\/wp-json\/wp\/v2\/comments?post=19233"}],"version-history":[{"count":0,"href":"http:\/\/nuevacordoba.net\/index.php\/wp-json\/wp\/v2\/posts\/19233\/revisions"}],"wp:featuredmedia":[{"embeddable":true,"href":"http:\/\/nuevacordoba.net\/index.php\/wp-json\/wp\/v2\/media\/19234"}],"wp:attachment":[{"href":"http:\/\/nuevacordoba.net\/index.php\/wp-json\/wp\/v2\/media?parent=19233"}],"wp:term":[{"taxonomy":"category","embeddable":true,"href":"http:\/\/nuevacordoba.net\/index.php\/wp-json\/wp\/v2\/categories?post=19233"},{"taxonomy":"post_tag","embeddable":true,"href":"http:\/\/nuevacordoba.net\/index.php\/wp-json\/wp\/v2\/tags?post=19233"}],"curies":[{"name":"wp","href":"https:\/\/api.w.org\/{rel}","templated":true}]}}