{"id":19421,"date":"2022-05-06T22:35:08","date_gmt":"2022-05-06T22:35:08","guid":{"rendered":"https:\/\/www.cordoba.gob.ar\/?p=24444"},"modified":"2022-05-06T22:35:08","modified_gmt":"2022-05-06T22:35:08","slug":"la-ciudad-se-prepara-para-vivir-cordoba-patria","status":"publish","type":"post","link":"http:\/\/nuevacordoba.net\/index.php\/2022\/05\/06\/la-ciudad-se-prepara-para-vivir-cordoba-patria\/","title":{"rendered":"La ciudad se prepara para vivir \u201cC\u00f3rdoba Patria\u201d"},"content":{"rendered":"<div><img src=\"http:\/\/nuevacordoba.net\/wp-content\/uploads\/2022\/05\/la-ciudad-se-prepara-para-vivir-cordoba-patria.jpg\" class=\"ff-og-image-inserted\"><\/div>\n<ul>\n<li><strong>Durante una semana, la ciudad de C\u00f3rdoba conmemorar\u00e1 el 25 de mayo.<\/strong><\/li>\n<li><strong>La agenda de actividades incluye una competencia de disciplinas folcl\u00f3ricas en las principales pe\u00f1as de la ciudad, danza, m\u00fasica, humor y comidas t\u00edpicas.<\/strong><\/li>\n<\/ul>\n<hr>\n<p>Del 17 al 24 de mayo se realizar\u00e1 \u201cC\u00f3rdoba Patria\u201d, un evento \u00fanico que reunir\u00e1 m\u00faltiples actividades culturales y folkl\u00f3ricas en distintos espacios de la ciudad.<\/p>\n<p>Entre los principales atractivos que forman parte de esta semana, se encuentra el 1er Encuentro Competitivo de Disciplinas Folkl\u00f3ricas. Este certamen est\u00e1 dirigido a academias de m\u00fasica y danzas, ballets, malambistas, percusionistas, humoristas, cantantes y grupos folkl\u00f3ricos de toda la provincia.<\/p>\n<p>El evento est\u00e1 organizado por la Secretar\u00eda de Gobierno de la Municipalidad de C\u00f3rdoba, junto a la Secretar\u00eda de Cultura y Juventud, y el acompa\u00f1amiento de las localidades que conforman el \u00c1rea Metropolitana y fue presentado el 6 de mayo por funcionarios del municipio en el bodeg\u00f3n La Taba.<\/p>\n<p>En la ocasi\u00f3n, Miguel Siciliano destac\u00f3: \u201c<em>C\u00f3rdoba Patria no es nada m\u00e1s ni nada menos que volver a poner en valor un circuito de pe\u00f1as de la ciudad. Eso tambi\u00e9n significa poner en valor un circulo virtuoso en el que los vecinos tienen un lugar para disfrutar, los comerciantes pueden trabajar, la cultura se pone en valor y la tradici\u00f3n se recupera<\/em>\u201d.<\/p>\n<p>Por su parte, el secretario de Cultura y Juventud, Mariano Almada, afirm\u00f3: \u201c<em>Las pe\u00f1as son parte de la identidad de C\u00f3rdoba, es de todos y es compartida. Juntos y con el cumplimiento de nuestro intendente, Mart\u00edn Llaryora y la generosidad de los intendentes de gran C\u00f3rdoba que acompa\u00f1an esta iniciativa se refleja y se respira el esp\u00edritu de uni\u00f3n que hace posible<\/em>\u201d.<\/p>\n<p>En tanto, el Secretario de Desarrollo Metropolitano, Gabriel Bermudez afirm\u00f3 que \u201c<em>el desarrollo de todas las actividades que viene llevando adelante la gesti\u00f3n de Llaryora es sumar a toda el \u00e1rea metropolitana que tambi\u00e9n goza de la generosidad de todos los intendentes. Se trata de gente que piensa en su gente y cuando les propusimos integrarse y hacer un circuito pe\u00f1ero todos quisieron participar y comprometerse<\/em>\u201d.<\/p>\n<p>Se llevar\u00e1 a cabo con entrada libre y gratuita en las pe\u00f1as m\u00e1s tradicionales de la ciudad: El Aljibe, La Diablera, La Taba, Mateo, Cantina de Don Carlos y Fog\u00f3n Argentino. Las inscripciones estar\u00e1n abiertas hasta el viernes 13 de mayo y se podr\u00e1 participar en diversas categor\u00edas como: Conjunto de danzas Folkl\u00f3ricas Menores, Conjunto de Danzas Folkl\u00f3ricas Mayores, Espect\u00e1culo Folkl\u00f3rico Musical, Malambo Individual, Malambo Grupal, Show de Percusi\u00f3n y bombos, Humor, Cuentista Costumbrista, Stand Up, entre otros.<\/p>\n<p>Adem\u00e1s, el 21 de mayo desde las 13:00 hs se montar\u00e1 un escenario en el Parque Sarmiento, que contar\u00e1 con la presencia de grandes artistas de nuestra m\u00fasica popular como Jairo, Los Trajinantes, Los So\u00f1adores junto a malambistas, compa\u00f1\u00edas de danzas y humoristas. Con entrada libre y gratuita, el escenario central estar\u00e1 emplazado en la calle Nores Mart\u00ednez, sobre la rotonda de ingreso a Ciudad Universitaria. Adem\u00e1s de la propuesta art\u00edstica, este evento contar\u00e1 con food trucks de comidas t\u00edpicas.<\/p>\n<p>Por \u00faltimo, el 24 de mayo la convocatoria al p\u00fablico se traslada al Mercado Norte (Oncativo 50) que se suma al gran evento con una jornada que comenzar\u00e1 por la ma\u00f1ana y finalizar\u00e1 al anochecer, poniendo el foco en la m\u00fasica, la identidad y la gastronom\u00eda.<\/p>\n<p><strong>C\u00f3mo participar en el 1er Encuentro Competitivo de Disciplinas Folkl\u00f3ricas<\/strong><\/p>\n<p>Se desarrollar\u00e1 con entrada libre y gratuita, del 17 al 20 de mayo en las pe\u00f1as m\u00e1s tradicionales de la ciudad: El Aljibe, La Diablera, La Taba, Mateo, Cantina de Don Carlos y Fog\u00f3n Argentino. Podr\u00e1n participar del certamen las academias, grupos, institutos, pe\u00f1as, agrupaciones, solistas independientes y privados de car\u00e1cter folkl\u00f3rico.<\/p>\n<p>Los ganadores ser\u00e1n calificados por un Honorable Jurado y recibir\u00e1n m\u00faltiples reconocimientos, entre ellos la posibilidad de participar en el gran escenario de cierre de \u201cC\u00f3rdoba Patria\u201d que estar\u00e1 ubicado en Parque Sarmiento, junto a artistas de renombre nacional e internacional, y una ayuda econ\u00f3mica. Adem\u00e1s, el primer y segundo puesto de cada categor\u00eda tendr\u00e1n la posibilidad de participar en el Festival Nacional De Doma y Folclore.<\/p>\n<p>Las inscripciones estar\u00e1n abiertas hasta el viernes 13 de mayo, y se realizan completando un formulario, accediendo a este <a href=\"https:\/\/bit.ly\/37LskD7\">link<\/a><\/p>\n<p>Tambi\u00e9n se puede acceder al reglamento, bases y condiciones, en la siguiente <a href=\"https:\/\/turismo.cordoba.gob.ar\/reglamento\">nota<\/a><br \/>Informes y consultas en: <a href=\"mailto:cordobapatria2022@gmail.com\">cordobapatria2022@gmail.com<\/a><\/p>\n","protected":false},"excerpt":{"rendered":"<p>Durante una semana, la ciudad de C\u00f3rdoba conmemorar\u00e1 el 25 de mayo. La agenda de actividades incluye una competencia de disciplinas folcl\u00f3ricas en las principales pe\u00f1as de la ciudad, danza, m\u00fasica, humor y comidas t\u00edpicas. Del 17 al 24 de mayo se realizar\u00e1 \u201cC\u00f3rdoba Patria\u201d, un evento \u00fanico que reunir\u00e1 m\u00faltiples actividades culturales y folkl\u00f3ricas [&hellip;]<\/p>\n","protected":false},"author":1,"featured_media":19422,"comment_status":"closed","ping_status":"closed","sticky":false,"template":"","format":"standard","meta":[],"categories":[14],"tags":[],"_links":{"self":[{"href":"http:\/\/nuevacordoba.net\/index.php\/wp-json\/wp\/v2\/posts\/19421"}],"collection":[{"href":"http:\/\/nuevacordoba.net\/index.php\/wp-json\/wp\/v2\/posts"}],"about":[{"href":"http:\/\/nuevacordoba.net\/index.php\/wp-json\/wp\/v2\/types\/post"}],"author":[{"embeddable":true,"href":"http:\/\/nuevacordoba.net\/index.php\/wp-json\/wp\/v2\/users\/1"}],"replies":[{"embeddable":true,"href":"http:\/\/nuevacordoba.net\/index.php\/wp-json\/wp\/v2\/comments?post=19421"}],"version-history":[{"count":0,"href":"http:\/\/nuevacordoba.net\/index.php\/wp-json\/wp\/v2\/posts\/19421\/revisions"}],"wp:featuredmedia":[{"embeddable":true,"href":"http:\/\/nuevacordoba.net\/index.php\/wp-json\/wp\/v2\/media\/19422"}],"wp:attachment":[{"href":"http:\/\/nuevacordoba.net\/index.php\/wp-json\/wp\/v2\/media?parent=19421"}],"wp:term":[{"taxonomy":"category","embeddable":true,"href":"http:\/\/nuevacordoba.net\/index.php\/wp-json\/wp\/v2\/categories?post=19421"},{"taxonomy":"post_tag","embeddable":true,"href":"http:\/\/nuevacordoba.net\/index.php\/wp-json\/wp\/v2\/tags?post=19421"}],"curies":[{"name":"wp","href":"https:\/\/api.w.org\/{rel}","templated":true}]}}