{"id":19459,"date":"2022-05-06T22:28:24","date_gmt":"2022-05-06T22:28:24","guid":{"rendered":"https:\/\/cordoba.gob.ar\/?p=24445"},"modified":"2022-05-06T22:28:24","modified_gmt":"2022-05-06T22:28:24","slug":"la-municipalidad-impulsa-con-mas-de-22-millones-de-pesos-al-sector-cultural-de-la-ciudad","status":"publish","type":"post","link":"http:\/\/nuevacordoba.net\/index.php\/2022\/05\/06\/la-municipalidad-impulsa-con-mas-de-22-millones-de-pesos-al-sector-cultural-de-la-ciudad\/","title":{"rendered":"La Municipalidad impulsa con m\u00e1s de 22 millones de pesos al sector cultural de la ciudad"},"content":{"rendered":"<div><img src=\"http:\/\/nuevacordoba.net\/wp-content\/uploads\/2022\/05\/la-municipalidad-impulsa-con-mas-de-22-millones-de-pesos-al-sector-cultural-de-la-ciudad.jpg\" class=\"ff-og-image-inserted\"><\/div>\n<ul>\n<li><strong>Comenzaron los llamados de fondos est\u00edmulo, premios y apoyos de la Secretar\u00eda de Cultura y Juventud municipal para diversas \u00e1reas.<\/strong><\/li>\n<li><strong>Se trata de m\u00e1s de 20 convocatorias anuales para potenciar el quehacer cultural de la ciudad.<\/strong><\/li>\n<\/ul>\n<hr>\n<p>La Municipalidad de C\u00f3rdoba, a trav\u00e9s de la Secretar\u00eda de Cultura y Juventud, abri\u00f3 las convocatorias para el sector editorial y de artes esc\u00e9nicas.<\/p>\n<p>A est\u00e1s se sumar\u00e1n llamados de otras disciplinas, dando un total de 20 programas de apoyo por $22.900.000 totales, destinados a incentivar la producci\u00f3n art\u00edstica y cultural independiente. El crecimiento del aporte econ\u00f3mico busca estimular y fortalecer al sector cultural, como parte fundamental de la econom\u00eda naranja, que potencia el desarrollo integral a partir de la producci\u00f3n de bienes culturales.<\/p>\n<p><em>\u201cSe trata de fondos municipales que se destinan a estimular la producci\u00f3n art\u00edstica y cultural de la ciudad, poniendo el acento en la diversidad y la democratizaci\u00f3n de la cultura\u201d<\/em>, expres\u00f3 Mariano Almada, secretario de Cultura y Juventud.<\/p>\n<p>Los primeros lanzamientos son el Premio Municipal de Literatura \u201cLuis Jos\u00e9 de Tejeda\u201d; y el Fondo Est\u00edmulo a la Actividad Editorial Cordobesa, que ya tienen abiertas sus convocatorias; as\u00ed como los 6 llamados para las artes esc\u00e9nicas.<\/p>\n<p>El Premio Tejeda convoca en su 35.\u00aa edici\u00f3n para los g\u00e9neros Novela Corta y \u00c1lbum Ilustrado Infantil, destinado a personas escritoras argentinas, mayores de edad, residentes en el pa\u00eds. Por su parte, los fondos y premios de esc\u00e9nicas incluyen Fondo Est\u00edmulo a la Actividad Teatral Cordobesa (FEATEC), Producci\u00f3n Teatral Infantil, Danza Contempor\u00e1nea, Apoyo a Salas para Proyectos de Capacitaci\u00f3n, TEATRES El Teatro Cordob\u00e9s y el Premio Municipal a la Dramaturgia Cordobesa.<\/p>\n<p>Asimismo, en las pr\u00f3ximas semanas se incorporar\u00e1n las convocatorias del Premio Obrar para producci\u00f3n de obra colectiva en artes visuales; el Programa de Apoyo a la Edici\u00f3n Musical Cordobesa; el Fondo Est\u00edmulo para Desarrollo de Proyectos Audiovisuales; y el Apoyo a Festivales y Muestras Audiovisuales.<\/p>\n<p>Para el segundo semestre del 2022, se prev\u00e9 la apertura de los llamados del Sello DC \u2013 Dise\u00f1o Cordob\u00e9s!, Fondo Est\u00edmulo al Dise\u00f1o, Circuito de Dise\u00f1o, Premio Recuerdos de Ciudad; Premio Burnichon y Fondo Est\u00edmulo para Artesan\u00edas, redondeando m\u00e1s de 20 programas de apoyo al diverso quehacer cultural y art\u00edstico de la Ciudad.<br \/>Los fondos contemplan distintos formatos y manifestaciones dentro de las \u00e1reas de m\u00fasica, editorial, artes visuales, artes esc\u00e9nicas, audiovisuales, dise\u00f1o y artesan\u00edas, cubriendo el gran abanico cultural de la Ciudad.<\/p>\n<p>AGENDA DE CONVOCATORIAS<br \/>VIGENTES<br \/>Fondo Est\u00edmulo a la Actividad Editorial Cordobesa<br \/>Del 25 de abril al 29 de mayo<\/p>\n<p>Premio Tejeda<br \/>Del 29 de abril al 26 de junio (Novela Corta); y hasta el 31 de julio (\u00c1lbum Ilustrado Infantil).<\/p>\n<p>Fondo Est\u00edmulo a la Actividad Teatral Cordobesa (FEATEC)<br \/>Producci\u00f3n Teatral Infantil<br \/>Danza Contempor\u00e1nea<br \/>Apoyo a Salas para Proyectos de Capacitaci\u00f3n<br \/>TEATRES El Teatro Cordob\u00e9s<br \/>Premio Municipal a la Dramaturgia Cordobesa<br \/>Del 2 de mayo al 19 de junio<\/p>\n<p>POR ABRIR<br \/>Apoyo a Festivales y Muestras Audiovisuales<br \/>Del 9 de mayo al 6 de junio<br \/>Fondo Est\u00edmulo para Proyectos Audiovisuales<br \/>Del 16 de mayo al 17 de junio<br \/>Programa de Apoyo a la Edici\u00f3n Musical Cordobesa \u2013 EMC 2022<br \/>Del 16 de mayo al lunes 27 de junio<br \/>Programa Obrar<br \/>Del 30 de mayo a 13 de junio<\/p>\n<p>SEGUNDO SEMESTRE<br \/>Fondo Est\u00edmulo al Dise\u00f1o<br \/>Del 2 de agosto al 5 de septiembre.<\/p>\n<p>Fondo Est\u00edmulo Artesan\u00edas<br \/>Desde el 5 de agosto, presentaci\u00f3n personal seg\u00fan d\u00edas y horarios detalladas en Reglamento (ver abajo).<\/p>\n<p>Premio Alberto Burnichon<br \/>Del 16 al 31 de agosto de 2022.<\/p>\n<p>Circuito de Dise\u00f1o<br \/>Del 5 al 18 de septiembre<\/p>\n<p>Premio Recuerdos de Ciudad<br \/>Del 1 al 13 de noviembre<\/p>\n<p>Sello DC<br \/>Fecha a confirmar<\/p>\n<p>Para conocer las bases y condiciones de las convocatorias ingresar al archivo que se adjunta aqu\u00ed: <a href=\"https:\/\/cordoba.gob.ar\/wp-content\/uploads\/2022\/05\/Agenda-de-convocatorias-2022.docx\">Agenda de Convocatorias 2022<\/a><\/p>\n","protected":false},"excerpt":{"rendered":"<p>Comenzaron los llamados de fondos est\u00edmulo, premios y apoyos de la Secretar\u00eda de Cultura y Juventud municipal para diversas \u00e1reas. Se trata de m\u00e1s de 20 convocatorias anuales para potenciar el quehacer cultural de la ciudad. La Municipalidad de C\u00f3rdoba, a trav\u00e9s de la Secretar\u00eda de Cultura y Juventud, abri\u00f3 las convocatorias para el sector [&hellip;]<\/p>\n","protected":false},"author":1,"featured_media":19460,"comment_status":"closed","ping_status":"closed","sticky":false,"template":"","format":"standard","meta":[],"categories":[14],"tags":[],"_links":{"self":[{"href":"http:\/\/nuevacordoba.net\/index.php\/wp-json\/wp\/v2\/posts\/19459"}],"collection":[{"href":"http:\/\/nuevacordoba.net\/index.php\/wp-json\/wp\/v2\/posts"}],"about":[{"href":"http:\/\/nuevacordoba.net\/index.php\/wp-json\/wp\/v2\/types\/post"}],"author":[{"embeddable":true,"href":"http:\/\/nuevacordoba.net\/index.php\/wp-json\/wp\/v2\/users\/1"}],"replies":[{"embeddable":true,"href":"http:\/\/nuevacordoba.net\/index.php\/wp-json\/wp\/v2\/comments?post=19459"}],"version-history":[{"count":0,"href":"http:\/\/nuevacordoba.net\/index.php\/wp-json\/wp\/v2\/posts\/19459\/revisions"}],"wp:featuredmedia":[{"embeddable":true,"href":"http:\/\/nuevacordoba.net\/index.php\/wp-json\/wp\/v2\/media\/19460"}],"wp:attachment":[{"href":"http:\/\/nuevacordoba.net\/index.php\/wp-json\/wp\/v2\/media?parent=19459"}],"wp:term":[{"taxonomy":"category","embeddable":true,"href":"http:\/\/nuevacordoba.net\/index.php\/wp-json\/wp\/v2\/categories?post=19459"},{"taxonomy":"post_tag","embeddable":true,"href":"http:\/\/nuevacordoba.net\/index.php\/wp-json\/wp\/v2\/tags?post=19459"}],"curies":[{"name":"wp","href":"https:\/\/api.w.org\/{rel}","templated":true}]}}