{"id":1951,"date":"2021-03-12T07:17:58","date_gmt":"2021-03-12T07:17:58","guid":{"rendered":"http:\/\/nuevacordoba.net\/index.php\/2021\/03\/12\/costo-de-vida-la-inflacion-anual-vuelve-a-subir-y-acelera-al-407\/"},"modified":"2021-03-12T07:17:58","modified_gmt":"2021-03-12T07:17:58","slug":"costo-de-vida-la-inflacion-anual-vuelve-a-subir-y-acelera-al-407","status":"publish","type":"post","link":"http:\/\/nuevacordoba.net\/index.php\/2021\/03\/12\/costo-de-vida-la-inflacion-anual-vuelve-a-subir-y-acelera-al-407\/","title":{"rendered":"Costo de vida: la inflaci\u00f3n anual vuelve a subir y acelera al 40,7%"},"content":{"rendered":"<div><img src=\"http:\/\/nuevacordoba.net\/wp-content\/uploads\/2021\/03\/costo-de-vida-la-inflacion-anual-vuelve-a-subir-y-acelera-al-407.jpg\" class=\"ff-og-image-inserted\"><\/div>\n<p>Por quinto mes seguido, la <a href=\"https:\/\/www.lavoz.com.ar\/temas\/inflacion\" target=\"_blank\" rel=\"noopener\">inflaci\u00f3n<\/a> se sostiene por arriba del tres por ciento, lo que pone en evidencia que la <a href=\"https:\/\/www.lavoz.com.ar\/temas\/aumento-de-precios\" target=\"_blank\" rel=\"noopener\">suba de precios<\/a> ser\u00e1 el gran problema que deber\u00e1 enfrentar el gobierno de Alberto Fern\u00e1ndez en este a\u00f1o de elecciones legislativas.<\/p>\n<p>Con el d\u00f3lar domesticado por las restricciones cambiarias, la emisi\u00f3n monetaria \u2013por ahora\u2013 contenida, relativamente buenas perspectivas en la industria y en la construcci\u00f3n, un FMI dispuesto a esperar y una excelente cosecha en puerta, evitar un aumento m\u00e1s pronunciado de precios es el objetivo inmediato.<\/p>\n<p>Sin embargo, en los dos primeros meses del a\u00f1o, los datos del incremento del costo de vida no ayudan al ministro de Econom\u00eda, Mart\u00edn Guzm\u00e1n, a conseguir la meta del Presupuesto 2021.<\/p>\n<p>En febrero, el Indec calcul\u00f3 un \u00edndice de precios al consumidor (IPC) de 3,6 por ciento, apenas por debajo del cuatro por ciento que hab\u00eda anotado por duplicado en diciembre y en enero. Hay que retroceder hasta agosto (2,8%) para encontrar una tasa mensual de inflaci\u00f3n por debajo del tres por ciento. Y hasta mayo (1,5%), en pleno aislamiento social, para hallar una menor que el dos, en un contexto de aumento de tarifas casi nulo en los distritos con mayor peso en el c\u00e1lculo de la inflaci\u00f3n, como Caba y provincia de Buenos Aires.<\/p>\n<div class=\"block-ad-node\">\n<div>\n<p> <span>Publicidad<\/span> <\/p>\n<\/div>\n<\/div>\n<p>Del lado de los precios regulados, s\u00f3lo los combustibles empezaron a recalentar la econom\u00eda con subas constantes desde comienzo de a\u00f1o (la nafta s\u00faper acumula 13,3 por ciento desde enero).<\/p>\n<p>Seg\u00fan Jorge Vasconcelos, economista del Ieral (Fundaci\u00f3n Mediterr\u00e1nea), \u201centre marzo y junio, el Gobierno har\u00e1 todo lo que est\u00e9 a su alcance para sacar la trayectoria de la inflaci\u00f3n del peligroso cuatro por ciento mensual en el que se instal\u00f3\u201d. Habla de \u201cquebrar la inflaci\u00f3n\u201d de ese porcentaje \u201ccueste lo que cueste\u201d.<\/p>\n<p>Para Vasconcelos, una de las anclas m\u00e1s profundas a las que echar\u00e1 mano Guzm\u00e1n ser\u00e1 la desaceleraci\u00f3n del avance del tipo de cambio, que en febrero cay\u00f3 al 2,9 por ciento mensual. \u201cNo habr\u00eda que extra\u00f1arse si en marzo va al 2,5, y menos aun en meses subsiguientes\u201d, dice.<\/p>\n<p>El problema es que la impresi\u00f3n de billetes encubierta no se detiene. \u201cLa emisi\u00f3n monetaria a favor del Tesoro ha sido nula en el primer bimestre y quiz\u00e1s lo sea en el trimestre, pero la emisi\u00f3n para pagar los intereses de los pasivos del Central (Leliq y pases) es un taxi que no se detiene\u201d, explica el economista.<\/p>\n<div class=\"block-ad-node\">\n<div>\n<p> <span>Publicidad<\/span> <\/p>\n<\/div>\n<\/div>\n<p>Hay que recordar que en 2020 se produjo una emisi\u00f3n r\u00e9cord de dos billones de pesos para tapar el enorme hueco fiscal producto de la cuarentena y del arrastre de la crisis de 2018 y de 2019, en un contexto de ingresos fiscales en picada y expansi\u00f3n del gasto. La inflaci\u00f3n se mantuvo en los meses m\u00e1s recesivos de la cuarentena, pero, en cuanto se comenz\u00f3 a liberar el aislamiento, la econom\u00eda se empez\u00f3 a recalentar.<\/p>\n<p>\u201cEl Gobierno se vio obligado a emitir un monto de pesos r\u00e9cord para salir adelante en la pandemia, pero, a la larga, la emisi\u00f3n va a precios, en m\u00e1s o menos tiempo; de acuerdo con cu\u00e1ntas trabas se pongan, en Argentina emisi\u00f3n es igual a inflaci\u00f3n\u201d, dice el economista Bruno Panighel.<\/p>\n<p>Respecto de las trabas, Panighel las describe como \u201crecetas anticuadas\u201d que s\u00f3lo reprimen la inflaci\u00f3n en el corto plazo. \u201cProhibir aumentos, regular precios, fijar el valor de los alimentos, incluso cerrar locales porque venden m\u00e1s caro que lo que el Gobierno quiere que se venda son una estrategia que en el largo plazo siempre termina fracasando\u201d, agrega.<\/p>\n<div class=\"block-ad-node\">\n<div>\n<p> <span>Publicidad<\/span> <\/p>\n<\/div>\n<\/div>\n<p>Por su parte, Vanesa Ruiz, gerenta del Centro de Almaceneros de C\u00f3rdoba, advierte que la suba de precios no se ha detenido en marzo, en especial en algunos alimentos de primera necesidad.<\/p>\n<p class=\"SubTitulo\"><strong>IPC nacional: impacto en el bolsillo<\/strong><\/p>\n<p><em>Luego de un \u201calivio\u201d de cinco meses, la interanual volvi\u00f3 a 40%.<\/em><\/p>\n<p><strong>3,6%.<\/strong>&nbsp;<strong>Febrero.<\/strong> El mes pasado, los precios volvieron a marcar valores muy altos, superiores a 3,5%. Sigue la situaci\u00f3n de diciembre (4%) y de enero (4%).<\/p>\n<p><strong>43,9%.<\/strong> Es lo que subieron los alimentos en el promedio nacional en los \u00faltimos 12 meses. Las prendas de vestir, 61,2%. Equipamiento del hogar, 47,1%.<\/p>\n<p><strong>21%.<\/strong> Los precios regulados aumentaron la mitad que el promedio en 12 meses. En 2021 (7,4%), avanzan casi en l\u00ednea con el nivel general (7,8%).<\/p>\n<p class=\"SubTitulo\"><strong>M\u00e1s informaci\u00f3n<\/strong><\/p>\n<div class=\"ctaNewsNotaContainer\" readability=\"6.5\">\n<div class=\"newsletterTextContainer\" readability=\"33\">\n<p> S\u00cdNTESIS POL\u00cdTICA<\/p>\n<p> Informaci\u00f3n exclusiva y el mejor an\u00e1lisis, los lunes en tu correo.<\/p>\n<form method=\"post\" action-xhr=\"https:\/\/www.lavoz.com.ar\/newsletters\/sintesis-politica\/signup\" id=\"newsletter-signup\" class=\"newsletterForm\" target=\"_blank\" custom-validation-reporting=\"as-you-go\" on=\"submit:AMP.setState({formLoading:true});submit-success:AMP.setState({formSuccess:true})\">\n<div submit-success class=\"is-paddingless-l\" readability=\"6\"> <template type=\"amp-mustache\" readability=\"2\"><\/p>\n<p> <strong>\u00a1Gracias por suscribirte!<\/strong><\/p>\n<p> <\/template><\/div>\n<div submit-error class=\"is-paddingless-l\" readability=\"6.5\"> <template type=\"amp-mustache\" readability=\"3\"><\/p>\n<p> <strong>Ha ocurrido un error, por favor intente nuevamente m\u00e1s tarde.<\/strong><\/p>\n<p> <\/template><\/div>\n<\/form>\n<\/div>\n<\/div>\n<div class=\"column is-inline-block\" readability=\"5.1111111111111\">\n<div class=\"notification is-padding-lr\" readability=\"5.962962962963\"> <a class=\"no-decoration is-font-bold\" href=\"https:\/\/www.lavoz.com.ar\/edicion-impresa\">Edici\u00f3n Impresa<\/a><\/p>\n<p class=\"is-font-sans-serif\">El texto original de este art\u00edculo fue publicado el 12\/03\/2021 en nuestra edici\u00f3n impresa.<\/p>\n<\/div>\n<\/div>\n<div>\n<p> <span>Publicidad<\/span> <\/p>\n<\/div>\n","protected":false},"excerpt":{"rendered":"<p>Por quinto mes seguido, la inflaci\u00f3n se sostiene por arriba del tres por ciento, lo que pone en evidencia que la suba de precios ser\u00e1 el gran problema que deber\u00e1 enfrentar el gobierno de Alberto Fern\u00e1ndez en este a\u00f1o de elecciones legislativas. Con el d\u00f3lar domesticado por las restricciones cambiarias, la emisi\u00f3n monetaria \u2013por ahora\u2013 [&hellip;]<\/p>\n","protected":false},"author":1,"featured_media":1952,"comment_status":"closed","ping_status":"closed","sticky":false,"template":"","format":"standard","meta":[],"categories":[12],"tags":[],"_links":{"self":[{"href":"http:\/\/nuevacordoba.net\/index.php\/wp-json\/wp\/v2\/posts\/1951"}],"collection":[{"href":"http:\/\/nuevacordoba.net\/index.php\/wp-json\/wp\/v2\/posts"}],"about":[{"href":"http:\/\/nuevacordoba.net\/index.php\/wp-json\/wp\/v2\/types\/post"}],"author":[{"embeddable":true,"href":"http:\/\/nuevacordoba.net\/index.php\/wp-json\/wp\/v2\/users\/1"}],"replies":[{"embeddable":true,"href":"http:\/\/nuevacordoba.net\/index.php\/wp-json\/wp\/v2\/comments?post=1951"}],"version-history":[{"count":0,"href":"http:\/\/nuevacordoba.net\/index.php\/wp-json\/wp\/v2\/posts\/1951\/revisions"}],"wp:featuredmedia":[{"embeddable":true,"href":"http:\/\/nuevacordoba.net\/index.php\/wp-json\/wp\/v2\/media\/1952"}],"wp:attachment":[{"href":"http:\/\/nuevacordoba.net\/index.php\/wp-json\/wp\/v2\/media?parent=1951"}],"wp:term":[{"taxonomy":"category","embeddable":true,"href":"http:\/\/nuevacordoba.net\/index.php\/wp-json\/wp\/v2\/categories?post=1951"},{"taxonomy":"post_tag","embeddable":true,"href":"http:\/\/nuevacordoba.net\/index.php\/wp-json\/wp\/v2\/tags?post=1951"}],"curies":[{"name":"wp","href":"https:\/\/api.w.org\/{rel}","templated":true}]}}