{"id":1959,"date":"2021-03-11T15:32:53","date_gmt":"2021-03-11T15:32:53","guid":{"rendered":"http:\/\/cordobanewsnet.wordpress.com\/?p=5092"},"modified":"2021-03-11T15:32:53","modified_gmt":"2021-03-11T15:32:53","slug":"hay-11-desaparecidos-luego-de-los-incendios-en-la-comarca-andina","status":"publish","type":"post","link":"http:\/\/nuevacordoba.net\/index.php\/2021\/03\/11\/hay-11-desaparecidos-luego-de-los-incendios-en-la-comarca-andina\/","title":{"rendered":"Hay 11 desaparecidos luego de los incendios en la Comarca Andina"},"content":{"rendered":"<div><img src=\"http:\/\/nuevacordoba.net\/wp-content\/uploads\/2021\/03\/hay-11-desaparecidos-luego-de-los-incendios-en-la-comarca-andina.jpg\" class=\"ff-og-image-inserted\"><\/div>\n<p>Aunque la lluvia trajo algo de alivio a la regi\u00f3n y el fuego merm\u00f3 en las \u00faltimas horas,&nbsp; Orlando B\u00e1ez \u2013jefe del Servicio de Prevenci\u00f3n y Lucha contra Incendios Forestales (SPLIF) Bariloche\u2013 se\u00f1al\u00f3 que a\u00fan se trabaja en \u201cun relevamiento de las p\u00e9rdidas de vivienda\u201d.<\/p>\n<p>\u201cEn el transcurso de&nbsp;ayer a la tarde se comenzaron a recibir noticias de algunas personas fallecidas, el n\u00famero total hasta el momento no lo tenemos, podr\u00edan ser m\u00e1s de 10&nbsp;y fue muy impactante. Nos golpea mucho esto que nos est\u00e1 pasando en la zona cordillerana\u201d, manifest\u00f3.<\/p>\n<h2>Marcelo Rey, coordinador del SPLIF en R\u00edo Negro, afirm\u00f3 en&nbsp;<strong>Cadena 3&nbsp;<\/strong>que es un \u201cd\u00eda clave para extinguir el fuego\u201d, tras las lluvias del mi\u00e9rcoles y \u201csi disminuye el viento\u201d, podr\u00edan utilizarse recursos a\u00e9reos,<\/h2>\n<p>Los vecinos de la zona afectada en Chubut, que fue declarada \u201czona de desastre\u201d, no cuentan con agua potable y se movilizan diversas donaciones a la zona.<\/p>\n<p>El ministro de Ambiente y Desarrollo, Juan Cabandi\u00e9, visit\u00f3 la zona, habl\u00f3 con la prensa y confirm\u00f3 que hay sospecha de intencionalidad, por lo que peritos de Naci\u00f3n iniciar\u00e1n una investigaci\u00f3n.<\/p>\n<p>\u201cDe ser as\u00ed, todo el peso de la ley caer\u00e1 sobre los responsables\u201d, asever\u00f3.<\/p>\n<div id=\"jp-post-flair\" class=\"sharedaddy sd-like-enabled sd-sharing-enabled\">\n<div class=\"sharedaddy sd-sharing-enabled\">\n<div class=\"robots-nocontent sd-block sd-social sd-social-icon-text sd-sharing\">\n<h3 class=\"sd-title\">Share this:<\/h3>\n<\/div>\n<\/div>\n<div class=\"sharedaddy sd-block sd-like jetpack-likes-widget-wrapper jetpack-likes-widget-unloaded\" id=\"like-post-wrapper-143108178-5092-604ba458f2967\" data-src=\"\/\/widgets.wp.com\/likes\/index.html?ver=20210308#blog_id=143108178&amp;post_id=5092&amp;origin=cordobanewsnet.wordpress.com&amp;obj_id=143108178-5092-604ba458f2967\" data-name=\"like-post-frame-143108178-5092-604ba458f2967\">\n<h3 class=\"sd-title\">Me gusta esto:<\/h3>\n<p><span class=\"button\"><span>Me gusta<\/span><\/span> <span class=\"loading\">Cargando&#8230;<\/span><\/p>\n<p><span class=\"sd-text-color\"><\/span><\/div>\n<p><h3 class=\"jp-relatedposts-headline\"><em>Relacionado<\/em><\/h3>\n<\/p>\n<\/div>\n","protected":false},"excerpt":{"rendered":"<p>Aunque la lluvia trajo algo de alivio a la regi\u00f3n y el fuego merm\u00f3 en las \u00faltimas horas,&nbsp; Orlando B\u00e1ez \u2013jefe del Servicio de Prevenci\u00f3n y Lucha contra Incendios Forestales (SPLIF) Bariloche\u2013 se\u00f1al\u00f3 que a\u00fan se trabaja en \u201cun relevamiento de las p\u00e9rdidas de vivienda\u201d. \u201cEn el transcurso de&nbsp;ayer a la tarde se comenzaron a [&hellip;]<\/p>\n","protected":false},"author":1,"featured_media":1960,"comment_status":"closed","ping_status":"closed","sticky":false,"template":"","format":"standard","meta":[],"categories":[14],"tags":[],"_links":{"self":[{"href":"http:\/\/nuevacordoba.net\/index.php\/wp-json\/wp\/v2\/posts\/1959"}],"collection":[{"href":"http:\/\/nuevacordoba.net\/index.php\/wp-json\/wp\/v2\/posts"}],"about":[{"href":"http:\/\/nuevacordoba.net\/index.php\/wp-json\/wp\/v2\/types\/post"}],"author":[{"embeddable":true,"href":"http:\/\/nuevacordoba.net\/index.php\/wp-json\/wp\/v2\/users\/1"}],"replies":[{"embeddable":true,"href":"http:\/\/nuevacordoba.net\/index.php\/wp-json\/wp\/v2\/comments?post=1959"}],"version-history":[{"count":0,"href":"http:\/\/nuevacordoba.net\/index.php\/wp-json\/wp\/v2\/posts\/1959\/revisions"}],"wp:featuredmedia":[{"embeddable":true,"href":"http:\/\/nuevacordoba.net\/index.php\/wp-json\/wp\/v2\/media\/1960"}],"wp:attachment":[{"href":"http:\/\/nuevacordoba.net\/index.php\/wp-json\/wp\/v2\/media?parent=1959"}],"wp:term":[{"taxonomy":"category","embeddable":true,"href":"http:\/\/nuevacordoba.net\/index.php\/wp-json\/wp\/v2\/categories?post=1959"},{"taxonomy":"post_tag","embeddable":true,"href":"http:\/\/nuevacordoba.net\/index.php\/wp-json\/wp\/v2\/tags?post=1959"}],"curies":[{"name":"wp","href":"https:\/\/api.w.org\/{rel}","templated":true}]}}