{"id":19668,"date":"2022-05-14T09:51:13","date_gmt":"2022-05-14T09:51:13","guid":{"rendered":"http:\/\/estaciontrip.com.ar\/?p=6860"},"modified":"2022-05-14T09:51:13","modified_gmt":"2022-05-14T09:51:13","slug":"cordoba-reclamo-en-buenos-aires-reactivar-la-conectividad-aerea-federal","status":"publish","type":"post","link":"http:\/\/nuevacordoba.net\/index.php\/2022\/05\/14\/cordoba-reclamo-en-buenos-aires-reactivar-la-conectividad-aerea-federal\/","title":{"rendered":"C\u00f3rdoba reclam\u00f3 en Buenos Aires reactivar la conectividad a\u00e9rea federal"},"content":{"rendered":"<div><img src=\"http:\/\/nuevacordoba.net\/wp-content\/uploads\/2022\/05\/cordoba-reclamo-en-buenos-aires-reactivar-la-conectividad-aerea-federal.jpg\" class=\"ff-og-image-inserted\"><\/div>\n<p><em>En el marco de una asamblea del Consejo Federal de Turismo, el presidente de la Agencia C\u00f3rdoba Turismo, Esteban Avil\u00e9s, volvi\u00f3 a pedir a las autoridades nacionales la descentralizaci\u00f3n de la pol\u00edtica aerocomercial para recuperar mercado nacional y favorecer el Turismo de Reuniones.<\/em><\/p>\n<p>En el marco de la Asamblea Extraordinaria del Consejo Federal de Turismo, llevada a cabo en el Centro de Convenciones Buenos Aires como antesala del evento<strong> Meet Up 2022, <\/strong>celebrado este mi\u00e9rcoles<strong>, el presidente de a Agencia <a href=\"http:\/\/estaciontrip.com.ar\/cordoba-reclamo-en-buenos-aires-reactivar-la-conectividad-aerea-federal\/URL_AGRUPADOR_293\/cordoba-a8461\">C\u00f3rdoba<\/a> Turismo, Esteban <a href=\"http:\/\/estaciontrip.com.ar\/cordoba-reclamo-en-buenos-aires-reactivar-la-conectividad-aerea-federal\/URL_AGRUPADOR_293\/aviles-a19984\">Avil\u00e9s<\/a>, volvi\u00f3 a reclamar por la reactivaci\u00f3n del <a href=\"http:\/\/estaciontrip.com.ar\/cordoba-reclamo-en-buenos-aires-reactivar-la-conectividad-aerea-federal\/URL_AGRUPADOR_293\/hub-aereo-a22272\">hub a\u00e9reo<\/a>.<\/strong><\/p>\n<p>Con todos los representantes de turismo del pa\u00eds convocados para este encuentro, Avil\u00e9s reclam\u00f3 a las autoridades nacionales un cambio de mirada en la gesti\u00f3n aerocomercial, la cual <strong>\u201cest\u00e1 afectando gravemente la conectividad nacional e internacional de los destinos del interior\u201d.<\/strong><\/p>\n<p><strong>\u201cEn el contexto de esta asamblea C\u00f3rdoba fij\u00f3 su posici\u00f3n clara: para hablar de turismo de reuniones tenemos que sincerarnos en lo que est\u00e1 sucediendo en materia de conectividad a\u00e9rea internacional y nacional. Hoy la misma genera que Aeroparque est\u00e9 desbordado, al contrario de lo que sucede en los aeropuertos del interior del pa\u00eds\u201d<\/strong> expres\u00f3 Avil\u00e9s ante ministros de turismo y presidentes de bureaus de todo el pa\u00eds.<\/p>\n<p>El presidente de la Agencia C\u00f3rdoba Turismo se\u00f1al\u00f3: <strong>\u201cHay que aunar criterios y provocar un cambio de 180\u00b0 en el enfoque aerocomercial que est\u00e1 teniendo nuestro pa\u00eds, para que las aerol\u00edneas privadas, adem\u00e1s de la de bandera, vuelvan a conectar Argentina. El gobierno tiene que generar las herramientas para que nuestro pa\u00eds sea un destino en el que se pueda invertir, y tiene que apuntar a federalizar el esquema de conexiones que est\u00e1 manejando Aerol\u00edneas Argentinas. Necesitamos que cambien las estrategias que colocan a Buenos Aires como \u00fanica puerta de entrada al pa\u00eds\u201d.<\/strong><\/p>\n<p><strong>\u201cTodos los que estamos ac\u00e1 hemos visto tras la pandemia c\u00f3mo se empezaron a movilizar los hubs a\u00e9ros a nivel mundial, mientras que en nuestro pa\u00eds se tuvo una mirada centralista desde Aerol\u00edneas hacia el pa\u00eds. No se acompa\u00f1\u00f3 el esfuerzo por mantener y contener la operatividad las aerol\u00edneas privadas. Hoy no podemos evitar hablar de esto en el marco de este encuentro de turismo de reuniones, siendo la conectividad el \u00b4abc\u00b4 de esta industria a nivel nacional e internacional\u201d,<\/strong> remarc\u00f3 Avil\u00e9s, apuntando contra la desactivaci\u00f3n que est\u00e1 sufriendo el hub a\u00e9reo C\u00f3rdoba y el interior del pa\u00eds.<\/p>\n<p>En la asamblea participaron la secretaria de promoci\u00f3n tur\u00edstica del Ministerio de Turismo de la Naci\u00f3n, Yanina Mart\u00ednez, el presidente del Consejo Federal de Turismo (CFT), Sebasti\u00e1n Geobellina; el presidente de la C\u00e1mara Argentina de Turismo, Gustavo Hani; el titular de la Asociaci\u00f3n Argentina de Organizadores y Proveedores de Exposiciones, Congresos, Eventos y Bur\u00f3s de Convenciones (AOCA), Fernando Gorbar\u00e1n, el titular del Ente de Turismo de la Ciudad Aut\u00f3noma de Buenos Aires, Lucas Delfino; ministros de turismo y presidentes de bureaus de todas las provincias del pa\u00eds. En el caso de C\u00f3rdoba, acompa\u00f1aron a Avil\u00e9s los presidentes de los bureaus de C\u00f3rdoba y R\u00edo Cuarto, Daniel Quinteros y Paola Menossi, respectivamente.<\/p>\n","protected":false},"excerpt":{"rendered":"<p>En el marco de una asamblea del Consejo Federal de Turismo, el presidente de la Agencia C\u00f3rdoba Turismo, Esteban Avil\u00e9s, volvi\u00f3 a pedir a las autoridades nacionales la descentralizaci\u00f3n de la pol\u00edtica aerocomercial para recuperar mercado nacional y favorecer el Turismo de Reuniones. En el marco de la Asamblea Extraordinaria del Consejo Federal de Turismo, [&hellip;]<\/p>\n","protected":false},"author":1,"featured_media":19669,"comment_status":"closed","ping_status":"closed","sticky":false,"template":"","format":"standard","meta":[],"categories":[11],"tags":[],"_links":{"self":[{"href":"http:\/\/nuevacordoba.net\/index.php\/wp-json\/wp\/v2\/posts\/19668"}],"collection":[{"href":"http:\/\/nuevacordoba.net\/index.php\/wp-json\/wp\/v2\/posts"}],"about":[{"href":"http:\/\/nuevacordoba.net\/index.php\/wp-json\/wp\/v2\/types\/post"}],"author":[{"embeddable":true,"href":"http:\/\/nuevacordoba.net\/index.php\/wp-json\/wp\/v2\/users\/1"}],"replies":[{"embeddable":true,"href":"http:\/\/nuevacordoba.net\/index.php\/wp-json\/wp\/v2\/comments?post=19668"}],"version-history":[{"count":0,"href":"http:\/\/nuevacordoba.net\/index.php\/wp-json\/wp\/v2\/posts\/19668\/revisions"}],"wp:featuredmedia":[{"embeddable":true,"href":"http:\/\/nuevacordoba.net\/index.php\/wp-json\/wp\/v2\/media\/19669"}],"wp:attachment":[{"href":"http:\/\/nuevacordoba.net\/index.php\/wp-json\/wp\/v2\/media?parent=19668"}],"wp:term":[{"taxonomy":"category","embeddable":true,"href":"http:\/\/nuevacordoba.net\/index.php\/wp-json\/wp\/v2\/categories?post=19668"},{"taxonomy":"post_tag","embeddable":true,"href":"http:\/\/nuevacordoba.net\/index.php\/wp-json\/wp\/v2\/tags?post=19668"}],"curies":[{"name":"wp","href":"https:\/\/api.w.org\/{rel}","templated":true}]}}