{"id":1969,"date":"2021-03-12T11:47:54","date_gmt":"2021-03-12T11:47:54","guid":{"rendered":"https:\/\/www.checkinmag.com\/?p=1968"},"modified":"2021-03-12T11:47:54","modified_gmt":"2021-03-12T11:47:54","slug":"marull-fiesta-de-la-picada-y-la-cerveza","status":"publish","type":"post","link":"http:\/\/nuevacordoba.net\/index.php\/2021\/03\/12\/marull-fiesta-de-la-picada-y-la-cerveza\/","title":{"rendered":"Marull: fiesta de la picada y la cerveza"},"content":{"rendered":"<div><img src=\"http:\/\/nuevacordoba.net\/wp-content\/uploads\/2021\/03\/marull-fiesta-de-la-picada-y-la-cerveza.jpg\" class=\"ff-og-image-inserted\"><\/div>\n<p>En su segunda edici\u00f3n, la localidad de Marull pondr\u00e1 en escena festivalera, al mejor arte culinario de la regi\u00f3n Ansenuza.<\/p>\n<p>Desde el d\u00eda s\u00e1bado 13 y domingo 14 de marzo, ser\u00e1 el \u201cfinde\u201d perfecto para disfrutar de la fiesta de la picada y la cerveza en Marull.<\/p>\n<p>Una fiesta basada en las tradiciones que dej\u00f3 la inmigraci\u00f3n de principios del siglo XX, como, por ejemplo: la elaboraci\u00f3n de embutidos y quesos, m\u00e1s el valor agregado de la cerveza artesanal. Adem\u00e1s, la celebraci\u00f3n contar\u00e1 con m\u00fasica derivada de artistas locales y regionales.<\/p>\n<h3>A continuaci\u00f3n, destacamos la grilla de los m\u00fasicos invitados:<\/h3>\n<p><strong>S\u00e1bado 13\/03\/21<\/strong>&nbsp;\u2013 desde las&nbsp;<strong>19:30 horas<\/strong>&nbsp;se presentar\u00e1n. Joaqu\u00edn Mart\u00edn, C\u00e9sar Lagos y sus Mariachis, Compa\u00f1\u00eda Flamenca Alc\u00e1ntara de la ciudad de C\u00f3rdoba, shows de bombos, malambos y boleadoras a cargo del ballet municipal de la localidad de Arroyito, y un espectacular cierre de la noche con Chequelo.<\/p>\n<p><strong>Domingo 14\/03\/21<\/strong>&nbsp;\u2013 a partir de las<strong>&nbsp;19:00 horas<\/strong>&nbsp;ser\u00e1 el turno art\u00edstico del Ac\u00fastico Bajo Cuerdas de la cantante Luciana Chiaretta y Mart\u00edn Negri, tambi\u00e9n estar\u00e1 presente Vagabundos y Ab\u00fasate Cumbia (C\u00f3rdoba), y un final esperado con el cuarteto de Dani Guardia.<\/p>\n<p><a href=\"http:\/\/www.cordobaturismo.gov.ar\">www.cordobaturismo.gov.ar<\/a><\/p>\n","protected":false},"excerpt":{"rendered":"<p>En su segunda edici\u00f3n, la localidad de Marull pondr\u00e1 en escena festivalera, al mejor arte culinario de la regi\u00f3n Ansenuza. Desde el d\u00eda s\u00e1bado 13 y domingo 14 de marzo, ser\u00e1 el \u201cfinde\u201d perfecto para disfrutar de la fiesta de la picada y la cerveza en Marull. Una fiesta basada en las tradiciones que dej\u00f3 [&hellip;]<\/p>\n","protected":false},"author":1,"featured_media":1970,"comment_status":"closed","ping_status":"closed","sticky":false,"template":"","format":"standard","meta":[],"categories":[11],"tags":[],"_links":{"self":[{"href":"http:\/\/nuevacordoba.net\/index.php\/wp-json\/wp\/v2\/posts\/1969"}],"collection":[{"href":"http:\/\/nuevacordoba.net\/index.php\/wp-json\/wp\/v2\/posts"}],"about":[{"href":"http:\/\/nuevacordoba.net\/index.php\/wp-json\/wp\/v2\/types\/post"}],"author":[{"embeddable":true,"href":"http:\/\/nuevacordoba.net\/index.php\/wp-json\/wp\/v2\/users\/1"}],"replies":[{"embeddable":true,"href":"http:\/\/nuevacordoba.net\/index.php\/wp-json\/wp\/v2\/comments?post=1969"}],"version-history":[{"count":0,"href":"http:\/\/nuevacordoba.net\/index.php\/wp-json\/wp\/v2\/posts\/1969\/revisions"}],"wp:featuredmedia":[{"embeddable":true,"href":"http:\/\/nuevacordoba.net\/index.php\/wp-json\/wp\/v2\/media\/1970"}],"wp:attachment":[{"href":"http:\/\/nuevacordoba.net\/index.php\/wp-json\/wp\/v2\/media?parent=1969"}],"wp:term":[{"taxonomy":"category","embeddable":true,"href":"http:\/\/nuevacordoba.net\/index.php\/wp-json\/wp\/v2\/categories?post=1969"},{"taxonomy":"post_tag","embeddable":true,"href":"http:\/\/nuevacordoba.net\/index.php\/wp-json\/wp\/v2\/tags?post=1969"}],"curies":[{"name":"wp","href":"https:\/\/api.w.org\/{rel}","templated":true}]}}