{"id":19720,"date":"2022-05-15T20:25:02","date_gmt":"2022-05-15T20:25:02","guid":{"rendered":"http:\/\/nuevacordoba.net\/index.php\/2022\/05\/15\/cannes-la-fiesta-mundial-del-cine-y-las-estrellas\/"},"modified":"2022-05-15T20:25:02","modified_gmt":"2022-05-15T20:25:02","slug":"cannes-la-fiesta-mundial-del-cine-y-las-estrellas","status":"publish","type":"post","link":"http:\/\/nuevacordoba.net\/index.php\/2022\/05\/15\/cannes-la-fiesta-mundial-del-cine-y-las-estrellas\/","title":{"rendered":"Cannes: la fiesta mundial del cine y las estrellas"},"content":{"rendered":"<p><strong>Enviado especial<\/strong><\/p>\n<figure class=\"mb-3\"><img loading=\"lazy\" src=\"http:\/\/nuevacordoba.net\/wp-content\/uploads\/2022\/05\/cannes-la-fiesta-mundial-del-cine-y-las-estrellas.jpg\" width=\"100%\" height=\"100%\" alt=\"En esta edicin habr ms de 4000 periodistas acreditados de todo el mundo\"><figcaption> En esta edici\u00f3n habr\u00e1 m\u00e1s de 4.000 periodistas acreditados de todo el mundo. <\/figcaption><\/figure>\n<p>Actores y celebrities de la talla de Tom Cruise, Michelle Williams, Forrest Whitaker, Kristen Stewart, Tom Hanks, Viggo Mortensen, Isabelle Huppert, Marion Cotillard, Javier Bardem y John C. Reilly, entre muchos, tomar\u00e1n parte de la 75ta edici\u00f3n del Festival de Cine de Cannes, que se desarrollar\u00e1 en esa villa de la Riviera Francesa del 17 al 28 de mayo.<\/p>\n<p>El festival retoma este a\u00f1o su normalidad plena luego de los estragos provocados por<strong> la pandemia, que oblig\u00f3 a cancelar la edici\u00f3n de 2020 y cambiar de fecha y achicar la de 2021.<\/strong><\/p>\n<figure class=\"mb-3\"><img loading=\"lazy\" src=\"http:\/\/nuevacordoba.net\/wp-content\/uploads\/2022\/05\/cannes-la-fiesta-mundial-del-cine-y-las-estrellas-1.jpg\" width=\"100%\" height=\"100%\" alt=\"Final Cut del realizador francs ganador del Oscar por El artista MIchel Hazanavicius\"><figcaption> \u00abFinal Cut\u00bb, del realizador franc\u00e9s ganador del Oscar por \u00abEl artista\u00bb, MIchel Hazanavicius. <\/figcaption><\/figure>\n<p>Ser\u00e1n 12 d\u00edas en que el glamour de las alfombras rojas que se suceder\u00e1n unas a otras con impactantes bellezas, vestidos de alta costura, smokings, mo\u00f1os y corbatas competir\u00e1 en atenci\u00f3n con las mejores pel\u00edculas de reciente producci\u00f3n en el planeta, que tendr\u00e1n su premiere exclusiva en el m\u00e1s destacado evento de la industria cinematogr\u00e1fica mundial.<\/p>\n<p>A los actores de alta exposici\u00f3n y escaso contacto que llegar\u00e1n a Cannes desde distintas partes del globo, se suman los directores que vienen a presentar sus nuevas pel\u00edculas, como <strong>Ethan Cohen, que trae su primer filme realizado en solitario<\/strong>, lejos de la compa\u00f1\u00eda de su hermano Joel, un documental sobre Jerry Lee Lewis titulado <strong>\u00abTrouble in Mind\u00bb<\/strong>.<\/p>\n<p>El martes 17 y en la apertura, apenas caiga el sol sobre el Mediterr\u00e1neo junto al Palais des Festivals et des Congr\u00e9s, donde se desarrolla el encuentro, se ver\u00e1 <strong>\u00abFinal Cut\u00bb<\/strong>, una comedia negra sobre zombies y pel\u00edculas de bajo presupuesto del realizador franc\u00e9s ganador del Oscar por \u00abEl artista\u00bb, <strong>MIchel Hazanavicius<\/strong>, que contar\u00e1 en su elenco, y en la alfombra roja de apertura, a la actriz franco-argentina Berenice Bejo, una de las protagonistas del filme.<\/p>\n<figure class=\"mb-3\"><img loading=\"lazy\" src=\"http:\/\/nuevacordoba.net\/wp-content\/uploads\/2022\/05\/cannes-la-fiesta-mundial-del-cine-y-las-estrellas-2.jpg\" width=\"100%\" height=\"100%\" alt=\"Elvis biopic del australiano Baz Luhrmann\"><figcaption> \u00abElvis\u00bb, biopic del australiano Baz Luhrmann. <\/figcaption><\/figure>\n<p>Tambi\u00e9n se ver\u00e1 en Cannes, <strong>\u00abThe Natural History of Destruction\u00bb<\/strong>, del maestro del cine ucraniano Sergei Loznitsa; <strong>\u00abElvis\u00bb<\/strong>, biopic sobre el cantante que dio inicio al rock y puso en movimiento una cultura global, a cargo del australiano Baz Luhrmann (\u00abMouline Rouge\u00bb, \u00abEl Gran Gatsby\u00bb), con las actuaciones de Tom Hanks como el pol\u00e9mico \u00abCoronel\u00bb Tom Parker, su m\u00e1nager desde 1955 hasta su muerte y Austin Butler como el m\u00fasico nacido en Tupelo y fallecido en Memphis.<\/p>\n<p>El italiano <strong>Marco Bellocchio, de 82 a\u00f1os, lleva a Cannes su nueva pel\u00edcula \u00abEsterno Notte\u00bb<\/strong>, de cinco horas de duraci\u00f3n, centrada en el secuestro y asesinato del primer ministro italiano Aldo Moro por las Brigadas Rojas en 1978; el australiano <strong>George Miller<\/strong>, inventor de la saga Mad Max, llega con<strong> \u00abThree Thousand Years of Longing\u00bb<\/strong> y el franc\u00e9s Olivier Assayas presentar\u00e1 los primeros cap\u00edtulos de <strong>\u00abIrma Vep\u00bb<\/strong>, serie televisiva basada en su filme de 1996.<\/p>\n<figure class=\"mb-3\"><img loading=\"lazy\" src=\"http:\/\/nuevacordoba.net\/wp-content\/uploads\/2022\/05\/cannes-la-fiesta-mundial-del-cine-y-las-estrellas-3.jpg\" width=\"100%\" height=\"100%\" alt=\"Esterno Notte el secuestro de Aldo Moro en la lente del legendario Marco Bellocchio\"><figcaption> \u00abEsterno Notte\u00bb, el secuestro de Aldo Moro en la lente del legendario Marco Bellocchio. <\/figcaption><\/figure>\n<p>Tom Cruise ser\u00e1 la atracci\u00f3n el segundo d\u00eda del festival, cuando presente internacionalmente <strong>\u00abTop Gun: Maverick\u00bb<\/strong>, secuela del filme que lo eyect\u00f3 a la fama mundial, realizado 36 a\u00f1os atr\u00e1s, en una alfombra roja que ser\u00e1 el puntapi\u00e9 inicial del lanzamiento de la pel\u00edcula a nivel global, con estreno una semana m\u00e1s tarde en todo el mundo.<\/p>\n<p>De Argentina s\u00f3lo se ver\u00e1 en Cannes<strong> la pel\u00edcula p\u00f3stuma de Fernando \u00abPino\u00bb Solanas, \u00abTres en la deriva del acto creativo\u00bb<\/strong>, que tomar\u00e1 parte de la secci\u00f3n Cannes Classics, que forma parte de la Selecci\u00f3n Oficial del festival.<\/p>\n<p>El filme de Pino, fallecido en noviembre de 2020 en Par\u00eds, es un encuentro entre el propio Solanas con <strong>el actor y dramaturgo Eduardo \u00abTato\u00bb Pavlovsky y el artista pl\u00e1stico Luis Felipe \u00abYuyo\u00bb No\u00e9<\/strong>, tres activos protagonistas de la cultura argentina de las \u00faltimas d\u00e9cadas y amigos desde la juventud, para hablar de los m\u00faltiples disparadores del trabajo creativo.<\/p>\n<p>En la Competencia por la Palma de Oro, n\u00facleo creativo y estrella del festival, se ver\u00e1 <strong>\u00abCrimes of the Future\u00bb, nuevo filme del canadiense David Cronenberg<\/strong>, que vuelve a trabajar con Viggo Mortensen, en este caso junto a Lea Seydoux y Kristen Stewart, para narrar un futuro no tan lejano en el que la humanidad sufre una metamorfosis biol\u00f3gica producto del entorno sint\u00e9tico en que vive.<\/p>\n<figure class=\"mb-3\"><img loading=\"lazy\" src=\"http:\/\/nuevacordoba.net\/wp-content\/uploads\/2022\/05\/cannes-la-fiesta-mundial-del-cine-y-las-estrellas-4.jpg\" width=\"100%\" height=\"100%\" alt=\"Top Gun Maverick con Tom Cruise 36 aos despus de la original\"><figcaption> \u00abTop Gun: Maverick\u00bb, con Tom Cruise, 36 a\u00f1os despu\u00e9s de la original. <\/figcaption><\/figure>\n<p>Tambi\u00e9n<strong> \u00abBroker\u00bb, \u00faltimo filme del maravilloso realizador japon\u00e9s Hirozaku Koreeda<\/strong>, autor de \u00abDe tal padre, tal hijo\u00bb, \u00abNadie<br \/>sabe\u00bb y la ganadora de la Palma de Oro en 2018 \u00abSomos una familia\u00bb, que en este caso cuenta historias en relaci\u00f3n con las cajas para abandonar en forma an\u00f3nima los beb\u00e9s reci\u00e9n nacidos y no deseados.<\/p>\n<p>Tambi\u00e9n <strong>\u00abHoly Spider\u00bb, del iran\u00ed Ali Abbasi<\/strong>, que impact\u00f3 a Cannes y al mundo con \u00abBorder\u00bb en 2018, <strong>\u00abTori and Lokita\u00bb, filme de los hermanos belgas Jean Pierre y Luc Dardenne<\/strong>, expresi\u00f3n del cine pol\u00edtico europeo de las \u00faltimas d\u00e9cadas y dos veces ganadores de la Palma de Oro (\u00abEl ni\u00f1o\u00bb en 2005 y \u00abRosetta\u00bb en 1999).<\/p>\n<p><strong>\u00abStars at Noon\u00bb<\/strong> de la personal realizadora francesa Claire Denis; <strong>\u00abClose\u00bb<\/strong>, segundo filme del belga Lukas Dhont que impact\u00f3 con \u00abGirl\u00bb que se llev\u00f3 la C\u00e1mara de Oro a la mejor \u00f3pera prima de todo el festival en 2018, y <strong>\u00abArmageddon Time\u00bb<\/strong>, del neoyorquino James Gray en una coming of age en parte biogr\u00e1fica que describe la Queens de mediados de los 80.<\/p>\n<figure class=\"mb-3\"><img loading=\"lazy\" src=\"http:\/\/nuevacordoba.net\/wp-content\/uploads\/2022\/05\/cannes-la-fiesta-mundial-del-cine-y-las-estrellas-5.jpg\" width=\"100%\" height=\"100%\" alt=\"Showing Up de Kelly Reichardt la mxima expresin del cine independiente estadounidense\"><figcaption> \u00abShowing Up\u00bb, de Kelly Reichardt, la m\u00e1xima expresi\u00f3n del cine independiente estadounidense. <\/figcaption><\/figure>\n<p><strong>\u00abRMK,\u00bb <\/strong>del Cristian Mungiu una de las caras que alumbr\u00f3 el nuevo cine rumano a comienzos de siglo y que gan\u00f3 la Palma de Oro en 2007 con \u00ab4 meses, 3 semanas, dos d\u00edas\u00bb un valiente filme sobre el aborto y los estragos de la burocracia estatal; <strong>\u00abTriangle of Sadness\u00bb<\/strong>, del sueco Ruben Ostlund, autor de dos joyas: \u00abForce Majeur\u00bb y \u00abThe Square\u00bb (Palma de Oro en 2017) y <strong>\u00abDecision of Leave\u00bb<\/strong>, del maestro de la violencia surcoreano Park Chan-Wook, son otras de las pel\u00edculas en la m\u00e1xima competencia del festival.<\/p>\n<p>Habr\u00e1 en la pelea por la Palma de Oro otras dos pel\u00edculas muy esperadas: la llegada a Cannes por primera vez de la realizadora Kelly Reichardt, m\u00e1xima expresi\u00f3n del cine independiente estadounidense, que mostrar\u00e1 en premiere mundial<strong> \u00abShowing Up\u00bb<\/strong>, protagonizada por su actriz fetiche Michelle Williams; y <strong>\u00abBora Bora\u00bb<\/strong>, \u00faltimo registro del impredecible y necesario realizador catal\u00e1n Albert Serra, que trae un filme rodado en la Polinesia francesa.<\/p>\n<h2 class>Otras secciones del Festival<\/h2>\n<p><\/p>\n<figure class=\"mb-3\"><img loading=\"lazy\" src=\"http:\/\/nuevacordoba.net\/wp-content\/uploads\/2022\/05\/cannes-la-fiesta-mundial-del-cine-y-las-estrellas-6.jpg\" width=\"100%\" height=\"100%\" alt=\"A las funciones del festival solo pueden acceder los periodistas acreditados y los invitados especiales\"><figcaption> A las funciones del festival solo pueden acceder los periodistas acreditados y los invitados especiales. <\/figcaption><\/figure>\n<p>Junto a la Competencia Internacional, los filmes fuera de competencia, Cannes Classics, Cannes Premieres, Proyecciones Especiales y Pel\u00edculas de Medianoche, el festival propone tambi\u00e9n la secci\u00f3n <strong>Un Certain Regard (Una Cierta Mirada<\/strong>), que alumbra en muchos casos joyas desconocidas con las cuales algunos de los directores que luego eclipsar\u00e1n la escena mundial se dan a conocer con sus primeras pel\u00edculas y en otras reconoce trayectorias ya consagradas.<\/p>\n<p>Tambi\u00e9n habr\u00e1 dos secciones paralelas, que se desarrollan junto al festival y fuera del Palais que traen, en general, valios\u00edsimos t\u00edtulos e innumerables descubrimientos: <strong>La Quincena de los Realizadores <\/strong>y<strong> La Semana de la Cr\u00edtica.<\/strong><\/p>\n<p>M\u00e1s all\u00e1 de las proyecciones, las alfombras rojas y el glamour, Cannes es tambi\u00e9n el epicentro de los negocios de la industria del cine mundial que se dan cita en el <strong>March\u00e9 du Film<\/strong>, que se desarrolla con el festival y adonde <strong>acuden m\u00e1s de 12.000 representantes de la industria <\/strong>para sellar acuerdos de escala mundial, comprar y vender pel\u00edculas para pa\u00edses, territorios y continentes.<\/p>\n<p>A las funciones del festival solo pueden acceder los acreditados: <strong>m\u00e1s de 4.000 periodistas de todo el mundo<\/strong> y los invitados, ya que las proyecciones no est\u00e1n abiertas al p\u00fablico general, que s\u00ed puede acceder a las funciones de la Quincena y la Semana.<\/p>\n<div class=\"card col-md-10 offset-md-1 mb-4\">\n<h3 class=\"pt-2\">Relacionadas<\/h3>\n<\/p><\/div>\n","protected":false},"excerpt":{"rendered":"<p>Enviado especial En esta edici\u00f3n habr\u00e1 m\u00e1s de 4.000 periodistas acreditados de todo el mundo. Actores y celebrities de la talla de Tom Cruise, Michelle Williams, Forrest Whitaker, Kristen Stewart, Tom Hanks, Viggo Mortensen, Isabelle Huppert, Marion Cotillard, Javier Bardem y John C. Reilly, entre muchos, tomar\u00e1n parte de la 75ta edici\u00f3n del Festival de [&hellip;]<\/p>\n","protected":false},"author":1,"featured_media":19721,"comment_status":"closed","ping_status":"closed","sticky":false,"template":"","format":"standard","meta":[],"categories":[9],"tags":[],"_links":{"self":[{"href":"http:\/\/nuevacordoba.net\/index.php\/wp-json\/wp\/v2\/posts\/19720"}],"collection":[{"href":"http:\/\/nuevacordoba.net\/index.php\/wp-json\/wp\/v2\/posts"}],"about":[{"href":"http:\/\/nuevacordoba.net\/index.php\/wp-json\/wp\/v2\/types\/post"}],"author":[{"embeddable":true,"href":"http:\/\/nuevacordoba.net\/index.php\/wp-json\/wp\/v2\/users\/1"}],"replies":[{"embeddable":true,"href":"http:\/\/nuevacordoba.net\/index.php\/wp-json\/wp\/v2\/comments?post=19720"}],"version-history":[{"count":0,"href":"http:\/\/nuevacordoba.net\/index.php\/wp-json\/wp\/v2\/posts\/19720\/revisions"}],"wp:featuredmedia":[{"embeddable":true,"href":"http:\/\/nuevacordoba.net\/index.php\/wp-json\/wp\/v2\/media\/19721"}],"wp:attachment":[{"href":"http:\/\/nuevacordoba.net\/index.php\/wp-json\/wp\/v2\/media?parent=19720"}],"wp:term":[{"taxonomy":"category","embeddable":true,"href":"http:\/\/nuevacordoba.net\/index.php\/wp-json\/wp\/v2\/categories?post=19720"},{"taxonomy":"post_tag","embeddable":true,"href":"http:\/\/nuevacordoba.net\/index.php\/wp-json\/wp\/v2\/tags?post=19720"}],"curies":[{"name":"wp","href":"https:\/\/api.w.org\/{rel}","templated":true}]}}