{"id":19724,"date":"2022-05-14T10:30:33","date_gmt":"2022-05-14T10:30:33","guid":{"rendered":"https:\/\/puntoapunto.com.ar\/?p=333285"},"modified":"2022-05-14T10:30:33","modified_gmt":"2022-05-14T10:30:33","slug":"politica-a-punto-de-loredo-desconfia-de-un-acuerdo-de-juez-con-negri-y-mestre","status":"publish","type":"post","link":"http:\/\/nuevacordoba.net\/index.php\/2022\/05\/14\/politica-a-punto-de-loredo-desconfia-de-un-acuerdo-de-juez-con-negri-y-mestre\/","title":{"rendered":"Pol\u00edtica a Punto: De Loredo desconf\u00eda de un acuerdo de Juez con Negri y Mestre"},"content":{"rendered":"<div><img src=\"http:\/\/nuevacordoba.net\/wp-content\/uploads\/2022\/05\/politica-a-punto-de-loredo-desconfia-de-un-acuerdo-de-juez-con-negri-y-mestre.jpg\" class=\"ff-og-image-inserted\"><\/div>\n<p><strong>Por Gabriel Silva<\/strong><\/p>\n<p>Mario Negri y Ram\u00f3n Mestre ya hablaron de manera individual con Luis Juez. Y a esto, Rodrigo de Loredo, lo sabe. No solo que lo sabe, sospecha de un acuerdo en el tridente que afecte sus intenciones 2023 y lo terminen acorralando en el escenario electoral.<\/p>\n<p>Los temores no terminan ah\u00ed, en el di\u00e1logo entre los radicales y el senador. Sino que tambi\u00e9n se extiende al PRO que, sin nombres taquilleros para la pelea provincial o municipal, terminen siendo juez y parte en un reparto que tambi\u00e9n perjudicar\u00eda al excandidato a intendente en 2019.<\/p>\n<p>La jugada pasa por el rol tanto de Negri como de Mestre, dentro de la UCR. El primero, controla el partido con el presidente provincial, el tambi\u00e9n diputado Marcos Carasso; el segundo, maneja el congreso partidario, la herramienta que define las alianzas con otras fuerzas, y tambi\u00e9n tiene peso en una porci\u00f3n \u2013minoritaria, por cierto- del foro de intendentes.<\/p>\n<p>Adem\u00e1s, los dos, tanto Negri como Mestre, se ven alejados de sus chances para ocupar candidaturas a cargos ejecutivos en el 2023. Y, por lo tanto, el di\u00e1logo con Juez pasa por otro lado: quieren asegurarse el respaldo del senador para las listas de diputados nacionales. Uno para continuar en la C\u00e1mara baja; el otro, para buscar renacer desde ah\u00ed.<\/p>\n<p>As\u00ed de sencilla es la jugada que preocupa a De Loredo, quien llega a la negociaci\u00f3n como el de mayor porcentaje en intenci\u00f3n de voto de todo Juntos por el Cambio en la carrera por la intendencia. Pero, tambi\u00e9n como el radical m\u00e1s taquillero.<\/p>\n<p>Negri, por su parte, mantuvo un encuentro con Juez. Compartieron una cena en las oficinas del exintendente en barrio Observatorio y en esa conversaci\u00f3n Negri col\u00f3 el nombre de su hijo, el concejal Juan, para dos posibles lugares: candidato a viceintendente o en la lista de legisladores provinciales.<\/p>\n<p>Juez dijo lo mismo que sostiene con todos: hay lugar y tiene un solo casillero ocupado. El de \u00e9l. Desde ah\u00ed, hacia abajo, hay lugares libres.<\/p>\n<p>Mestre, en tanto, retom\u00f3 las recorridas en la capital y esta vez lo hizo acompa\u00f1ado por su hermano Diego, dando muestras que parecen haber limado ciertas diferencias y amagan con un armado en la ciudad, ante cualquier eventualidad.<\/p>\n<p>Sin embargo, como se dijo, no son las \u00fanicas conversaciones que inquietan a De Loredo. El entorno del diputado tambi\u00e9n observa al PRO y las charlas que tienen de manera individual con Juez. En realidad, este di\u00e1logo fraccionado, tampoco tiene tranquilo al senador.<\/p>\n<p>Quiere a los amarillos unidos y negociando con todos en bloque, no de manera dividida.<\/p>\n<p>Volviendo a las observaciones que hace el entorno de De Loredo, cerca del diputado saben que el PRO pelear\u00e1 por colar los dos \u2018vices\u2019, el provincial y el municipal. Y lo primero, sobre todo, choca contra los intereses de Marcos Ferrer, el intendente de R\u00edo Tercero y principal armador de De Loredo.<\/p>\n<p>Ferrer quiere ser \u00e9l quien acompa\u00f1e a Juez y relegar al PRO -\u00bfLaura Rodr\u00edguez Machado?- al primer lugar de la lista de legisladores provinciales. Oferta que no convence a ning\u00fan amarillo.<\/p>\n<p>As\u00ed, con las piezas desparramadas, luce por ahora el rompecabezas de Juntos en C\u00f3rdoba.<\/p>\n","protected":false},"excerpt":{"rendered":"<p>Por Gabriel Silva Mario Negri y Ram\u00f3n Mestre ya hablaron de manera individual con Luis Juez. Y a esto, Rodrigo de Loredo, lo sabe. No solo que lo sabe, sospecha de un acuerdo en el tridente que afecte sus intenciones 2023 y lo terminen acorralando en el escenario electoral. Los temores no terminan ah\u00ed, en [&hellip;]<\/p>\n","protected":false},"author":1,"featured_media":19725,"comment_status":"open","ping_status":"closed","sticky":false,"template":"","format":"standard","meta":[],"categories":[12,14],"tags":[],"_links":{"self":[{"href":"http:\/\/nuevacordoba.net\/index.php\/wp-json\/wp\/v2\/posts\/19724"}],"collection":[{"href":"http:\/\/nuevacordoba.net\/index.php\/wp-json\/wp\/v2\/posts"}],"about":[{"href":"http:\/\/nuevacordoba.net\/index.php\/wp-json\/wp\/v2\/types\/post"}],"author":[{"embeddable":true,"href":"http:\/\/nuevacordoba.net\/index.php\/wp-json\/wp\/v2\/users\/1"}],"replies":[{"embeddable":true,"href":"http:\/\/nuevacordoba.net\/index.php\/wp-json\/wp\/v2\/comments?post=19724"}],"version-history":[{"count":0,"href":"http:\/\/nuevacordoba.net\/index.php\/wp-json\/wp\/v2\/posts\/19724\/revisions"}],"wp:featuredmedia":[{"embeddable":true,"href":"http:\/\/nuevacordoba.net\/index.php\/wp-json\/wp\/v2\/media\/19725"}],"wp:attachment":[{"href":"http:\/\/nuevacordoba.net\/index.php\/wp-json\/wp\/v2\/media?parent=19724"}],"wp:term":[{"taxonomy":"category","embeddable":true,"href":"http:\/\/nuevacordoba.net\/index.php\/wp-json\/wp\/v2\/categories?post=19724"},{"taxonomy":"post_tag","embeddable":true,"href":"http:\/\/nuevacordoba.net\/index.php\/wp-json\/wp\/v2\/tags?post=19724"}],"curies":[{"name":"wp","href":"https:\/\/api.w.org\/{rel}","templated":true}]}}