{"id":19747,"date":"2022-05-16T00:04:18","date_gmt":"2022-05-16T00:04:18","guid":{"rendered":"https:\/\/puntoapunto.com.ar\/?p=333308"},"modified":"2022-05-16T00:04:18","modified_gmt":"2022-05-16T00:04:18","slug":"quien-sera-el-candidato-a-gobernador-de-milei-en-cordoba","status":"publish","type":"post","link":"http:\/\/nuevacordoba.net\/index.php\/2022\/05\/16\/quien-sera-el-candidato-a-gobernador-de-milei-en-cordoba\/","title":{"rendered":"Qui\u00e9n ser\u00e1 el candidato a gobernador de Milei en C\u00f3rdoba"},"content":{"rendered":"<div><img src=\"http:\/\/nuevacordoba.net\/wp-content\/uploads\/2022\/05\/quien-sera-el-candidato-a-gobernador-de-milei-en-cordoba.jpg\" class=\"ff-og-image-inserted\"><\/div>\n<p>Por Daniel Ponce, especial para Perfil C\u00f3rdoba.<\/p>\n<p>Hace unos d\u00edas <a href=\"https:\/\/www.perfil.com\/noticias\/actualidad\/javier-milei-reunio-a-12-mil-personas-en-mendoza-el-peso-es-la-moneda-de-la-casta-y-no-sirve-ni-como-abono.phtml\" target=\"_blank\" rel=\"noopener\"><strong>Javier Milei, con su partido La Libertad Avanza, dio en Mendoza un paso fundamental para conformar una estructura que lo habilite a competir en todo el pa\u00eds<\/strong><\/a>&nbsp;junto al Partido Dem\u00f3crata en las elecciones del a\u00f1o pr\u00f3ximo. As\u00ed, se ratific\u00f3 la candidatura a Presidente del l\u00edder libertario, al tiempo que aseguraron que van a presentar candidatos en todo el territorio nacional.<\/p>\n<p>La incursi\u00f3n por Mendoza dej\u00f3 m\u00e1s que satisfechos a libertarios y dem\u00f3cratas, ya que desde ambas fuerzas coincidieron en que la confluencia resulta \u201cm\u00e1s que positiva\u201d, teniendo en cuenta que el economista ve en el tradicional Partido Dem\u00f3crata la estructura con representaci\u00f3n nacional que lo impulse a la presidencia en 2023. En tanto,&nbsp;<strong>la idea de los dem\u00f3cratas es conformar una \u201cconfederaci\u00f3n de partidos liberales junto a los partidos provinciales que quieran adherir\u201d.<\/strong><\/p>\n<p>En ese sentido, en C\u00f3rdoba el actual conductor del Partido Dem\u00f3crata le confirm\u00f3 a&nbsp;<strong>PERFIL C\u00d3RDOBA<\/strong>&nbsp;que \u00e9l ser\u00e1 el candidato a gobernador que representar\u00e1 a Milei en esta provincia y que el partido y las listas provinciales y municipales completas est\u00e1n a disposici\u00f3n del diputado nacional libertario.<\/p>\n<p><strong>Eiben asegur\u00f3 tambi\u00e9n que aguardar\u00e1n las definiciones de Agust\u00edn Laje y de la economista Diana Mondino, ambos cercanos a Milei<\/strong>; el dirigente dem\u00f3crata dijo que, m\u00e1s all\u00e1 de la confirmaci\u00f3n de su candidatura, ser\u00e1 el l\u00edder libertario qui\u00e9n finalmente decidir\u00e1 el rol que cada uno ocupar\u00e1, confiando en que es posible que Milei convoque a alguno de ellos para acompa\u00f1arlo en la estructura nacional.<\/p>\n<p>Cabe destacar que Francisco Pendas, asesor de Eiben y otro de los dirigentes del Partido Dem\u00f3crata de C\u00f3rdoba, es hijo de Mondino, la economista preferida de Milei, conformando un poderoso t\u00e1ndem para apuntalar la candidatura presidencial de Milei desde esta provincia.<\/p>\n<p><strong>Se lanza en junio.<\/strong>&nbsp;Eiben dijo que realizar\u00e1 el lanzamiento de su candidatura a gobernador en junio, a\u00f1adiendo que tambi\u00e9n presentar\u00e1 a su candidato a vicegobernador, \u201cun destacado hombre de C\u00f3rdoba, con alto reconocimiento popular\u201d.<\/p>\n<p>El dem\u00f3crata conf\u00eda en que C\u00f3rdoba ser\u00e1 un importante aportante de votos para el libertario; por un lado, por el alto crecimiento en intenci\u00f3n de votos que viene demostrando Milei en todo el pa\u00eds, confirmando las encuestas que lo dan en paridad con Juntos por el Cambio y el Frente de Todos, y destacando que en ese sentido los votos en favor del l\u00edder libertario ser\u00e1n a\u00fan mayores por la presencia del Partido Dem\u00f3crata que conserva una huella en esta provincia as\u00ed como la ascendencia popular de qui\u00e9n ser\u00e1 su candidato a vicegobernador.<\/p>\n<p>En relaci\u00f3n a una nueva visita de Milei a C\u00f3rdoba el dirigente dem\u00f3crata asegur\u00f3 que&nbsp;<strong>el futuro candidato a Presidente no tiene fechas disponibles por el momento ya que deber\u00e1 desarrollar una apretada agenda con distintas reuniones tanto en Buenos Aires como en otros destinos<\/strong>&nbsp;del continente y de Estados Unidos.<\/p>\n<p>Mientras tanto, el Partido Dem\u00f3crata de C\u00f3rdoba continuar\u00e1 trabajando en la conformaci\u00f3n de la estructura del partido a nivel provincial para apuntalar la candidatura de Milei y concretar la prometida presencia electoral en toda la provincia.<\/p>\n<p>Por otro lado, Eiben reafirm\u00f3 que, tal como se ha dicho a nivel nacional, es absolutamente imposible pensar en ning\u00fan tipo de alianzas con otros sectores en C\u00f3rdoba, descartando de manera taxativa cualquier acercamiento al senador nacional Luis Juez as\u00ed como a Juntos por el Cambio. En tanto, asegur\u00f3 tambi\u00e9n que quienes quieran aportar a la candidatura presidencial de Milei en C\u00f3rdoba deber\u00e1n sumarse al Partido Dem\u00f3crata o, en el caso de alguna estructura pol\u00edtica con conformaci\u00f3n confirmada en la Justicia electoral, dialogar con las autoridades dem\u00f3cratas para acordar pol\u00edticas de alianzas.<\/p>\n","protected":false},"excerpt":{"rendered":"<p>Por Daniel Ponce, especial para Perfil C\u00f3rdoba. Hace unos d\u00edas Javier Milei, con su partido La Libertad Avanza, dio en Mendoza un paso fundamental para conformar una estructura que lo habilite a competir en todo el pa\u00eds&nbsp;junto al Partido Dem\u00f3crata en las elecciones del a\u00f1o pr\u00f3ximo. As\u00ed, se ratific\u00f3 la candidatura a Presidente del l\u00edder [&hellip;]<\/p>\n","protected":false},"author":1,"featured_media":19748,"comment_status":"open","ping_status":"closed","sticky":false,"template":"","format":"standard","meta":[],"categories":[12,14],"tags":[],"_links":{"self":[{"href":"http:\/\/nuevacordoba.net\/index.php\/wp-json\/wp\/v2\/posts\/19747"}],"collection":[{"href":"http:\/\/nuevacordoba.net\/index.php\/wp-json\/wp\/v2\/posts"}],"about":[{"href":"http:\/\/nuevacordoba.net\/index.php\/wp-json\/wp\/v2\/types\/post"}],"author":[{"embeddable":true,"href":"http:\/\/nuevacordoba.net\/index.php\/wp-json\/wp\/v2\/users\/1"}],"replies":[{"embeddable":true,"href":"http:\/\/nuevacordoba.net\/index.php\/wp-json\/wp\/v2\/comments?post=19747"}],"version-history":[{"count":0,"href":"http:\/\/nuevacordoba.net\/index.php\/wp-json\/wp\/v2\/posts\/19747\/revisions"}],"wp:featuredmedia":[{"embeddable":true,"href":"http:\/\/nuevacordoba.net\/index.php\/wp-json\/wp\/v2\/media\/19748"}],"wp:attachment":[{"href":"http:\/\/nuevacordoba.net\/index.php\/wp-json\/wp\/v2\/media?parent=19747"}],"wp:term":[{"taxonomy":"category","embeddable":true,"href":"http:\/\/nuevacordoba.net\/index.php\/wp-json\/wp\/v2\/categories?post=19747"},{"taxonomy":"post_tag","embeddable":true,"href":"http:\/\/nuevacordoba.net\/index.php\/wp-json\/wp\/v2\/tags?post=19747"}],"curies":[{"name":"wp","href":"https:\/\/api.w.org\/{rel}","templated":true}]}}