{"id":19767,"date":"2022-05-17T03:55:38","date_gmt":"2022-05-17T03:55:38","guid":{"rendered":"https:\/\/www.bbc.com\/mundo\/noticias-internacional-61474637"},"modified":"2022-05-17T03:55:38","modified_gmt":"2022-05-17T03:55:38","slug":"cuba-ee-uu-el-gobierno-de-biden-flexibiliza-la-politica-hacia-la-isla-y-deshace-medidas-adoptadas-por-trump","status":"publish","type":"post","link":"http:\/\/nuevacordoba.net\/index.php\/2022\/05\/17\/cuba-ee-uu-el-gobierno-de-biden-flexibiliza-la-politica-hacia-la-isla-y-deshace-medidas-adoptadas-por-trump\/","title":{"rendered":"Cuba-EE.UU.: el gobierno de Biden flexibiliza la pol\u00edtica hacia la isla y deshace medidas adoptadas por Trump"},"content":{"rendered":"<div dir=\"ltr\" class=\"e1j2237y6 bbc-q4ibpr e57qer20\">\n<div class=\"bbc-1atl7vu e1c9i7u14\">\n<ul role=\"list\" class=\"bbc-k0l9bd e1c9i7u12\">\n<li role=\"listitem\" class=\"bbc-1a3w4ok e1c9i7u11\">Redacci\u00f3n <\/li>\n<li role=\"listitem\" class=\"bbc-1p92jtu e1c9i7u10\">BBC News Mundo<\/li>\n<\/ul>\n<\/div>\n<\/div>\n<p><time datetime=\"2022-05-17\" class=\"bbc-14xtggo e4zesg50\">3 horas<\/time><\/p>\n<div dir=\"ltr\" class=\"bbc-1ka88fa e57qer20\">\n<figure class=\"bbc-1qdcvv9 e6bmn90\">\n<div dir=\"ltr\" class=\"bbc-172p16q e57qer20\">\n<div dir=\"ltr\" class=\"bbc-189y18v e57qer20\" readability=\"6.5\">\n<div data-e2e=\"image-placeholder\" class=\"bbc-997y1y e1whu0\" readability=\"8\"><picture class=\"bbc-yfiktt e1enwo3v1\"><source srcset=\"https:\/\/ichef.bbci.co.uk\/news\/240\/cpsprodpb\/DF1E\/production\/_124781175_habanareuters.jpg.webp 240w, https:\/\/ichef.bbci.co.uk\/news\/320\/cpsprodpb\/DF1E\/production\/_124781175_habanareuters.jpg.webp 320w, https:\/\/ichef.bbci.co.uk\/news\/480\/cpsprodpb\/DF1E\/production\/_124781175_habanareuters.jpg.webp 480w, https:\/\/ichef.bbci.co.uk\/news\/624\/cpsprodpb\/DF1E\/production\/_124781175_habanareuters.jpg.webp 624w, https:\/\/ichef.bbci.co.uk\/news\/800\/cpsprodpb\/DF1E\/production\/_124781175_habanareuters.jpg.webp 800w\" type=\"image\/webp\" sizes=\"(min-width: 1008px) 645px, 100vw\"><source srcset=\"https:\/\/ichef.bbci.co.uk\/news\/240\/cpsprodpb\/DF1E\/production\/_124781175_habanareuters.jpg 240w, https:\/\/ichef.bbci.co.uk\/news\/320\/cpsprodpb\/DF1E\/production\/_124781175_habanareuters.jpg 320w, https:\/\/ichef.bbci.co.uk\/news\/480\/cpsprodpb\/DF1E\/production\/_124781175_habanareuters.jpg 480w, https:\/\/ichef.bbci.co.uk\/news\/624\/cpsprodpb\/DF1E\/production\/_124781175_habanareuters.jpg 624w, https:\/\/ichef.bbci.co.uk\/news\/800\/cpsprodpb\/DF1E\/production\/_124781175_habanareuters.jpg 800w\" type=\"image\/jpeg\" sizes=\"(min-width: 1008px) 645px, 100vw\"><img loading=\"lazy\" src=\"http:\/\/nuevacordoba.net\/wp-content\/uploads\/2022\/05\/cuba-ee-uu-el-gobierno-de-biden-flexibiliza-la-politica-hacia-la-isla-y-deshace-medidas-adoptadas-por-trump.jpg\" alt=\"Auto en La Habana, cerca de la embajada de EE.UU.\" width=\"976\" height=\"549\" class=\"eehpdyc0 bbc-rb7xa0 e1enwo3v0\"><\/picture>\n<p role=\"text\" class=\"bbc-1s1cxbv etq3yw90\"><span class=\"bbc-1gnhmg2 e1yt7oin0\">Fuente de la imagen, <\/span><span lang=\"en-GB\">Reuters<\/span><\/p>\n<\/div>\n<\/div>\n<\/div>\n<\/figure>\n<\/div>\n<div dir=\"ltr\" class=\"bbc-19j92fr e57qer20\" readability=\"9\">\n<p dir=\"ltr\" class=\"bbc-bm53ic e1cc2ql70\"><b>El gobierno de Estados Unidos anunci\u00f3 este lunes una serie de medidas que buscan suavizar la pol\u00edtica hacia Cuba y que suponen una marcha atr\u00e1s respecto a las decisiones tomadas por el expresidente Donald Trump.<\/b><\/p>\n<\/div>\n<div dir=\"ltr\" class=\"bbc-19j92fr e57qer20\" readability=\"12\">\n<p dir=\"ltr\" class=\"bbc-bm53ic e1cc2ql70\">As\u00ed, el Departamento de Estado inform\u00f3 de que se restablecer\u00e1n los vuelos comerciales a Cuba, que ahora solo llegaban a La Habana, y se suspender\u00e1 el l\u00edmite de US$1.000 por trimestre a las remesas.<\/p>\n<\/div>\n<div dir=\"ltr\" class=\"bbc-19j92fr e57qer20\" readability=\"9\">\n<p dir=\"ltr\" class=\"bbc-bm53ic e1cc2ql70\">El gobierno de Biden tambi\u00e9n restablecer\u00e1 un programa de reunificaci\u00f3n familiar que llevaba suspendido desde hace a\u00f1os, se\u00f1al\u00f3 en un comunicado el Departamento de Estado.<\/p>\n<\/div>\n<div dir=\"ltr\" class=\"bbc-19j92fr e57qer20\" readability=\"10\">\n<p dir=\"ltr\" class=\"bbc-bm53ic e1cc2ql70\">\u00ab<b>Cuba enfrenta una crisis humanitaria sin precedentes<\/b> y nuestra pol\u00edtica continuar\u00e1 enfoc\u00e1ndose en empoderar al pueblo cubano para ayudarlo a crear un futuro libre de represi\u00f3n y sufrimiento econ\u00f3mico\u00bb, dice el texto.<\/p>\n<\/div>\n<div dir=\"ltr\" class=\"bbc-19j92fr e57qer20\" readability=\"10\">\n<p dir=\"ltr\" class=\"bbc-bm53ic e1cc2ql70\">El portavoz del Departamento de Estado, Ned Price, hizo un llamamiento al gobierno cubano para que libere \u00abinmediatamente\u00bb a los \u00abpresos pol\u00edticos\u00bb y respete los derechos fundamentales de su pueblo.<\/p>\n<\/div>\n<div dir=\"ltr\" class=\"bbc-1ka88fa e57qer20\">\n<figure class=\"bbc-1qdcvv9 e6bmn90\">\n<div dir=\"ltr\" class=\"bbc-172p16q e57qer20\">\n<div dir=\"ltr\" class=\"bbc-189y18v e57qer20\" readability=\"6.5\">\n<div data-e2e=\"image-placeholder\" class=\"bbc-997y1y e1whu0\" readability=\"8\"><noscript><picture class=\"bbc-yfiktt e1enwo3v1\"><source srcset=\"http:\/\/nuevacordoba.net\/wp-content\/uploads\/2022\/05\/cuba-ee-uu-el-gobierno-de-biden-flexibiliza-la-politica-hacia-la-isla-y-deshace-medidas-adoptadas-por-trump.webp 240w, http:\/\/nuevacordoba.net\/wp-content\/uploads\/2022\/05\/cuba-ee-uu-el-gobierno-de-biden-flexibiliza-la-politica-hacia-la-isla-y-deshace-medidas-adoptadas-por-trump-1.webp 320w, http:\/\/nuevacordoba.net\/wp-content\/uploads\/2022\/05\/cuba-ee-uu-el-gobierno-de-biden-flexibiliza-la-politica-hacia-la-isla-y-deshace-medidas-adoptadas-por-trump-2.webp 480w, http:\/\/nuevacordoba.net\/wp-content\/uploads\/2022\/05\/cuba-ee-uu-el-gobierno-de-biden-flexibiliza-la-politica-hacia-la-isla-y-deshace-medidas-adoptadas-por-trump-3.webp 624w, http:\/\/nuevacordoba.net\/wp-content\/uploads\/2022\/05\/cuba-ee-uu-el-gobierno-de-biden-flexibiliza-la-politica-hacia-la-isla-y-deshace-medidas-adoptadas-por-trump-4.webp 800w\" type=\"image\/webp\" sizes=\"(min-width: 1008px) 645px, 100vw\"><source srcset=\"https:\/\/ichef.bbci.co.uk\/news\/240\/cpsprodpb\/15BBA\/production\/_124781098_gettyimages-1234363280.jpg 240w, https:\/\/ichef.bbci.co.uk\/news\/320\/cpsprodpb\/15BBA\/production\/_124781098_gettyimages-1234363280.jpg 320w, https:\/\/ichef.bbci.co.uk\/news\/480\/cpsprodpb\/15BBA\/production\/_124781098_gettyimages-1234363280.jpg 480w, https:\/\/ichef.bbci.co.uk\/news\/624\/cpsprodpb\/15BBA\/production\/_124781098_gettyimages-1234363280.jpg 624w, https:\/\/ichef.bbci.co.uk\/news\/800\/cpsprodpb\/15BBA\/production\/_124781098_gettyimages-1234363280.jpg 800w\" type=\"image\/jpeg\" sizes=\"(min-width: 1008px) 645px, 100vw\"><img loading=\"lazy\" src=\"http:\/\/nuevacordoba.net\/wp-content\/uploads\/2022\/05\/cuba-ee-uu-el-gobierno-de-biden-flexibiliza-la-politica-hacia-la-isla-y-deshace-medidas-adoptadas-por-trump-1.jpg\" alt=\"Una persona ondea las banderas de Cuba y EE.UU.\" width=\"976\" height=\"549\" class=\"eehpdyc0 bbc-rb7xa0 e1enwo3v0\"><\/picture><\/noscript><\/p>\n<p role=\"text\" class=\"bbc-1s1cxbv etq3yw90\"><span class=\"bbc-1gnhmg2 e1yt7oin0\">Fuente de la imagen, <\/span><span lang=\"en-GB\">Getty Images<\/span><\/p>\n<\/div>\n<\/div>\n<\/div>\n<\/figure>\n<\/div>\n<div dir=\"ltr\" class=\"bbc-19j92fr e57qer20\" readability=\"8\">\n<p dir=\"ltr\" class=\"bbc-bm53ic e1cc2ql70\">El cambio de pol\u00edtica se produce despu\u00e9s de una revisi\u00f3n interna dentro del gobierno de Biden que ha llevado meses. <\/p>\n<\/div>\n<div dir=\"ltr\" class=\"bbc-19j92fr e57qer20\" readability=\"10\">\n<p dir=\"ltr\" class=\"bbc-bm53ic e1cc2ql70\">Representantes de EE.UU. y de Cuba se reunieron en abril en Washington para hablar de asuntos migratorios, en <b>el primer di\u00e1logo de alto nivel entre ambos pa\u00edses desde la llegada de Biden a la Casa Blanca<\/b> en enero de 2021.<\/p>\n<\/div>\n<p><h2 id=\"Qu\u00e9-se-anunci\u00f3\" tabindex=\"-1\" class=\"bbc-l3e97o e14hemmw0\">Qu\u00e9 se anunci\u00f3<\/h2>\n<\/p>\n<div dir=\"ltr\" class=\"bbc-19j92fr e57qer20\" readability=\"10\">\n<p dir=\"ltr\" class=\"bbc-bm53ic e1cc2ql70\">Entre las nuevas medidas presentadas este lunes destaca la <b>reanudaci\u00f3n de<\/b><b> los vuelos comerciales a la isla<\/b>, que en este momento estaban permitidos solo a La Habana despu\u00e9s de que el gobierno de Trump as\u00ed lo estableciera en 2019.<\/p>\n<\/div>\n<div dir=\"ltr\" class=\"bbc-19j92fr e57qer20\" readability=\"10\">\n<p dir=\"ltr\" class=\"bbc-bm53ic e1cc2ql70\">En agosto de 2020, Trump suspendi\u00f3 adem\u00e1s los vuelos ch\u00e1rter privados a todos los aeropuertos de la isla, incluido el de la capital. <\/p>\n<\/div>\n<div dir=\"ltr\" class=\"bbc-19j92fr e57qer20\" readability=\"10\">\n<p dir=\"ltr\" class=\"bbc-bm53ic e1cc2ql70\">El gobierno de Biden anunci\u00f3 tambi\u00e9n el apoyo a un acceso amplio a internet en la isla y la suspensi\u00f3n del l\u00edmite de US$1.000 trimestrales de remesas por remitente, as\u00ed como permitir env\u00edos a personas que no sean familiares.<\/p>\n<\/div>\n<div dir=\"ltr\" class=\"bbc-19j92fr e57qer20\" readability=\"10\">\n<p dir=\"ltr\" class=\"bbc-bm53ic e1cc2ql70\">\u00ab<b>Nos aseguraremos de que las remesas fluyan m\u00e1s libremente hacia el pueblo cubano<\/b>, sin enriquecer a quienes perpetran abusos contra los derechos humanos\u00bb, dijo Price.<\/p>\n<\/div>\n<div dir=\"ltr\" class=\"bbc-1ka88fa e57qer20\">\n<figure class=\"bbc-1qdcvv9 e6bmn90\">\n<div dir=\"ltr\" class=\"bbc-172p16q e57qer20\">\n<div dir=\"ltr\" class=\"bbc-189y18v e57qer20\" readability=\"6.5\">\n<div data-e2e=\"image-placeholder\" class=\"bbc-997y1y e1whu0\" readability=\"8\"><noscript><picture class=\"bbc-yfiktt e1enwo3v1\"><source srcset=\"http:\/\/nuevacordoba.net\/wp-content\/uploads\/2022\/05\/cuba-ee-uu-el-gobierno-de-biden-flexibiliza-la-politica-hacia-la-isla-y-deshace-medidas-adoptadas-por-trump-5.webp 240w, http:\/\/nuevacordoba.net\/wp-content\/uploads\/2022\/05\/cuba-ee-uu-el-gobierno-de-biden-flexibiliza-la-politica-hacia-la-isla-y-deshace-medidas-adoptadas-por-trump-6.webp 320w, http:\/\/nuevacordoba.net\/wp-content\/uploads\/2022\/05\/cuba-ee-uu-el-gobierno-de-biden-flexibiliza-la-politica-hacia-la-isla-y-deshace-medidas-adoptadas-por-trump-7.webp 480w, http:\/\/nuevacordoba.net\/wp-content\/uploads\/2022\/05\/cuba-ee-uu-el-gobierno-de-biden-flexibiliza-la-politica-hacia-la-isla-y-deshace-medidas-adoptadas-por-trump-8.webp 624w, http:\/\/nuevacordoba.net\/wp-content\/uploads\/2022\/05\/cuba-ee-uu-el-gobierno-de-biden-flexibiliza-la-politica-hacia-la-isla-y-deshace-medidas-adoptadas-por-trump-9.webp 800w\" type=\"image\/webp\" sizes=\"(min-width: 1008px) 645px, 100vw\"><source srcset=\"https:\/\/ichef.bbci.co.uk\/news\/240\/cpsprodpb\/17B5E\/production\/_124781179_gettyimages-626250548.jpg 240w, https:\/\/ichef.bbci.co.uk\/news\/320\/cpsprodpb\/17B5E\/production\/_124781179_gettyimages-626250548.jpg 320w, https:\/\/ichef.bbci.co.uk\/news\/480\/cpsprodpb\/17B5E\/production\/_124781179_gettyimages-626250548.jpg 480w, https:\/\/ichef.bbci.co.uk\/news\/624\/cpsprodpb\/17B5E\/production\/_124781179_gettyimages-626250548.jpg 624w, https:\/\/ichef.bbci.co.uk\/news\/800\/cpsprodpb\/17B5E\/production\/_124781179_gettyimages-626250548.jpg 800w\" type=\"image\/jpeg\" sizes=\"(min-width: 1008px) 645px, 100vw\"><img loading=\"lazy\" src=\"http:\/\/nuevacordoba.net\/wp-content\/uploads\/2022\/05\/cuba-ee-uu-el-gobierno-de-biden-flexibiliza-la-politica-hacia-la-isla-y-deshace-medidas-adoptadas-por-trump-2.jpg\" alt=\"Pasajeros procedentes de EE.UU. llegan a La Habana\" width=\"976\" height=\"549\" class=\"eehpdyc0 bbc-rb7xa0 e1enwo3v0\"><\/picture><\/noscript><\/p>\n<p role=\"text\" class=\"bbc-1s1cxbv etq3yw90\"><span class=\"bbc-1gnhmg2 e1yt7oin0\">Fuente de la imagen, <\/span><span lang=\"en-GB\">Getty Images<\/span><\/p>\n<\/div>\n<\/div>\n<div dir=\"ltr\" class=\"bbc-3edg7g e57qer20\" readability=\"6\"><figcaption dir=\"ltr\" class=\"bbc-rhuvwm eede9f50\" readability=\"2\"><span class=\"bbc-1gnhmg2 e1yt7oin0\">Pie de foto, <\/span><\/p>\n<p>Los vuelos entre EE.UU. y Cuba hab\u00edan sido suspendidos en el gobierno de Donald Trump.<\/p>\n<\/figcaption><\/div>\n<\/div>\n<\/figure>\n<\/div>\n<div dir=\"ltr\" class=\"bbc-19j92fr e57qer20\" readability=\"9\">\n<p dir=\"ltr\" class=\"bbc-bm53ic e1cc2ql70\">Tambi\u00e9n anunci\u00f3 que ampliar\u00e1 el procesamiento de visas. Esto incluye viajes educativos, de reuniones profesionales e investigaci\u00f3n.<\/p>\n<\/div>\n<div dir=\"ltr\" class=\"bbc-19j92fr e57qer20\" readability=\"8\">\n<p dir=\"ltr\" class=\"bbc-bm53ic e1cc2ql70\">El anuncio se da meses despu\u00e9s de las fuertes protestas que se desataron en la isla y por las que el gobierno cubano arrest\u00f3 a cientos de personas.<\/p>\n<\/div>\n<p><h2 id=\"Un-paso-limitado-en-la-direcci\u00f3n-correcta\" tabindex=\"-1\" class=\"bbc-l3e97o e14hemmw0\">\u00abUn paso limitado en la direcci\u00f3n correcta\u00bb<\/h2>\n<\/p>\n<div dir=\"ltr\" class=\"bbc-19j92fr e57qer20\" readability=\"9\">\n<p dir=\"ltr\" class=\"bbc-bm53ic e1cc2ql70\">En un comunicado, el Ministerio de Relaciones Exteriores (Minrex) cubano calific\u00f3 las medidas de Biden como \u00abun paso limitado en la direcci\u00f3n correcta\u00bb.<\/p>\n<\/div>\n<div dir=\"ltr\" class=\"bbc-19j92fr e57qer20\" readability=\"10\">\n<p dir=\"ltr\" class=\"bbc-bm53ic e1cc2ql70\">\u00abLos anuncios <b>no modifican en lo absoluto el bloqueo<\/b>, ni las medidas principales de cerco econ\u00f3mico tomadas por Trump\u00bb, se\u00f1ala el Minrex en un comunicado difundido en el diario estatal Granma.<\/p>\n<\/div>\n<div dir=\"ltr\" class=\"bbc-19j92fr e57qer20\" readability=\"12\">\n<p dir=\"ltr\" class=\"bbc-bm53ic e1cc2ql70\">\u00abNo revierte la inclusi\u00f3n arbitraria y fraudulenta de Cuba en la lista del Departamento de Estado sobre pa\u00edses que supuestamente son patrocinadores del terrorismo, una de las principales causas de las dificultades con las que tropieza Cuba para sus transacciones comerciales y financieras en muchas partes del mundo\u00bb, contin\u00faa.<\/p>\n<\/div>\n<div dir=\"ltr\" class=\"bbc-19j92fr e57qer20\" readability=\"12\">\n<p dir=\"ltr\" class=\"bbc-bm53ic e1cc2ql70\">\u00abSe trata, sin embargo, de un paso limitado en la direcci\u00f3n correcta, una respuesta a la denuncia del pueblo y del gobierno cubanos\u00bb, a\u00f1ade.<\/p>\n<\/div>\n<div dir=\"ltr\" class=\"bbc-1ka88fa e57qer20\">\n<figure class=\"bbc-1qdcvv9 e6bmn90\">\n<div dir=\"ltr\" class=\"bbc-172p16q e57qer20\">\n<div dir=\"ltr\" class=\"bbc-189y18v e57qer20\" readability=\"6.5\">\n<div data-e2e=\"image-placeholder\" class=\"bbc-997y1y e1whu0\" readability=\"8\"><noscript><picture class=\"bbc-yfiktt e1enwo3v1\"><source srcset=\"http:\/\/nuevacordoba.net\/wp-content\/uploads\/2022\/05\/cuba-ee-uu-el-gobierno-de-biden-flexibiliza-la-politica-hacia-la-isla-y-deshace-medidas-adoptadas-por-trump-10.webp 240w, http:\/\/nuevacordoba.net\/wp-content\/uploads\/2022\/05\/cuba-ee-uu-el-gobierno-de-biden-flexibiliza-la-politica-hacia-la-isla-y-deshace-medidas-adoptadas-por-trump-11.webp 320w, http:\/\/nuevacordoba.net\/wp-content\/uploads\/2022\/05\/cuba-ee-uu-el-gobierno-de-biden-flexibiliza-la-politica-hacia-la-isla-y-deshace-medidas-adoptadas-por-trump-12.webp 480w, http:\/\/nuevacordoba.net\/wp-content\/uploads\/2022\/05\/cuba-ee-uu-el-gobierno-de-biden-flexibiliza-la-politica-hacia-la-isla-y-deshace-medidas-adoptadas-por-trump-13.webp 624w, http:\/\/nuevacordoba.net\/wp-content\/uploads\/2022\/05\/cuba-ee-uu-el-gobierno-de-biden-flexibiliza-la-politica-hacia-la-isla-y-deshace-medidas-adoptadas-por-trump-14.webp 800w\" type=\"image\/webp\" sizes=\"(min-width: 1008px) 645px, 100vw\"><source srcset=\"https:\/\/ichef.bbci.co.uk\/news\/240\/cpsprodpb\/12D3E\/production\/_124781177_gettyimages-516834894.jpg 240w, https:\/\/ichef.bbci.co.uk\/news\/320\/cpsprodpb\/12D3E\/production\/_124781177_gettyimages-516834894.jpg 320w, https:\/\/ichef.bbci.co.uk\/news\/480\/cpsprodpb\/12D3E\/production\/_124781177_gettyimages-516834894.jpg 480w, https:\/\/ichef.bbci.co.uk\/news\/624\/cpsprodpb\/12D3E\/production\/_124781177_gettyimages-516834894.jpg 624w, https:\/\/ichef.bbci.co.uk\/news\/800\/cpsprodpb\/12D3E\/production\/_124781177_gettyimages-516834894.jpg 800w\" type=\"image\/jpeg\" sizes=\"(min-width: 1008px) 645px, 100vw\"><img loading=\"lazy\" src=\"http:\/\/nuevacordoba.net\/wp-content\/uploads\/2022\/05\/cuba-ee-uu-el-gobierno-de-biden-flexibiliza-la-politica-hacia-la-isla-y-deshace-medidas-adoptadas-por-trump-3.jpg\" alt=\"Barack Obama y Ra\u00fal Castro\" width=\"976\" height=\"549\" class=\"eehpdyc0 bbc-rb7xa0 e1enwo3v0\"><\/picture><\/noscript><\/p>\n<p role=\"text\" class=\"bbc-1s1cxbv etq3yw90\"><span class=\"bbc-1gnhmg2 e1yt7oin0\">Fuente de la imagen, <\/span><span lang=\"en-GB\">Getty Images<\/span><\/p>\n<\/div>\n<\/div>\n<div dir=\"ltr\" class=\"bbc-3edg7g e57qer20\" readability=\"6\"><figcaption dir=\"ltr\" class=\"bbc-rhuvwm eede9f50\" readability=\"2\"><span class=\"bbc-1gnhmg2 e1yt7oin0\">Pie de foto, <\/span><\/p>\n<p>Barack Obama fue el primer presidente de EE.UU. en visitar Cuba en casi 90 a\u00f1os.<\/p>\n<\/figcaption><\/div>\n<\/div>\n<\/figure>\n<\/div>\n<div dir=\"ltr\" class=\"bbc-19j92fr e57qer20\" readability=\"10\">\n<p dir=\"ltr\" class=\"bbc-bm53ic e1cc2ql70\">El senador estadounidense <b>Marco Rubio<\/b>, un republicano de origen cubano de Florida, rechaz\u00f3 las nuevas pol\u00edticas de la Casa Blanca.<\/p>\n<\/div>\n<div dir=\"ltr\" class=\"bbc-19j92fr e57qer20\" readability=\"10\">\n<p dir=\"ltr\" class=\"bbc-bm53ic e1cc2ql70\">\u00abEl r\u00e9gimen en Cuba amenaz\u00f3 a Biden con la migraci\u00f3n masiva y tiene simpatizantes dentro de la administraci\u00f3n y el resultado es que hoy vemos los primeros pasos hacia las pol\u00edticas de Obama sobre Cuba\u00bb, escribi\u00f3 en Twitter.<\/p>\n<\/div>\n<div dir=\"ltr\" class=\"bbc-19j92fr e57qer20\" readability=\"10\">\n<p dir=\"ltr\" class=\"bbc-bm53ic e1cc2ql70\">El dem\u00f3crata <b>Bob Men\u00e9ndez<\/b> tambi\u00e9n expuso su desacuerdo: \u00abSeamos claros, aquellos que a\u00fan piensan que incrementar los viajes servir\u00e1 para fomentar la democracia en Cuba est\u00e1n simplemente neg\u00e1ndose a reconocer la realidad\u00bb.<\/p>\n<\/div>\n<div dir=\"ltr\" class=\"bbc-19j92fr e57qer20\" readability=\"13\">\n<p dir=\"ltr\" class=\"bbc-bm53ic e1cc2ql70\">Desde Miami, <b>Ram\u00f3n Sa\u00fal S\u00e1nchez<\/b>, presidente del Movimiento Democracia de la disidencia cubana, respald\u00f3 el restablecimiento de los vuelos comerciales ya que regula la \u00abcompetencia entre las l\u00edneas a\u00e9reas\u00bb y eso beneficia al cubano dentro y fuera de la isla, dijo a la agencia EFE.<\/p>\n<\/div>\n<div dir=\"ltr\" class=\"bbc-19j92fr e57qer20\" readability=\"10\">\n<p dir=\"ltr\" class=\"bbc-bm53ic e1cc2ql70\">No obstante, critic\u00f3 que Biden \u00abhaya faltado a su palabra\u00bb cuando asegur\u00f3 que \u00abconsultar\u00eda con el exilio cubano, como parte integral de esta naci\u00f3n y de nuestra tierra\u00bb este tipo de decisiones.<\/p>\n<\/div>\n<div class=\"bbc-sffzb7 e8v25yx0\">\n<div dir=\"ltr\" class=\"bbc-1ka88fa e57qer20\">\n<figure class=\"bbc-1qdcvv9 e6bmn90\">\n<div dir=\"ltr\" class=\"bbc-172p16q e57qer20\">\n<div dir=\"ltr\" class=\"bbc-189y18v e57qer20\">\n<div data-e2e=\"image-placeholder\" class=\"bbc-997y1y e1whu0\"><noscript><picture class=\"bbc-yfiktt e1enwo3v1\"><source srcset=\"http:\/\/nuevacordoba.net\/wp-content\/uploads\/2022\/05\/cuba-ee-uu-el-gobierno-de-biden-flexibiliza-la-politica-hacia-la-isla-y-deshace-medidas-adoptadas-por-trump-15.webp 240w, http:\/\/nuevacordoba.net\/wp-content\/uploads\/2022\/05\/cuba-ee-uu-el-gobierno-de-biden-flexibiliza-la-politica-hacia-la-isla-y-deshace-medidas-adoptadas-por-trump-16.webp 320w, http:\/\/nuevacordoba.net\/wp-content\/uploads\/2022\/05\/cuba-ee-uu-el-gobierno-de-biden-flexibiliza-la-politica-hacia-la-isla-y-deshace-medidas-adoptadas-por-trump-17.webp 464w\" type=\"image\/webp\" sizes=\"(min-width: 1008px) 645px, 100vw\"><source srcset=\"https:\/\/ichef.bbci.co.uk\/news\/240\/cpsprodpb\/069B\/production\/_105819610_line976.jpg 240w, https:\/\/ichef.bbci.co.uk\/news\/320\/cpsprodpb\/069B\/production\/_105819610_line976.jpg 320w, https:\/\/ichef.bbci.co.uk\/news\/464\/cpsprodpb\/069B\/production\/_105819610_line976.jpg 464w\" type=\"image\/jpeg\" sizes=\"(min-width: 1008px) 645px, 100vw\"><img loading=\"lazy\" src=\"http:\/\/nuevacordoba.net\/wp-content\/uploads\/2022\/05\/cuba-ee-uu-el-gobierno-de-biden-flexibiliza-la-politica-hacia-la-isla-y-deshace-medidas-adoptadas-por-trump-4.jpg\" alt=\"L\u00ednea\" width=\"464\" height=\"2\" class=\"eehpdyc0 bbc-rb7xa0 e1enwo3v0\"><\/picture><\/noscript><\/div>\n<\/div>\n<\/div>\n<\/figure>\n<\/div>\n<\/div>\n<p><h2 id=\"Primer-paso-para-mejorar-las-relaciones-entre-EEUU-y-Cuba\" tabindex=\"-1\" class=\"bbc-l3e97o e14hemmw0\">Primer paso para mejorar las relaciones entre EE.UU. y Cuba<\/h2>\n<\/p>\n<div dir=\"ltr\" class=\"bbc-19j92fr e57qer20\" readability=\"8\">\n<p dir=\"ltr\" class=\"bbc-bm53ic e1cc2ql70\"><i class=\"bbc-h1y5j7 ewc4zcb0\"><b>Por <\/b><\/i><i class=\"bbc-h1y5j7 ewc4zcb0\"><b>Will Grant<\/b><\/i><i class=\"bbc-h1y5j7 ewc4zcb0\"><b>, <\/b><\/i><i class=\"bbc-h1y5j7 ewc4zcb0\"><b>corresponsal en M\u00e9xico y Centroam\u00e9rica <\/b><\/i><\/p>\n<\/div>\n<div dir=\"ltr\" class=\"bbc-19j92fr e57qer20\" readability=\"8\">\n<p dir=\"ltr\" class=\"bbc-bm53ic e1cc2ql70\">La noticia ser\u00e1 un alivio para miles de cubanos que est\u00e1n desesperados por ver a sus familias en Florida y en otros lugares de Estados Unidos.<\/p>\n<\/div>\n<div dir=\"ltr\" class=\"bbc-19j92fr e57qer20\" readability=\"11\">\n<p dir=\"ltr\" class=\"bbc-bm53ic e1cc2ql70\">La isla est\u00e1 experimentando, quiz\u00e1s, <b>su \u00e9xodo m\u00e1s agudo<\/b> desde la Guerra Fr\u00eda. Hay muchos cubanos viajando a Nicaragua y luego a trav\u00e9s de Am\u00e9rica Central hasta la frontera de Estados Unidos con M\u00e9xico.<\/p>\n<\/div>\n<div dir=\"ltr\" class=\"bbc-19j92fr e57qer20\" readability=\"11\">\n<p dir=\"ltr\" class=\"bbc-bm53ic e1cc2ql70\">Despu\u00e9s de 2016, el gobierno de Trump implement\u00f3 una gran cantidad de nuevas sanciones econ\u00f3micas en la isla gobernada por el comunismo, luego de que el presidente Obama relajara las mismas reglas.<\/p>\n<\/div>\n<div dir=\"ltr\" class=\"bbc-19j92fr e57qer20\" readability=\"9\">\n<p dir=\"ltr\" class=\"bbc-bm53ic e1cc2ql70\">Junto con la recesi\u00f3n econ\u00f3mica causada por la pandemia de coronavirus y la mala gesti\u00f3n por parte del Estado, la econom\u00eda en Cuba ha estado en una situaci\u00f3n desesperada en los \u00faltimos a\u00f1os.<\/p>\n<\/div>\n<div dir=\"ltr\" class=\"bbc-19j92fr e57qer20\" readability=\"8\">\n<p dir=\"ltr\" class=\"bbc-bm53ic e1cc2ql70\">Estos cambios representan el primer paso de la Casa Blanca hacia alguna forma de renormalizaci\u00f3n de las relaciones con Cuba.<\/p>\n<\/div>\n<div dir=\"ltr\" class=\"bbc-1ka88fa e57qer20\">\n<figure class=\"bbc-1qdcvv9 e6bmn90\">\n<div dir=\"ltr\" class=\"bbc-172p16q e57qer20\">\n<div dir=\"ltr\" class=\"bbc-189y18v e57qer20\">\n<div data-e2e=\"image-placeholder\" class=\"bbc-997y1y e1whu0\"><noscript><picture class=\"bbc-yfiktt e1enwo3v1\"><source srcset=\"http:\/\/nuevacordoba.net\/wp-content\/uploads\/2022\/05\/cuba-ee-uu-el-gobierno-de-biden-flexibiliza-la-politica-hacia-la-isla-y-deshace-medidas-adoptadas-por-trump-15.webp 240w, http:\/\/nuevacordoba.net\/wp-content\/uploads\/2022\/05\/cuba-ee-uu-el-gobierno-de-biden-flexibiliza-la-politica-hacia-la-isla-y-deshace-medidas-adoptadas-por-trump-16.webp 320w, http:\/\/nuevacordoba.net\/wp-content\/uploads\/2022\/05\/cuba-ee-uu-el-gobierno-de-biden-flexibiliza-la-politica-hacia-la-isla-y-deshace-medidas-adoptadas-por-trump-17.webp 464w\" type=\"image\/webp\" sizes=\"(min-width: 1008px) 645px, 100vw\"><source srcset=\"https:\/\/ichef.bbci.co.uk\/news\/240\/cpsprodpb\/069B\/production\/_105819610_line976.jpg 240w, https:\/\/ichef.bbci.co.uk\/news\/320\/cpsprodpb\/069B\/production\/_105819610_line976.jpg 320w, https:\/\/ichef.bbci.co.uk\/news\/464\/cpsprodpb\/069B\/production\/_105819610_line976.jpg 464w\" type=\"image\/jpeg\" sizes=\"(min-width: 1008px) 645px, 100vw\"><img loading=\"lazy\" src=\"http:\/\/nuevacordoba.net\/wp-content\/uploads\/2022\/05\/cuba-ee-uu-el-gobierno-de-biden-flexibiliza-la-politica-hacia-la-isla-y-deshace-medidas-adoptadas-por-trump-4.jpg\" alt=\"L\u00ednea\" width=\"464\" height=\"2\" class=\"eehpdyc0 bbc-rb7xa0 e1enwo3v0\"><\/picture><\/noscript><\/div>\n<\/div>\n<\/div>\n<\/figure>\n<\/div>\n<div dir=\"ltr\" class=\"bbc-19j92fr e57qer20\" readability=\"8\">\n<p dir=\"ltr\" class=\"bbc-bm53ic e1cc2ql70\"><i class=\"bbc-h1y5j7 ewc4zcb0\">Recuerda que<\/i><i class=\"bbc-h1y5j7 ewc4zcb0\"> puedes recibir notificaciones de BBC Mundo. Descarga la nueva versi\u00f3n de nuestra app y act\u00edvalas para no perderte nuestro mejor contenido.<\/i><\/p>\n<\/div>\n","protected":false},"excerpt":{"rendered":"<p>Redacci\u00f3n BBC News Mundo 3 horas Fuente de la imagen, Reuters El gobierno de Estados Unidos anunci\u00f3 este lunes una serie de medidas que buscan suavizar la pol\u00edtica hacia Cuba y que suponen una marcha atr\u00e1s respecto a las decisiones tomadas por el expresidente Donald Trump. As\u00ed, el Departamento de Estado inform\u00f3 de que se [&hellip;]<\/p>\n","protected":false},"author":1,"featured_media":19768,"comment_status":"closed","ping_status":"closed","sticky":false,"template":"","format":"standard","meta":[],"categories":[13],"tags":[],"_links":{"self":[{"href":"http:\/\/nuevacordoba.net\/index.php\/wp-json\/wp\/v2\/posts\/19767"}],"collection":[{"href":"http:\/\/nuevacordoba.net\/index.php\/wp-json\/wp\/v2\/posts"}],"about":[{"href":"http:\/\/nuevacordoba.net\/index.php\/wp-json\/wp\/v2\/types\/post"}],"author":[{"embeddable":true,"href":"http:\/\/nuevacordoba.net\/index.php\/wp-json\/wp\/v2\/users\/1"}],"replies":[{"embeddable":true,"href":"http:\/\/nuevacordoba.net\/index.php\/wp-json\/wp\/v2\/comments?post=19767"}],"version-history":[{"count":0,"href":"http:\/\/nuevacordoba.net\/index.php\/wp-json\/wp\/v2\/posts\/19767\/revisions"}],"wp:featuredmedia":[{"embeddable":true,"href":"http:\/\/nuevacordoba.net\/index.php\/wp-json\/wp\/v2\/media\/19768"}],"wp:attachment":[{"href":"http:\/\/nuevacordoba.net\/index.php\/wp-json\/wp\/v2\/media?parent=19767"}],"wp:term":[{"taxonomy":"category","embeddable":true,"href":"http:\/\/nuevacordoba.net\/index.php\/wp-json\/wp\/v2\/categories?post=19767"},{"taxonomy":"post_tag","embeddable":true,"href":"http:\/\/nuevacordoba.net\/index.php\/wp-json\/wp\/v2\/tags?post=19767"}],"curies":[{"name":"wp","href":"https:\/\/api.w.org\/{rel}","templated":true}]}}