{"id":19771,"date":"2022-05-17T05:25:17","date_gmt":"2022-05-17T05:25:17","guid":{"rendered":"http:\/\/nuevacordoba.net\/index.php\/2022\/05\/17\/riquelme-al-ganar-las-elecciones-disfrute-mas-que-al-vencer-a-real-madrid\/"},"modified":"2022-05-17T05:25:17","modified_gmt":"2022-05-17T05:25:17","slug":"riquelme-al-ganar-las-elecciones-disfrute-mas-que-al-vencer-a-real-madrid","status":"publish","type":"post","link":"http:\/\/nuevacordoba.net\/index.php\/2022\/05\/17\/riquelme-al-ganar-las-elecciones-disfrute-mas-que-al-vencer-a-real-madrid\/","title":{"rendered":"Riquelme: \u00abAl ganar las elecciones disfrut\u00e9 m\u00e1s que al vencer a Real Madrid\u00bb"},"content":{"rendered":"<figure class=\"mb-3\"><img loading=\"lazy\" src=\"http:\/\/nuevacordoba.net\/wp-content\/uploads\/2022\/05\/riquelme-al-ganar-las-elecciones-disfrute-mas-que-al-vencer-a-real-madrid.jpg\" width=\"100%\" height=\"100%\" alt=\"Entre la poca de futbolista y la actual sta es la que disfruto ms confes Riquelme\"><figcaption> \u00abEntre la \u00e9poca de futbolista y la actual, \u00e9sta es la que disfruto m\u00e1s\u00bb, confes\u00f3 Riquelme. <\/figcaption><\/figure>\n<p>El actual vicepresidente de Boca, <strong>Juan Rom\u00e1n Riquelme<\/strong> confes\u00f3 este lunes por la noche que el d\u00eda que fue consagrado en su cargo al ganar las pasadas elecciones en el club disfrut\u00f3 m\u00e1s \u00abque el d\u00eda que obtuvimos la Copa Intercontinental superando a Real Madrid\u00bb.<\/p>\n<p>\u00abEl d\u00eda que ganamos las elecciones me sent\u00ed m\u00e1s feliz que cuando siendo jugador superamos a Real Madrid por la Copa Intercontinental\u00bb, le reconoci\u00f3 a ESPN Riquelme un d\u00eda despu\u00e9s de que el primer equipo del club que preside Jorge Amor Ameal se consagrara finalista de la Copa de la Liga Profesional para enfrentar a Tigre.<\/p>\n<p>\u00abEntre la \u00e9poca de futbolista y la actual, <strong>\u00e9sta es la que disfruto m\u00e1s<\/strong>, porque los que me eligieron y me hicieron este regalo de permitirme volver al club <strong>fueron los hinchas que me votaron y que me quieren tanto<\/strong>. Y cuando dentro de 18 meses haya nuevamente elecciones, espero que me sigan eligiendo\u00bb, remarc\u00f3.<\/p>\n<p>Y en tren de confesiones tambi\u00e9n sostuvo que en \u00abel partido con Lan\u00fas\u00bb vio cantar \u00abcon tanta fuerza a la hinchada de Boca, que despu\u00e9s de ocho a\u00f1os de dejar el f\u00fatbol\u00bb, tuvo \u00abganas de jugar otra vez\u00bb.<\/p>\n<blockquote class=\"author-quote\"><p>\u00abEntre la \u00e9poca de futbolista y la actual,&nbsp;\u00e9sta es la que disfruto m\u00e1s, porque los que me eligieron y me hicieron este regalo de permitirme volver al club&nbsp;fueron los hinchas que me votaron y que me quieren tanto\u00bb.<cite class=\"author\">Juan Rom\u00e1n Riquelme<\/cite><\/p><\/blockquote>\n<p>Acerca de <strong>Sebasti\u00e1n Villa<\/strong>, sobre quien <a href=\"https:\/\/www.telam.com.ar\/notas\/202205\/592642-denuncia-abuso-sexual-intento-homicidio-sebastian-villa.html\" target=\"_blank\" rel=\"noopener\">pesa una denuncia por abuso sexual e intento de asesinato<\/a> y otra por violencia de g\u00e9nero, Riquelme dijo que \u00absigue siendo el jugador m\u00e1s desequilibrante del f\u00fatbol argentino. Y Eduardo Salvio est\u00e1 cada d\u00eda mejor de su operaci\u00f3n de rodilla, algo de lo que no es f\u00e1cil volver, sobre todo siendo delantero\u00bb.<\/p>\n<p>Respecto de este presente \u00abxeneize\u00bb tambi\u00e9n fue contundente al apreciar que <strong>\u00ablo que pasa es que si se ve la televisi\u00f3n entre semana parece que Boca es el peor equipo del campeonato, pero cuando llega el domingo es el que llega a la final, y otros de los que dicen que son los mejores, no lo est\u00e1n\u00bb<\/strong>.<\/p>\n<p>\u00abY eso se debe tambi\u00e9n al crecimiento de este grupo de jugadores. Porque hac\u00eda mucho tiempo que no se disfrutaba tanto en el club en el d\u00eda a d\u00eda, con varios jugadores que se quedan hasta las dos o tres de la tarde practicando, porque eso significa que est\u00e1n c\u00f3modos en la instituci\u00f3n\u00bb, destac\u00f3.<\/p>\n<p>\u00abPor ejemplo <strong>Frank Fabra<\/strong> hace casi siete a\u00f1os que est\u00e1 entre nosotros y es parte de la historia del club por la calidad de futbolista que es. Tiene una categor\u00eda notable y se convertir\u00e1 en uno de los mejores laterales izquierdos de todos los tiempos en nuestra instituci\u00f3n\u00bb, afirm\u00f3.<\/p>\n<p>Y admiti\u00f3 que le \u00abhubiese gustado que <strong>Edwin Cardon<\/strong>a siguiera en Boca pero no se dio. Pero lo quiero mucho y cada vez que juega en Racing, poco o mucho, le deseo lo mejor\u00bb.<\/p>\n<p>Y tomando luego el tren de las revelaciones, anticip\u00f3 que su tan postergado \u00abpartido de despedida se har\u00e1 despu\u00e9s del Mundial de Qatar que termina el 18 de diciembre. Ser\u00e1 antes del 24, entre esos d\u00edas\u00bb, remarc\u00f3.<\/p>\n<p>\u00abY cuando vengan las pr\u00f3ximas elecciones (en diciembre de 2023) quiero seguir estando en Boca. Estoy seguro que para entonces van a votar como 55.000 socios\u00bb, evalu\u00f3.<\/p>\n<p>Respecto del equipo que conduce Sebasti\u00e1n Battaglia adelant\u00f3 que \u00absi en cada semestre existe la necesidad y la oportunidad de traer un refuerzo, se har\u00e1\u00bb.<\/p>\n<p>En cuanto al juvenil Alan Varela, de buenas producciones pese a ser un juvenil que reci\u00e9n el 4 de julio cumplir\u00e1 21 a\u00f1os, sostuvo que es \u00abun jugador que juega cada tanto y hay que agradecerle porque siempre lo hace bien, porque tiene una calidad enorme. Pero tambi\u00e9n hay que llevarlo paso a paso, porque va a ir creciendo d\u00eda a d\u00eda\u00bb, manifest\u00f3 con cautela.<\/p>\n<p><strong>\u00abPero el \u00fanico volante central que es un &#8217;10&#8217; y no un &#8216;cinco&#8217; simplemente, es Sergio Busquets. No hubo ni habr\u00e1 ninguno igual,<\/strong> porque antes dec\u00edan que el enganche era el responsable si el equipo jugaba mal, y a partir de Sergio en Barcelona se empez\u00f3 a se\u00f1alar al volante central como responsable de no armar juego. Pero ni Liverpool ni Real Madrid, por ejemplo, que van a jugar la final de la Champions League, tienen un mediocampista central como \u00e9l. Y eso que los dos, Thiago Alc\u00e1ntara y Casemiro, son brasile\u00f1os\u00bb, compar\u00f3.<\/p>\n<p>Y cerr\u00f3 con una opini\u00f3n sobre el equipo dirigido por Battaglia. \u00abEste es un equipo con jugadores de mucha clase, que en muchos casos se juntan a hablar de f\u00fatbol como en los viejos tiempos lo hac\u00edamos nosotros. Y eso tambi\u00e9n es importante para fortalecer y formar a un equipo. Y los referentes llevan la gu\u00eda en ese aspecto\u00bb, complet\u00f3. <\/p>\n","protected":false},"excerpt":{"rendered":"<p>\u00abEntre la \u00e9poca de futbolista y la actual, \u00e9sta es la que disfruto m\u00e1s\u00bb, confes\u00f3 Riquelme. El actual vicepresidente de Boca, Juan Rom\u00e1n Riquelme confes\u00f3 este lunes por la noche que el d\u00eda que fue consagrado en su cargo al ganar las pasadas elecciones en el club disfrut\u00f3 m\u00e1s \u00abque el d\u00eda que obtuvimos la [&hellip;]<\/p>\n","protected":false},"author":1,"featured_media":19772,"comment_status":"closed","ping_status":"closed","sticky":false,"template":"","format":"standard","meta":[],"categories":[10],"tags":[],"_links":{"self":[{"href":"http:\/\/nuevacordoba.net\/index.php\/wp-json\/wp\/v2\/posts\/19771"}],"collection":[{"href":"http:\/\/nuevacordoba.net\/index.php\/wp-json\/wp\/v2\/posts"}],"about":[{"href":"http:\/\/nuevacordoba.net\/index.php\/wp-json\/wp\/v2\/types\/post"}],"author":[{"embeddable":true,"href":"http:\/\/nuevacordoba.net\/index.php\/wp-json\/wp\/v2\/users\/1"}],"replies":[{"embeddable":true,"href":"http:\/\/nuevacordoba.net\/index.php\/wp-json\/wp\/v2\/comments?post=19771"}],"version-history":[{"count":0,"href":"http:\/\/nuevacordoba.net\/index.php\/wp-json\/wp\/v2\/posts\/19771\/revisions"}],"wp:featuredmedia":[{"embeddable":true,"href":"http:\/\/nuevacordoba.net\/index.php\/wp-json\/wp\/v2\/media\/19772"}],"wp:attachment":[{"href":"http:\/\/nuevacordoba.net\/index.php\/wp-json\/wp\/v2\/media?parent=19771"}],"wp:term":[{"taxonomy":"category","embeddable":true,"href":"http:\/\/nuevacordoba.net\/index.php\/wp-json\/wp\/v2\/categories?post=19771"},{"taxonomy":"post_tag","embeddable":true,"href":"http:\/\/nuevacordoba.net\/index.php\/wp-json\/wp\/v2\/tags?post=19771"}],"curies":[{"name":"wp","href":"https:\/\/api.w.org\/{rel}","templated":true}]}}