{"id":19777,"date":"2022-05-17T05:25:24","date_gmt":"2022-05-17T05:25:24","guid":{"rendered":"https:\/\/www.espinof.com\/actores-y-actrices\/aquaman-2-amber-heard-desvela-que-warner-no-queria-pelicula-dc-que-su-papel-version-muy-reducida-previsto-inicialmente"},"modified":"2022-05-17T05:25:24","modified_gmt":"2022-05-17T05:25:24","slug":"aquaman-2-amber-heard-desvela-que-warner-no-la-queria-en-la-pelicula-de-dc-y-que-su-papel-es-una-version-muy-reducida-de-lo-previsto-inicialmente","status":"publish","type":"post","link":"http:\/\/nuevacordoba.net\/index.php\/2022\/05\/17\/aquaman-2-amber-heard-desvela-que-warner-no-la-queria-en-la-pelicula-de-dc-y-que-su-papel-es-una-version-muy-reducida-de-lo-previsto-inicialmente\/","title":{"rendered":"&#8216;Aquaman 2&#8217;: Amber Heard desvela que Warner no la quer\u00eda en la pel\u00edcula de DC y que su papel es \u00abuna versi\u00f3n muy reducida\u00bb de lo previsto inicialmente"},"content":{"rendered":"<p>La batalla legal entre <strong>Amber Heard <\/strong>y<strong> Johnny Depp<\/strong> ha acaparado multitud de titulares \u00faltimamente. Por parte de \u00e9l descubrimos que se le hab\u00eda ofrecido participar en <a href=\"https:\/\/www.espinof.com\/proyectos\/piratas-caribe-6-jerry-bruckheimer-abre-puerta-al-regreso-johnny-depp-como-jack-sparrow-futuro-todavia-esta-decidir\">&#8216;Piratas del Caribe 6&#8217;<\/a> a cambio de 22,5 millones para que <a href=\"https:\/\/www.espinof.com\/actores-y-actrices\/piratas-caribe-6-johnny-depp-iba-a-regresar-como-jack-sparrow-disney-se-echo-atras-ultimo-momento\">Disney cambiara de idea a \u00faltima hora<\/a> y que el actor no piensa regresar a la saga <a href=\"https:\/\/www.espinof.com\/actores-y-actrices\/piratas-caribe-6-johnny-depp-jura-que-no-volvera-a-interpretar-a-jack-sparrow-disney-le-ofrezca-300-millones-dolares\">ni aunque le ofrezcan 300 millones<\/a>. Ahora ha sido ella la que ha repasado c\u00f3mo se ha visto impactada su carrera por lo sucedido.<\/p>\n<p><!-- BREAK 1 --><\/p>\n<h2>Los problemas de Heard<\/h2>\n<p>A Heard la veremos pr\u00f3ximamente en la esperada secuela de <a href=\"https:\/\/www.espinof.com\/la-1\/aquaman-jason-momoa-se-pasa-grande-espectaculo-disparatado-dc\">&#8216;Aquaman&#8217;<\/a>, pero la actriz ha desvelado que \u00ab<em>tuve que luchar muy duro para seguir en la pel\u00edcula\u00bb<\/em> y que Warner \u00ab<em>no quer\u00eda incluirme en la pel\u00edcula<\/em>\u00ab. Finalmente <a href=\"https:\/\/www.espinof.com\/actores-y-actrices\/amber-heard-no-ha-sido-reemplazada-aquaman-2-verdadero-motivo-que-se-ha-aplazado-estreno-pelicula-dc\">s\u00ed que se qued\u00f3 a bordo<\/a> pese a la insistencia de algunos medios en afirmar lo contrario, pero <strong>su papel fue perdiendo peso a medida que se hac\u00edan nuevas versiones del guion<\/strong>:<\/p>\n<p><!-- BREAK 2 --> <\/p>\n<div class=\"article-asset article-asset-normal article-asset-center\">\n<div class=\"desvio-container\">\n<div class=\"desvio\">\n<div class=\"desvio-figure js-desvio-figure\"> <a href=\"https:\/\/www.espinof.com\/listas\/todas-peliculas-universo-dc-ordenadas-peor-a-mejor\"> <img alt=\"Todas las pel\u00edculas del Universo Extendido de DC, ordenadas de peor a mejor\" src=\"http:\/\/nuevacordoba.net\/wp-content\/uploads\/2022\/05\/aquaman-2-amber-heard-desvela-que-warner-no-la-queria-en-la-pelicula-de-dc-y-que-su-papel-es-una-version-muy-reducida-de-lo-previsto-inicialmente.jpg\"> <\/a> <\/div><\/div><\/div>\n<\/div>\n<blockquote><p>Me dieron un guion. Luego me dieron nuevas versiones del mismo que hab\u00edan quitado escenas que ten\u00edan acci\u00f3n, que mostraban a mi personaje y a otro personaje, sin dar spoilers, dos personajes que se peleaban entre s\u00ed. B\u00e1sicamente quitaron un mont\u00f3n de mi papel. Simplemente eliminaron un mont\u00f3n.<\/p><\/blockquote>\n<p>Heard no lleg\u00f3 a decir nada sobre que sus problemas con Depp hayan sido los causantes de esto, pero s\u00ed que la presencia de Mera en <a href=\"https:\/\/www.espinof.com\/tag\/aquaman-and-the-lost-kingdom\">&#8216;Aquaman 2&#8217;<\/a> es \u00ab<em>una versi\u00f3n muy reducida<\/em>\u00bb de <strong>aquello que hab\u00eda firmado inicialmente<\/strong>.<\/p>\n<p><!-- BREAK 3 --><\/p>\n<p>Lo curioso es que hace unas semanas surgi\u00f3 un fuerte rumor apuntando a que la actriz vista en t\u00edtulos como <a href=\"https:\/\/www.espinof.com\/criticas\/magic-mike-xxl-el-ultimo-striptease\">&#8216;Magic Mike XXL&#8217;<\/a> o <a href=\"https:\/\/www.espinof.com\/criticas\/furia-ciega-3d-una-torpe-gamberrada\">&#8216;Furia ciega&#8217;<\/a> solamente iba a aparecer <strong>en 10 minutos<\/strong> de &#8216;Aquaman and the Lost Kingdom&#8217;. Estas declaraciones de Heard no confirman ese dato, pero s\u00ed dan a entender que no estaban muy desencaminadas&#8230;<\/p>\n<p><!-- BREAK 4 --> <\/p>\n","protected":false},"excerpt":{"rendered":"<p>La batalla legal entre Amber Heard y Johnny Depp ha acaparado multitud de titulares \u00faltimamente. Por parte de \u00e9l descubrimos que se le hab\u00eda ofrecido participar en &#8216;Piratas del Caribe 6&#8217; a cambio de 22,5 millones para que Disney cambiara de idea a \u00faltima hora y que el actor no piensa regresar a la saga [&hellip;]<\/p>\n","protected":false},"author":1,"featured_media":19778,"comment_status":"closed","ping_status":"closed","sticky":false,"template":"","format":"standard","meta":[],"categories":[6],"tags":[],"_links":{"self":[{"href":"http:\/\/nuevacordoba.net\/index.php\/wp-json\/wp\/v2\/posts\/19777"}],"collection":[{"href":"http:\/\/nuevacordoba.net\/index.php\/wp-json\/wp\/v2\/posts"}],"about":[{"href":"http:\/\/nuevacordoba.net\/index.php\/wp-json\/wp\/v2\/types\/post"}],"author":[{"embeddable":true,"href":"http:\/\/nuevacordoba.net\/index.php\/wp-json\/wp\/v2\/users\/1"}],"replies":[{"embeddable":true,"href":"http:\/\/nuevacordoba.net\/index.php\/wp-json\/wp\/v2\/comments?post=19777"}],"version-history":[{"count":0,"href":"http:\/\/nuevacordoba.net\/index.php\/wp-json\/wp\/v2\/posts\/19777\/revisions"}],"wp:featuredmedia":[{"embeddable":true,"href":"http:\/\/nuevacordoba.net\/index.php\/wp-json\/wp\/v2\/media\/19778"}],"wp:attachment":[{"href":"http:\/\/nuevacordoba.net\/index.php\/wp-json\/wp\/v2\/media?parent=19777"}],"wp:term":[{"taxonomy":"category","embeddable":true,"href":"http:\/\/nuevacordoba.net\/index.php\/wp-json\/wp\/v2\/categories?post=19777"},{"taxonomy":"post_tag","embeddable":true,"href":"http:\/\/nuevacordoba.net\/index.php\/wp-json\/wp\/v2\/tags?post=19777"}],"curies":[{"name":"wp","href":"https:\/\/api.w.org\/{rel}","templated":true}]}}