{"id":19789,"date":"2022-05-17T00:04:58","date_gmt":"2022-05-17T00:04:58","guid":{"rendered":"https:\/\/puntoapunto.com.ar\/?p=333356"},"modified":"2022-05-17T00:04:58","modified_gmt":"2022-05-17T00:04:58","slug":"schiaretti-mostro-ante-el-circulo-rojo-el-modelo-cordoba-con-foco-en-su-proyeccion-nacional","status":"publish","type":"post","link":"http:\/\/nuevacordoba.net\/index.php\/2022\/05\/17\/schiaretti-mostro-ante-el-circulo-rojo-el-modelo-cordoba-con-foco-en-su-proyeccion-nacional\/","title":{"rendered":"Schiaretti mostr\u00f3 ante el c\u00edrculo rojo el \u201cmodelo C\u00f3rdoba\u201d con foco en su proyecci\u00f3n nacional"},"content":{"rendered":"<div><img src=\"http:\/\/nuevacordoba.net\/wp-content\/uploads\/2022\/05\/schiaretti-mostro-ante-el-circulo-rojo-el-modelo-cordoba-con-foco-en-su-proyeccion-nacional.jpg\" class=\"ff-og-image-inserted\"><\/div>\n<p>El gobernador de C\u00f3rdoba, <strong>Juan Schiaretti<\/strong>, disert\u00f3 en el tradicional almuerzo de la Fundaci\u00f3n Mediterr\u00e1nea frente a un publico conformado por el<strong> empresariado cordob\u00e9s y pol\u00edticos oficialistas y opositores.<\/strong><\/p>\n<p>\u201cEl modelo de gesti\u00f3n C\u00f3rdoba se basa en la colaboraci\u00f3n de toda la sociedad con un Estado provincial que articula el potencial creativo. <strong>Hay una frase que resume el equilibrio que tiene que tener la sociedad: tiene que haber tanto mercado como sea posible y tanto Estado como sea necesario<\/strong>\u201c, dijo Schiaretti al inicio de su discurso. Seguidamente fue aplaudido por un auditorio constituido por <strong>360 personas<\/strong>.<\/p>\n<p>El gobernador destac\u00f3 la importancia de generar equilibrio fiscal: \u201cuno puede tener desequilibrio alguna vez, lo que no puede es tenerlo siempre. <strong>El Estado tiene que tener los recursos necesarios para hacer frente a los gastos para cubrir las necesidades sociales..<\/strong>. y vaya que hay necesidades sociales en Argentina que hace d\u00e9cadas que viene cayendo y aumentando el nivel de desocupaci\u00f3n y pobreza\u201d, sentenci\u00f3.<\/p>\n<p>\u201cDesde el 2016 al primer cuatrimestre del 2022, la Provincia tuvo un ahorro corriente de <strong>US$ 5.445 millones<\/strong>. Esto es el resultado del equilibrio y el super\u00e1vit fiscal que gener\u00f3 la Provincia en los \u00faltimos seis a\u00f1os gracias a la<strong> baja cantidad de empleados p\u00fablicos y a los impuestos baratos<\/strong>\u201c, dijo el gobernador y explic\u00f3:<\/p>\n<p>\u201cC\u00f3rdoba es la provincia que tiene menos empelados p\u00fablicos cada mil habitantes. El promedio nacional es 67\/1000, <strong>C\u00f3rdoba tiene 52\/1000<\/strong>. Estamos entre los cuatro distritos que tienen la mayor tasa de empleados que est\u00e1n en condici\u00f3n de trabajar, econ\u00f3micamente activos.&nbsp; Somos una provincia de trabajo que no depende del empleo p\u00fablico\u201d.<\/p>\n<p>Por otra parte, expuso que la Provincia tiene una tasa de impuesto de Ingresos Brutos inferior al promedio: \u201clos impuestos de C\u00f3rdoba son m\u00e1s baratos que el promedio nacional. La tasa de Ingreso Bruto promedio de <strong>C\u00f3rdoba es de 2,59%<\/strong> y el promedio Nacional es de 2,94%\u201d.<\/p>\n<p>Seguidamente, el mandatario provincial remarc\u00f3 que est\u00e1n trabajando en \u201c<strong>el mayor plan de obras p\u00fablicas de la historia de C\u00f3rdoba con una inversi\u00f3n de US$ 7.206 millones<\/strong>. Ya llevamos ejecutado el 75% del programa de obras\u201d.<\/p>\n<p>Las <strong>obras viales se llevan la mayor porci\u00f3n de la torta (US$ 3169 millones)<\/strong>, seguido de gasoductos y redes de gas (US$ 955 millones), cloacas (US$ 603 millones), viviendas (US$ 573 millones), electricidad (US$ 463 millones), edificios varios (US$ 300 millones), escuelas y aulas (US$ 293 millones), acueductos y agua potable (US$ 291 millones), hospitales (US$ 276 millones) y conectividad (US$ 110 millones).<\/p>\n<p>Entre los planes de obras p\u00fablicas, el gobernador destac\u00f3 los corredores viales y gasoductos y apunt\u00f3 contra las administraciones de <b>Mauricio Macri&nbsp;<\/b>y&nbsp;<b>Alberto Fern\u00e1ndez<\/b>&nbsp;por demorar la conexi\u00f3n de la producci\u00f3n de&nbsp;<b>Vaca Muerta<\/b>.<\/p>\n<p>\u201cResulta dif\u00edcil entender c\u00f3mo el Estado nacional hace seis a\u00f1os no consigue hacer ese gasoducto de 600 kil\u00f3metros, que nos permitir\u00eda ahorrar US$ 5.000 millones anuales de la balanza comercial\u201d, opin\u00f3. \u201cNo lo hizo ni el gobierno anterior ni este, que solo licit\u00f3 los ca\u00f1os, pero no la obra\u201d, dijo el cordob\u00e9s.<\/p>\n<p>En el almuerzo de la Mediterr\u00e1nea estuvo presente el empresariado con el que el Schiaretti mantiene un un v\u00ednculo fluido: <strong>Luis Pavone, Juan Calos Rabbat, Rosana Negrini, Jos\u00e9 \u201cPepe\u201d Franco, Sergio Roggio, Lucas Salim, Diego Parra<\/strong>, entre otros.<\/p>\n<p>Tambi\u00e9n estuvieron <strong>representantes de la oposici\u00f3n,&nbsp;<\/strong>como&nbsp;<strong>Luis Juez<\/strong>, <strong>Gustavo Santos<\/strong>, <strong>Rodrigo de Loredo, Soher El Sukaria y<\/strong>&nbsp;<strong>Mario Negri, <\/strong>quien dispar\u00f3 en Twitter:<\/p>\n<blockquote class=\"twitter-tweet\" data-width=\"500\" data-dnt=\"true\" readability=\"10.604790419162\">\n<p lang=\"es\" dir=\"ltr\">Lamento que la urgencia del Gobernador Schiaretti por lograr su posicionamiento pol\u00edtico a nivel nacional lo lleve a relatar una situaci\u00f3n ficticia de la Provincia.<br \/>C\u00f3rdoba no es lo que la publicidad o el discurso oficial dicen.<br \/>No es un caos, pero tampoco el para\u00edso que venden.<\/p>\n<p>\u2014 Mario Ra\u00fal Negri (@marioraulnegri) <a href=\"https:\/\/twitter.com\/marioraulnegri\/status\/1526261283066085380?ref_src=twsrc%5Etfw\">May 16, 2022<\/a><\/p>\n<\/blockquote>\n<p><strong>Eduardo Acastello, Miguel Siciliano, Mart\u00edn Llaryora Esteban Avil\u00e9s, Facundo Torres, Laura Jure, Manuel Calvo, Fernando Sibila, Ricardo Sosa<\/strong>, entre otras figuras pol\u00edticas tambi\u00e9n dieron el presente.<\/p>\n<p class=\"com-paragraph --s\">En defensa al federalismo, Schiaretti critic\u00f3 las <strong>diferencias en el reparto de subsidios de transporte; a que Edenor y Edesur<\/strong>&nbsp;<strong>le deben a Cammesa $200.000 millones y a que AySA recibi\u00f3 $106.000 millones el a\u00f1o pasado de Naci\u00f3n.<\/strong><\/p>\n<p class=\"com-paragraph --s\">El mandatario dijo que vender energ\u00eda y no cobrarla es un \u201csubsidio encubierto\u201d, a la vez que dijo que la Empresa Provincial de Energ\u00eda de C\u00f3rdoba (Epec) debe $8000 millones y negocia una refinanciaci\u00f3n, pese a que la tarifa de la luz en CABA es menos de la mitad que en esta provincia. Reiter\u00f3 que el servicio de agua y cloacas de todo en todo el pa\u00eds es prestado por compa\u00f1\u00edas concesionadas, municipales o provinciales, pero \u201cno nacionales\u201d, como AySA.<\/p>\n<p>Cerca del final, Schiaretti aprovech\u00f3 para diferenciarse de Naci\u00f3n y dispar\u00f3: \u201cC\u00f3rdoba es una provincia que tiene siete miembros en el Tribunal Superior de Justicia, tres de ellos fueron nombrados hace 26 a\u00f1os por un Gobierno diferente al de Hacemos por C\u00f3rdoba y nadie repara en ellos porque nos parece normal que se nombre miembros y permanezcan en el tiempo, nadie puede decir que tienen que irse porque cambie el signo pol\u00edtico . <strong>En Naci\u00f3n no se pueden poner de acuerdo sobre quien asume el rol de procurador general<\/strong>. En C\u00f3rdoba se respeta el poder institucional, no se nos ocurrir\u00eda presionar a los Jueces. Tampoco hay persecuciones pol\u00edticas contra nadie, ni persecuciones contra la prensa\u201d.<\/p>\n","protected":false},"excerpt":{"rendered":"<p>El gobernador de C\u00f3rdoba, Juan Schiaretti, disert\u00f3 en el tradicional almuerzo de la Fundaci\u00f3n Mediterr\u00e1nea frente a un publico conformado por el empresariado cordob\u00e9s y pol\u00edticos oficialistas y opositores. \u201cEl modelo de gesti\u00f3n C\u00f3rdoba se basa en la colaboraci\u00f3n de toda la sociedad con un Estado provincial que articula el potencial creativo. Hay una frase [&hellip;]<\/p>\n","protected":false},"author":1,"featured_media":19790,"comment_status":"open","ping_status":"closed","sticky":false,"template":"","format":"standard","meta":[],"categories":[14],"tags":[],"_links":{"self":[{"href":"http:\/\/nuevacordoba.net\/index.php\/wp-json\/wp\/v2\/posts\/19789"}],"collection":[{"href":"http:\/\/nuevacordoba.net\/index.php\/wp-json\/wp\/v2\/posts"}],"about":[{"href":"http:\/\/nuevacordoba.net\/index.php\/wp-json\/wp\/v2\/types\/post"}],"author":[{"embeddable":true,"href":"http:\/\/nuevacordoba.net\/index.php\/wp-json\/wp\/v2\/users\/1"}],"replies":[{"embeddable":true,"href":"http:\/\/nuevacordoba.net\/index.php\/wp-json\/wp\/v2\/comments?post=19789"}],"version-history":[{"count":0,"href":"http:\/\/nuevacordoba.net\/index.php\/wp-json\/wp\/v2\/posts\/19789\/revisions"}],"wp:featuredmedia":[{"embeddable":true,"href":"http:\/\/nuevacordoba.net\/index.php\/wp-json\/wp\/v2\/media\/19790"}],"wp:attachment":[{"href":"http:\/\/nuevacordoba.net\/index.php\/wp-json\/wp\/v2\/media?parent=19789"}],"wp:term":[{"taxonomy":"category","embeddable":true,"href":"http:\/\/nuevacordoba.net\/index.php\/wp-json\/wp\/v2\/categories?post=19789"},{"taxonomy":"post_tag","embeddable":true,"href":"http:\/\/nuevacordoba.net\/index.php\/wp-json\/wp\/v2\/tags?post=19789"}],"curies":[{"name":"wp","href":"https:\/\/api.w.org\/{rel}","templated":true}]}}