{"id":19795,"date":"2022-05-17T21:08:48","date_gmt":"2022-05-17T21:08:48","guid":{"rendered":"https:\/\/cordoba.gob.ar\/?p=25149"},"modified":"2022-05-17T21:08:48","modified_gmt":"2022-05-17T21:08:48","slug":"patrimonio-360-el-museo-de-la-industria-abre-sus-puertas-tambien-de-forma-virtual","status":"publish","type":"post","link":"http:\/\/nuevacordoba.net\/index.php\/2022\/05\/17\/patrimonio-360-el-museo-de-la-industria-abre-sus-puertas-tambien-de-forma-virtual\/","title":{"rendered":"\u201cPatrimonio 360\u00b0\u201d: el Museo de la Industria abre sus puertas tambi\u00e9n de forma virtual"},"content":{"rendered":"<div><img src=\"http:\/\/nuevacordoba.net\/wp-content\/uploads\/2022\/05\/patrimonio-360-el-museo-de-la-industria-abre-sus-puertas-tambien-de-forma-virtual.jpg\" class=\"ff-og-image-inserted\"><\/div>\n<ul>\n<li><strong>El espacio cultural suma una nueva herramienta digital que facilitar\u00e1 el acceso al acervo de manera virtual.<\/strong><\/li>\n<li><strong>Durante la etapa inicial, esta plataforma ser\u00e1 explorada junto al servicio de gu\u00eda para un mejor entendimiento sobre su uso.<\/strong><\/li>\n<li><strong>En el marco por el D\u00eda Internacional de los Museos, se llevar\u00e1 a cabo el lanzamiento el martes 17 de mayo con dos visitas guiadas a trav\u00e9s de este <a href=\"https:\/\/meet.google.com\/qjd-upku-vpp\">enlace<\/a>.<\/strong><\/li>\n<\/ul>\n<hr>\n<p>El Museo de la Industria se podr\u00e1 visitar de manera virtual a trav\u00e9s de la plataforma digital \u201cPatrimonio 360\u00ba: Tecnolog\u00eda y accesibilidad\u201d.<\/p>\n<p>De esta manera, se podr\u00e1 acceder a informaci\u00f3n \u00fatil, conocer la ubicaci\u00f3n geogr\u00e1fica del museo (antiguo edificio del ferrocarril), el auditorio, la colecci\u00f3n permanente y el universo FAUDI.<\/p>\n<p>Se trata de la etapa inicial que consiste en visitas virtuales que realizar\u00e1 el servicio de gu\u00eda del museo para conocer y comprender el uso del sitio.<\/p>\n<p>La Municipalidad de C\u00f3rdoba, a trav\u00e9s de la Direcci\u00f3n de Cultura y Patrimonio dependiente de la Secretar\u00eda de Cultura y Juventud, desarroll\u00f3 esta herramienta a partir de un trabajo articulado con la Facultad de Arquitectura, Urbanismo y Dise\u00f1o de la UNC.<\/p>\n<p><em>\u201cDesarrollada en el marco de un programa de becas de la Secretar\u00eda de Extensi\u00f3n Universitaria de la Universidad Nacional, se trata de una plataforma integradora que permite una mayor accesibilidad y difusi\u00f3n de nuestro patrimonio, como as\u00ed tambi\u00e9n una construcci\u00f3n m\u00e1s participativa y plural en las narrativas del museo, haciendo parte a nuestros p\u00fablicos\u201d<\/em>, explica Diego Mart\u00ed, director del Museo de la Industria.<\/p>\n<p>La plataforma permite el acceso a la informaci\u00f3n del patrimonio a partir de dimensiones educativas, sociales y culturales, como una nueva forma de abordar el museo.<\/p>\n<p>Al realizar visitas bajo el formato 360\u00ba, ubica al museo municipal a la par de la oferta de museos internacionales tales como Museo del Louvre en Francia o del Prado en Espa\u00f1a.<\/p>\n<p>As\u00ed lo explica Silvia Olivia, dise\u00f1adora industrial y docente de la FAUD, <em>\u201cesta herramienta fue desarrollada para dinamizar y continuar con los lineamientos actuales e internacionales para el manejo de los espacios culturales. Que a la vez, se centr\u00f3 en la incorporaci\u00f3n de relatos sobre la experiencia de la gente frente a los objetos de la colecci\u00f3n, como el tractor Pampa o la moto Puma, que son \u00edconos de nuestra historia y ciudad que forman parte de una memoria viva y activa a trav\u00e9s de estos dispositivos tecnol\u00f3gicos\u201d.<\/em><\/p>\n<p>LANZAMIENTO DE \u201cPATRIMONIO 360\u00ba\u201d<\/p>\n<p>El D\u00eda Internacional de los Museos que se celebra cada 18 de mayo, propone como lema este a\u00f1o \u201cEl poder de los museos\u201d con el objetivo de explorar el potencial de los museos para provocar un cambio positivo en sus comunidades.<\/p>\n<p>Por este motivo, el martes 17 de mayo se har\u00e1 la presentaci\u00f3n en comunidad de \u201cPatrimonio 360\u00ba: Tecnolog\u00eda y accesibilidad\u201d con dos visitas guiadas, una a las 16.30 y otra a las 18 hs, por medio de este <a href=\"https:\/\/meet.google.com\/qjd-upku-vpp\">enlace<\/a>.<\/p>\n<p>El recorrido se podr\u00e1 realizar pr\u00f3ximamente desde cualquier dispositivo m\u00f3vil, una vez que el link se aloje en los sitios virtuales del museo municipal.<\/p>\n","protected":false},"excerpt":{"rendered":"<p>El espacio cultural suma una nueva herramienta digital que facilitar\u00e1 el acceso al acervo de manera virtual. Durante la etapa inicial, esta plataforma ser\u00e1 explorada junto al servicio de gu\u00eda para un mejor entendimiento sobre su uso. En el marco por el D\u00eda Internacional de los Museos, se llevar\u00e1 a cabo el lanzamiento el martes [&hellip;]<\/p>\n","protected":false},"author":1,"featured_media":19796,"comment_status":"closed","ping_status":"closed","sticky":false,"template":"","format":"standard","meta":[],"categories":[14],"tags":[],"_links":{"self":[{"href":"http:\/\/nuevacordoba.net\/index.php\/wp-json\/wp\/v2\/posts\/19795"}],"collection":[{"href":"http:\/\/nuevacordoba.net\/index.php\/wp-json\/wp\/v2\/posts"}],"about":[{"href":"http:\/\/nuevacordoba.net\/index.php\/wp-json\/wp\/v2\/types\/post"}],"author":[{"embeddable":true,"href":"http:\/\/nuevacordoba.net\/index.php\/wp-json\/wp\/v2\/users\/1"}],"replies":[{"embeddable":true,"href":"http:\/\/nuevacordoba.net\/index.php\/wp-json\/wp\/v2\/comments?post=19795"}],"version-history":[{"count":0,"href":"http:\/\/nuevacordoba.net\/index.php\/wp-json\/wp\/v2\/posts\/19795\/revisions"}],"wp:featuredmedia":[{"embeddable":true,"href":"http:\/\/nuevacordoba.net\/index.php\/wp-json\/wp\/v2\/media\/19796"}],"wp:attachment":[{"href":"http:\/\/nuevacordoba.net\/index.php\/wp-json\/wp\/v2\/media?parent=19795"}],"wp:term":[{"taxonomy":"category","embeddable":true,"href":"http:\/\/nuevacordoba.net\/index.php\/wp-json\/wp\/v2\/categories?post=19795"},{"taxonomy":"post_tag","embeddable":true,"href":"http:\/\/nuevacordoba.net\/index.php\/wp-json\/wp\/v2\/tags?post=19795"}],"curies":[{"name":"wp","href":"https:\/\/api.w.org\/{rel}","templated":true}]}}