{"id":19797,"date":"2022-05-17T14:02:33","date_gmt":"2022-05-17T14:02:33","guid":{"rendered":"http:\/\/cordobanewsnet.wordpress.com\/?p=6889"},"modified":"2022-05-17T14:02:33","modified_gmt":"2022-05-17T14:02:33","slug":"paro-de-colectivos-algunos-cordobeses-caminan-horas-bajo-el-frio-para-ir-a-trabajar","status":"publish","type":"post","link":"http:\/\/nuevacordoba.net\/index.php\/2022\/05\/17\/paro-de-colectivos-algunos-cordobeses-caminan-horas-bajo-el-frio-para-ir-a-trabajar\/","title":{"rendered":"Paro de colectivos: algunos cordobeses caminan horas bajo el fr\u00edo para ir a trabajar"},"content":{"rendered":"<div><img src=\"http:\/\/nuevacordoba.net\/wp-content\/uploads\/2022\/05\/paro-de-colectivos-algunos-cordobeses-caminan-horas-bajo-el-frio-para-ir-a-trabajar.jpg\" class=\"ff-og-image-inserted\"><\/div>\n<p>La ma\u00f1ana de los cordobeses fue cr\u00edtica. Llegar a sus trabajos o actividades cotidianas para muchos signific\u00f3 un gran esfuerzo.&nbsp;El paro decretado&nbsp;por la Uni\u00f3n Tranviarios del Automotor seccional C\u00f3rdoba&nbsp;(UTA), los dej\u00f3 a pie.<\/p>\n<p>Recorriendo las calles del centro de la ciudad, en<strong><em>&nbsp;Arriba C\u00f3rdoba<\/em><\/strong> hablaron con algunos ciudadanos para conocer c\u00f3mo transitaban su d\u00eda. A la altura de avenida Col\u00f3n y General Paz, se toparon con Andrea quien cont\u00f3 que<strong>&nbsp;tuvo que empezar a caminar desde las primeras horas de ma\u00f1ana<\/strong>, bajo el fr\u00edo y la oscuridad, para poder llegar a su trabajo.<\/p>\n<p>Sali\u00f3 de su casa en la calle Duarte Quir\u00f3s rumbo a barrio Maip\u00fa: \u201cVengo caminando desde la Duarte Quir\u00f3s, cerca de la cl\u00ednica Colombo\u201d. Seg\u00fan pudo calcular, la mujer dijo que caminaba<strong>&nbsp;hace media hora y que a\u00fan le faltaba una hora m\u00e1s<\/strong>.<\/p>\n<p>Luego, habl\u00f3 de lo perjudicial que es para su rutina la medida de fuerza. \u201c<strong>Todos los d\u00edas uso el colectivo y para m\u00ed hoy es un d\u00eda negro<\/strong>. Entiendo a los choferes, la situaci\u00f3n que estamos pasado y la inflaci\u00f3n, pero nos perjudica a todos\u201d, expres\u00f3.<\/p>\n<p>Pese al sacrificio, asegur\u00f3 que antes de pagar un taxi, prefiere guardarse el dinero&nbsp;<strong>para sus hijas o para comprar comida<\/strong>. Andrea cont\u00f3 que trabaja en casas de familias y en algunas oportunidades cuidando a adultos mayores.<\/p>\n<p><strong>Hasta cu\u00e1ndo sin transporte&nbsp;<\/strong><\/p>\n<p>Al no llegar a un acuerdo entre el gremio y el sector empresarial representados por Fatap,&nbsp;<strong>UTA anunci\u00f3 una medida de fuerza por 72 horas<\/strong>.<\/p>\n<p>Sin embargo, habr\u00e1 una pausa. Teniendo en cuenta la realizaci\u00f3n del Censo del pr\u00f3ximo mi\u00e9rcoles, indicaron en un comunicado que&nbsp;<strong>retomar\u00e1n el servicio para esa jornada<\/strong>&nbsp;\u00aben colaboraci\u00f3n a la funci\u00f3n desempe\u00f1ada\u00bb. De esa manera,&nbsp;<strong>el paro continuar\u00eda el jueves y viernes<\/strong>.&nbsp;<\/p>\n<div id=\"jp-post-flair\" class=\"sharedaddy sd-like-enabled sd-sharing-enabled\">\n<div class=\"sharedaddy sd-sharing-enabled\">\n<div class=\"robots-nocontent sd-block sd-social sd-social-icon-text sd-sharing\">\n<h3 class=\"sd-title\">Share this:<\/h3>\n<\/div>\n<\/div>\n<div class=\"sharedaddy sd-block sd-like jetpack-likes-widget-wrapper jetpack-likes-widget-unloaded\" id=\"like-post-wrapper-143108178-6889-6284464f7dea9\" data-src=\"\/\/widgets.wp.com\/likes\/index.html?ver=20220105#blog_id=143108178&amp;post_id=6889&amp;origin=cordobanewsnet.wordpress.com&amp;obj_id=143108178-6889-6284464f7dea9\" data-name=\"like-post-frame-143108178-6889-6284464f7dea9\" data-title=\"Me gusta o Compartir\">\n<h3 class=\"sd-title\">Me gusta esto:<\/h3>\n<p><span class=\"button\"><span>Me gusta<\/span><\/span> <span class=\"loading\">Cargando&#8230;<\/span><\/p>\n<p><span class=\"sd-text-color\"><\/span><\/div>\n<p><h3 class=\"jp-relatedposts-headline\"><em>Relacionado<\/em><\/h3>\n<\/p>\n<\/div>\n","protected":false},"excerpt":{"rendered":"<p>La ma\u00f1ana de los cordobeses fue cr\u00edtica. Llegar a sus trabajos o actividades cotidianas para muchos signific\u00f3 un gran esfuerzo.&nbsp;El paro decretado&nbsp;por la Uni\u00f3n Tranviarios del Automotor seccional C\u00f3rdoba&nbsp;(UTA), los dej\u00f3 a pie. Recorriendo las calles del centro de la ciudad, en&nbsp;Arriba C\u00f3rdoba hablaron con algunos ciudadanos para conocer c\u00f3mo transitaban su d\u00eda. A la [&hellip;]<\/p>\n","protected":false},"author":1,"featured_media":19798,"comment_status":"closed","ping_status":"closed","sticky":false,"template":"","format":"standard","meta":[],"categories":[14],"tags":[],"_links":{"self":[{"href":"http:\/\/nuevacordoba.net\/index.php\/wp-json\/wp\/v2\/posts\/19797"}],"collection":[{"href":"http:\/\/nuevacordoba.net\/index.php\/wp-json\/wp\/v2\/posts"}],"about":[{"href":"http:\/\/nuevacordoba.net\/index.php\/wp-json\/wp\/v2\/types\/post"}],"author":[{"embeddable":true,"href":"http:\/\/nuevacordoba.net\/index.php\/wp-json\/wp\/v2\/users\/1"}],"replies":[{"embeddable":true,"href":"http:\/\/nuevacordoba.net\/index.php\/wp-json\/wp\/v2\/comments?post=19797"}],"version-history":[{"count":0,"href":"http:\/\/nuevacordoba.net\/index.php\/wp-json\/wp\/v2\/posts\/19797\/revisions"}],"wp:featuredmedia":[{"embeddable":true,"href":"http:\/\/nuevacordoba.net\/index.php\/wp-json\/wp\/v2\/media\/19798"}],"wp:attachment":[{"href":"http:\/\/nuevacordoba.net\/index.php\/wp-json\/wp\/v2\/media?parent=19797"}],"wp:term":[{"taxonomy":"category","embeddable":true,"href":"http:\/\/nuevacordoba.net\/index.php\/wp-json\/wp\/v2\/categories?post=19797"},{"taxonomy":"post_tag","embeddable":true,"href":"http:\/\/nuevacordoba.net\/index.php\/wp-json\/wp\/v2\/tags?post=19797"}],"curies":[{"name":"wp","href":"https:\/\/api.w.org\/{rel}","templated":true}]}}