{"id":19803,"date":"2022-05-18T03:02:02","date_gmt":"2022-05-18T03:02:02","guid":{"rendered":"https:\/\/puntoapunto.com.ar\/?p=333419"},"modified":"2022-05-18T03:02:02","modified_gmt":"2022-05-18T03:02:02","slug":"en-dos-anos-cordoba-perdio-unos-1-500-empleadores-privados","status":"publish","type":"post","link":"http:\/\/nuevacordoba.net\/index.php\/2022\/05\/18\/en-dos-anos-cordoba-perdio-unos-1-500-empleadores-privados\/","title":{"rendered":"En dos a\u00f1os C\u00f3rdoba perdi\u00f3 unos 1.500 empleadores privados"},"content":{"rendered":"<div><img src=\"http:\/\/nuevacordoba.net\/wp-content\/uploads\/2022\/05\/en-dos-anos-cordoba-perdio-unos-1-500-empleadores-privados.jpg\" class=\"ff-og-image-inserted\"><\/div>\n<p>A la convulsionada econom\u00eda argentina, cada vez le cuesta m\u00e1s generar indicadores consistentes o al menos coherentes, para determinar c\u00f3mo se encuentra. En una reuni\u00f3n privada con empresarios locales, un economista y consultor grafic\u00f3: \u201cEstamos ante una paradoja recurrente. Hay muchas empresas a las que les va bien e incluso a ustedes les puede costar reconocer que est\u00e1n bien, mientras que tenemos una macroeconom\u00eda muy golpeada y con n\u00fameros e indicadores sociales horribles\u201d.<\/p>\n<p>En ese marco, la manipulaci\u00f3n de datos es la tentaci\u00f3n en la que m\u00e1s caen tanto el oficialismo como la oposici\u00f3n. \u00bfHay un repunte en el nivel de actividad? S\u00ed. \u00bfHay una recuperaci\u00f3n de muchos sectores productivos y de la industria? S\u00ed. \u00bfHay una reconstrucci\u00f3n del empleo registrado? S\u00ed. \u00bfHay un incremento pavoroso de la pobreza en los principales conglomerados urbanos? Tambi\u00e9n. \u00bfHay una aceleraci\u00f3n de la inflaci\u00f3n preocupante? Sin dudas. \u00bfHay una distorsi\u00f3n de precios relativos y una correlaci\u00f3n de esa desconfiguraci\u00f3n de precios en miles de \u00edtems de consumo? Imposible decir que no.<\/p>\n<p>As\u00ed, los desacoples macroecon\u00f3micos se acumulan mes a mes, se cuelan en m\u00e1s sectores y se plasman en nuevas formas de distorsiones.<\/p>\n<p>La realidad de las provincias no es ajena al estado actual de desarticulaciones macro. Y el resultado es, de nuevo, la complejidad para saber si estamos en un camino de recuperaci\u00f3n, si es solo un repunte tras una ca\u00edda. O si, como puede parecer, estamos ante una recuperaci\u00f3n de sectores con \u2018espalda\u2019 en detrimento de organizaciones y expresiones productivas medianas y peque\u00f1as. La concentraci\u00f3n puede ser uno de los efectos secundarios de la manera en que se est\u00e1 manifestando la posible reactivaci\u00f3n econ\u00f3mica.<\/p>\n<p>Algunos datos sobre la Provincia de C\u00f3rdoba pueden ayudar a sostener esta hip\u00f3tesis: que es cierto que hay una recuperaci\u00f3n de algunos sectores y de los niveles de empleo, pero que a\u00fan no est\u00e1n dadas las condiciones para la generaci\u00f3n de nuevas unidades productivas, de nuevas empresas y as\u00ed, la reactivaci\u00f3n se da de modo dispar, seg\u00fan el tama\u00f1o de las empresas.<\/p>\n<p><strong>M\u00e1s empleo, menos empresas.&nbsp;PERFIL C\u00d3RDOBA<\/strong>&nbsp;analiz\u00f3 los \u00faltimos n\u00fameros disponibles de la Superintendencia de Riesgos de Trabajo para repasar c\u00f3mo se da la evoluci\u00f3n de trabajadores y de empleadores registrados en unidades productivas.<\/p>\n<p>El Departamento de Estudios Estad\u00edsticos de esa dependencia considera unidades productivas a las entidades, empresas u organismos p\u00fablicos o privados, que re\u00fanen a uno o m\u00e1s trabajadores y que producen bienes o servicios. El \u00faltimo dato disponible sobre C\u00f3rdoba corresponde a enero de este a\u00f1o. En ese sentido, se informa que se registraban 591.740 empleados y 49.411 empleadores.<\/p>\n<p>Entre los sectores con mayor participaci\u00f3n figuran el comercio (108.408 trabajadores), la industria manufacturera (101.706 trabajadores), ense\u00f1anza (61.909 trabajadores), la actividad administrativa (41.996 trabajadores), la agricultura y ganader\u00eda (33.144 trabajadores), la construcci\u00f3n (28.794 trabajadores), el alojamiento y servicios de comidas (17.644 trabajadores).<\/p>\n<p>Para trazar una referencia sobre el momento actual se podr\u00eda comparar con el mismo per\u00edodo de 2020, un mes \u2018normal\u2019 en el sentido de que corresponde a la prepandemia. En ese momento, la cantidad de empleados registrados en C\u00f3rdoba era de 571.085 y la cantidad de empleadores era de 50.904.<\/p>\n<p>Es decir, entre enero de 2020 y enero de 2022 C\u00f3rdoba logr\u00f3 tener 20.655 trabajadores registrados m\u00e1s. Pero la cantidad de empleadores \u2013empresas y emprendedores\u2013 se contrajo en 1.493. Los trabajadores crecieron 3,6%, las empresas se redujeron en 2,9%.<\/p>\n<p>\u201cEn muchos sectores hubo recuperaci\u00f3n, pero tambi\u00e9n es cierto que se dio un fuerte fen\u00f3meno de concentraci\u00f3n en algunos mercados. Con la pandemia y la crisis, muchos se quedaron en el camino. Los que quedaron en pie ganaron porciones de mercado y est\u00e1n con capacidad de tomar empleados. Pero eso tampoco quiere decir que las empresas est\u00e9n ganando mucho. La mayor\u00eda solo est\u00e1n cambiando la plata\u201d, explic\u00f3 el economista Gast\u00f3n Utrera.<\/p>\n","protected":false},"excerpt":{"rendered":"<p>A la convulsionada econom\u00eda argentina, cada vez le cuesta m\u00e1s generar indicadores consistentes o al menos coherentes, para determinar c\u00f3mo se encuentra. En una reuni\u00f3n privada con empresarios locales, un economista y consultor grafic\u00f3: \u201cEstamos ante una paradoja recurrente. Hay muchas empresas a las que les va bien e incluso a ustedes les puede costar [&hellip;]<\/p>\n","protected":false},"author":1,"featured_media":19804,"comment_status":"open","ping_status":"closed","sticky":false,"template":"","format":"standard","meta":[],"categories":[14],"tags":[],"_links":{"self":[{"href":"http:\/\/nuevacordoba.net\/index.php\/wp-json\/wp\/v2\/posts\/19803"}],"collection":[{"href":"http:\/\/nuevacordoba.net\/index.php\/wp-json\/wp\/v2\/posts"}],"about":[{"href":"http:\/\/nuevacordoba.net\/index.php\/wp-json\/wp\/v2\/types\/post"}],"author":[{"embeddable":true,"href":"http:\/\/nuevacordoba.net\/index.php\/wp-json\/wp\/v2\/users\/1"}],"replies":[{"embeddable":true,"href":"http:\/\/nuevacordoba.net\/index.php\/wp-json\/wp\/v2\/comments?post=19803"}],"version-history":[{"count":0,"href":"http:\/\/nuevacordoba.net\/index.php\/wp-json\/wp\/v2\/posts\/19803\/revisions"}],"wp:featuredmedia":[{"embeddable":true,"href":"http:\/\/nuevacordoba.net\/index.php\/wp-json\/wp\/v2\/media\/19804"}],"wp:attachment":[{"href":"http:\/\/nuevacordoba.net\/index.php\/wp-json\/wp\/v2\/media?parent=19803"}],"wp:term":[{"taxonomy":"category","embeddable":true,"href":"http:\/\/nuevacordoba.net\/index.php\/wp-json\/wp\/v2\/categories?post=19803"},{"taxonomy":"post_tag","embeddable":true,"href":"http:\/\/nuevacordoba.net\/index.php\/wp-json\/wp\/v2\/tags?post=19803"}],"curies":[{"name":"wp","href":"https:\/\/api.w.org\/{rel}","templated":true}]}}