{"id":19813,"date":"2022-05-16T18:26:46","date_gmt":"2022-05-16T18:26:46","guid":{"rendered":"https:\/\/www.ole.com.ar\/autos\/-fallo-golpe-leclerc-_0_N1V0jTgWyC.html"},"modified":"2022-05-16T18:26:46","modified_gmt":"2022-05-16T18:26:46","slug":"se-revelo-la-falla-que-provoco-el-golpe-de-leclerc-con-la-ferrari-de-lauda","status":"publish","type":"post","link":"http:\/\/nuevacordoba.net\/index.php\/2022\/05\/16\/se-revelo-la-falla-que-provoco-el-golpe-de-leclerc-con-la-ferrari-de-lauda\/","title":{"rendered":"Se revel\u00f3 la falla que provoc\u00f3 el golpe de Leclerc con la Ferrari de Lauda"},"content":{"rendered":"<p>Charles Leclerc estrell\u00f3 la Ferrari del austriaco en las calles del Principado mientras participaba del Gran Premio Hist\u00f3rico, <mark>evento que se organiza previo al Gran Premio de M\u00f3naco y que se caracteriza por la participaci\u00f3n de figuras del automovilismo con las monoplazas que marcaron \u00e9poca en la F\u00f3rmula 1.<\/mark><\/p>\n<div class=\"sp__SM\">\n<div class=\"content-new \">\n<span class=\"tit-mobile\">Mir\u00e1 tambi\u00e9n<\/span><\/p>\n<div class=\"mg\">\n<div class=\"wrap-figure\">\n<picture>\n<a href=\"https:\/\/www.ole.com.ar\/autos\/rossi-gano-stock-car_0_3CVxq7btCC.html\" target=\"_self\" rel=\"noopener\"><br \/>\n<img class=\"img-responsive\" alt=\"\u00a1El Misil festej\u00f3 en Brasil!\" src=\"http:\/\/nuevacordoba.net\/wp-content\/uploads\/2022\/05\/se-revelo-la-falla-que-provoco-el-golpe-de-leclerc-con-la-ferrari-de-lauda.jpg\" loading=\"lazy\"><br \/>\n<\/a>\n<\/picture>\n<\/div>\n<\/div><\/div>\n<\/div>\n<p><mark>En una de las salidas, el l\u00edder del campeonato mundial hizo un trompo e impact\u00f3 en el muro con el aler\u00f3n trasero. <\/mark>Pese a que pudo poner en marcha el veh\u00edculo, Leclerc se vio obligado a detenerse en la recta principal debido a que sal\u00eda humo en la zona del impacto.<\/p>\n<p>Ante esta situaci\u00f3n, las cr\u00edticas no tardaron en llegar para el piloto de la escuder\u00eda italiana. Sin embargo, horas m\u00e1s tarde se confirm\u00f3 que el accidente no se deb\u00eda a un error del piloto, sino que fue causado por una falla en los frenos delanteros izquierdos. <mark>\u201cPerd\u00ed los frenos. \u00a1Perd\u00ed los frenos! Fren\u00e9, el pedal estaba duro y se cay\u00f3. Tuve la suerte de sufrirlo en ese punto, porque si lo hubiera sufrido en otro lugar, habr\u00eda sido peor\u2026 El problema es que me asust\u00e9. Llegu\u00e9 normal a la curva\u00bb<\/mark>, explic\u00f3.<\/p>\n<p>No obstante, <mark>este no es el primer trago amargo que sufre en su tierra, ya que en 2018, con Sauber, y en 2019 y 2021, con Ferrari<\/mark>, no hab\u00eda podido completar la carrera en el callejero de M\u00f3naco.<\/p>\n<p><mark>\u201cCuando pensabas que ya hab\u00edas tenido toda la mala suerte del mundo en M\u00f3naco y pierdes los frenos en La Rascasse con uno de los coches m\u00e1s ic\u00f3nicos de la historia de la F\u00f3rmula 1\u201d<\/mark>, escribi\u00f3 el joven de 24 a\u00f1os en su cuenta de Twitter.<\/p>\n<div class=\"sp__Normal htmlLibre\">\n<div class=\"embed-responsive-c\" readability=\"6.1637931034483\">\n<blockquote class=\"twitter-tweet\" readability=\"5.6896551724138\">\n<p lang=\"en\" dir=\"ltr\">When you thought you already had all the bad luck of the world in Monaco and you lose the brakes into rascasse with one of the most iconic historical Ferrari Formula 1 car. \ud83d\ude43\ud83d\udd2b<\/p>\n<p>\u2014 Charles Leclerc (@Charles_Leclerc) <a href=\"https:\/\/twitter.com\/Charles_Leclerc\/status\/1525809317961662464?ref_src=twsrc%5Etfw\">May 15, 2022<\/a><\/p><\/blockquote><\/div>\n<\/div>\n<div class=\"sp__SM\">\n<div class=\"content-new \">\n<span class=\"tit-mobile\">Mir\u00e1 tambi\u00e9n<\/span><\/p>\n<div class=\"mg\">\n<div class=\"wrap-figure\">\n<picture>\n<a href=\"https:\/\/www.ole.com.ar\/autos\/leclerc-golpeo-ferrari-lauda_0_xWKz4raBX0.html\" target=\"_self\" rel=\"noopener\"><br \/>\n<img class=\"img-responsive\" alt=\"\u00a1Qu\u00e9 hiciste Charles!\" src=\"http:\/\/nuevacordoba.net\/wp-content\/uploads\/2022\/05\/se-revelo-la-falla-que-provoco-el-golpe-de-leclerc-con-la-ferrari-de-lauda-1.jpg\" loading=\"lazy\"><br \/>\n<\/a>\n<\/picture>\n<\/div>\n<\/div><\/div>\n<\/div>\n<div class=\"entry-tags\">\n<h2>TEMAS QUE APARECEN EN ESTA NOTA<\/h2>\n<\/p><\/div>\n","protected":false},"excerpt":{"rendered":"<p>Charles Leclerc estrell\u00f3 la Ferrari del austriaco en las calles del Principado mientras participaba del Gran Premio Hist\u00f3rico, evento que se organiza previo al Gran Premio de M\u00f3naco y que se caracteriza por la participaci\u00f3n de figuras del automovilismo con las monoplazas que marcaron \u00e9poca en la F\u00f3rmula 1. Mir\u00e1 tambi\u00e9n En una de las [&hellip;]<\/p>\n","protected":false},"author":1,"featured_media":19814,"comment_status":"closed","ping_status":"closed","sticky":false,"template":"","format":"standard","meta":[],"categories":[10],"tags":[],"_links":{"self":[{"href":"http:\/\/nuevacordoba.net\/index.php\/wp-json\/wp\/v2\/posts\/19813"}],"collection":[{"href":"http:\/\/nuevacordoba.net\/index.php\/wp-json\/wp\/v2\/posts"}],"about":[{"href":"http:\/\/nuevacordoba.net\/index.php\/wp-json\/wp\/v2\/types\/post"}],"author":[{"embeddable":true,"href":"http:\/\/nuevacordoba.net\/index.php\/wp-json\/wp\/v2\/users\/1"}],"replies":[{"embeddable":true,"href":"http:\/\/nuevacordoba.net\/index.php\/wp-json\/wp\/v2\/comments?post=19813"}],"version-history":[{"count":0,"href":"http:\/\/nuevacordoba.net\/index.php\/wp-json\/wp\/v2\/posts\/19813\/revisions"}],"wp:featuredmedia":[{"embeddable":true,"href":"http:\/\/nuevacordoba.net\/index.php\/wp-json\/wp\/v2\/media\/19814"}],"wp:attachment":[{"href":"http:\/\/nuevacordoba.net\/index.php\/wp-json\/wp\/v2\/media?parent=19813"}],"wp:term":[{"taxonomy":"category","embeddable":true,"href":"http:\/\/nuevacordoba.net\/index.php\/wp-json\/wp\/v2\/categories?post=19813"},{"taxonomy":"post_tag","embeddable":true,"href":"http:\/\/nuevacordoba.net\/index.php\/wp-json\/wp\/v2\/tags?post=19813"}],"curies":[{"name":"wp","href":"https:\/\/api.w.org\/{rel}","templated":true}]}}