{"id":19815,"date":"2022-05-17T23:26:33","date_gmt":"2022-05-17T23:26:33","guid":{"rendered":"https:\/\/www.ole.com.ar\/futbol-ascenso\/p-nacional-deportivo-madryn_0_ZSyNtNyd42.html"},"modified":"2022-05-17T23:26:33","modified_gmt":"2022-05-17T23:26:33","slug":"deportivo-madryn-brian-fernandez-tuvo-una-recaida","status":"publish","type":"post","link":"http:\/\/nuevacordoba.net\/index.php\/2022\/05\/17\/deportivo-madryn-brian-fernandez-tuvo-una-recaida\/","title":{"rendered":"Deportivo Madryn: Brian Fern\u00e1ndez tuvo una reca\u00edda"},"content":{"rendered":"<p>Lamentablemente Brian Fern\u00e1ndez est\u00e1 atravesando una nueva reca\u00edda por su adicci\u00f3n. El futbolista tuvo que ser internado, su cuadro es reservado y genera gran preocupaci\u00f3n en el plantel de Deportivo Madryn y en sus familiares. El jugador comenz\u00f3 con estos problemas en Racing cuando dio positivo de doping por primera vez. Posteriormente tuvo problemas similares en Portland de la MLS despu\u00e9s de grandes pasos por el Necaxa y Union la Calera. En su regreso a la Argentina, viaj\u00f3 sin escalas al club de sus amores, Col\u00f3n.<\/p>\n<div class=\"sp__SM\">\n<div class=\"content-new \">\n<span class=\"tit-mobile\">Mir\u00e1 tambi\u00e9n<\/span><\/p>\n<div class=\"mg\">\n<div class=\"wrap-figure\">\n<picture>\n<a href=\"https:\/\/www.ole.com.ar\/futbol-ascenso\/p-nacional-rafaela-medran-nuevo-dt_0_98IwoVSYsO.html\" target=\"_self\" rel=\"noopener\"><br \/>\n<img class=\"img-responsive\" alt=\"Horas contadas para que llegue el nuevo entrenador a La Crema\" src=\"http:\/\/nuevacordoba.net\/wp-content\/uploads\/2022\/05\/deportivo-madryn-brian-fernandez-tuvo-una-recaida.jpg\" loading=\"lazy\"><br \/>\n<\/a>\n<\/picture>\n<\/div>\n<\/div><\/div>\n<\/div>\n<p>En el Sabalero lleg\u00f3 a disputar varios partidos, pero nuevamente su situaci\u00f3n lo margin\u00f3 de las canchas. La instituci\u00f3n y su familia decidieron internarlo en un centro de rehabilitaci\u00f3n debido a su mal estado de salud. Luego de su recuperaci\u00f3n parcial fue cedido a Ferro, donde tuvo un gran paso futbol\u00edstico. Pero nuevamente aparecieron los problemas para Brian. <\/p>\n<div class=\"sp__SM\">\n<div class=\"content-new \">\n<span class=\"tit-mobile\">Mir\u00e1 tambi\u00e9n<\/span><\/p>\n<div class=\"mg\">\n<div class=\"wrap-figure\">\n<picture>\n<a href=\"https:\/\/www.ole.com.ar\/san-lorenzo\/ruben-insua-nuevo-director-tecnico_0_vMcZ1VN4dM.html\" target=\"_self\" rel=\"noopener\"><br \/>\n<img class=\"img-responsive\" alt=\"Ruben Insua va a ser el nuevo t\u00e9cnico de San Lorenzo\" src=\"http:\/\/nuevacordoba.net\/wp-content\/uploads\/2022\/05\/deportivo-madryn-brian-fernandez-tuvo-una-recaida-1.jpg\" loading=\"lazy\"><br \/>\n<\/a>\n<\/picture>\n<\/div><\/div><\/div>\n<\/div>\n<p>Fern\u00e1ndez se perdi\u00f3 el pol\u00e9mico partido del reducido entre Quilmes y Ferro y volvi\u00f3 nuevamente a Col\u00f3n. All\u00ed, Julio C\u00e9sar Falcioni hab\u00eda dado el visto bueno para contar con \u00e9l. Sin constancia y varios faltazos inesperados hicieron que la dirigencia del Sabalero diera un paso al costado y lo cediera nuevamente.<\/p>\n<div class=\"sp__SM\">\n<div class=\"content-new \">\n<span class=\"tit-mobile\">Mir\u00e1 tambi\u00e9n<\/span><\/p>\n<div class=\"mg\">\n<div class=\"wrap-figure\">\n<picture>\n<a href=\"https:\/\/www.ole.com.ar\/futbol-ascenso\/primera-b-fenix-monzon_0_r30aurHp68.html\" target=\"_self\" rel=\"noopener\"><br \/>\n<img class=\"img-responsive\" alt=\"Gast\u00f3n Monz\u00f3n volvi\u00f3 al arco\" src=\"http:\/\/nuevacordoba.net\/wp-content\/uploads\/2022\/05\/deportivo-madryn-brian-fernandez-tuvo-una-recaida-2.jpg\" loading=\"lazy\"><br \/>\n<\/a>\n<\/picture>\n<\/div>\n<\/div><\/div>\n<\/div>\n<p>Esta vez su destino fue en Deportivo Madryn donde estaba consiguiendo sumar varios minutos pero la mismas reca\u00eddas vuelven a perjudicar una vez m\u00e1s al goleador. Su t\u00e9cnico Ricardo Pancaldo habl\u00f3 con <strong>Ol\u00e9 <\/strong>y asegur\u00f3: \u00abTodos lo queremos ayudar y tambi\u00e9n queremos que \u00e9l se deje ayudar. Los jugadores lo quieren mucho y les duele la situaci\u00f3n\u00bb.<\/p>\n<div class=\"sp__SM\">\n<div class=\"content-new \">\n<span class=\"tit-mobile\">Mir\u00e1 tambi\u00e9n<\/span><\/p>\n<div class=\"mg\">\n<div class=\"wrap-figure\">\n<picture>\n<a href=\"https:\/\/www.ole.com.ar\/futbol-ascenso\/primera-b-fenix-comunicaciones_0_T5vRiQrd9Q.html\" target=\"_self\" rel=\"noopener\"><br \/>\n<img class=\"img-responsive\" alt=\"El Cartero gan\u00f3 y es el \u00fanico puntero\" src=\"http:\/\/nuevacordoba.net\/wp-content\/uploads\/2022\/05\/deportivo-madryn-brian-fernandez-tuvo-una-recaida-3.jpg\" loading=\"lazy\"><br \/>\n<\/a>\n<\/picture>\n<\/div>\n<\/div><\/div>\n<\/div>\n<div class=\"sp__SM\">\n<div class=\"content-new \">\n<span class=\"tit-mobile\">Mir\u00e1 tambi\u00e9n<\/span><\/p>\n<div class=\"mg\">\n<div class=\"wrap-figure\">\n<picture>\n<a href=\"https:\/\/www.ole.com.ar\/futbol-ascenso\/p-nacional-maipu-1-tristan-suarez-1_0_YzXyMCoixD.html\" target=\"_self\" rel=\"noopener\"><br \/>\n<img class=\"img-responsive\" alt=\"Un d\u00eda se termin\u00f3: El Botellero no lo aguant\u00f3 y el Lechero empat\u00f3\" src=\"http:\/\/nuevacordoba.net\/wp-content\/uploads\/2022\/05\/deportivo-madryn-brian-fernandez-tuvo-una-recaida-4.jpg\" loading=\"lazy\"><br \/>\n<\/a>\n<\/picture>\n<\/div>\n<\/div><\/div>\n<\/div>\n<div class=\"entry-tags\">\n<h2>TEMAS QUE APARECEN EN ESTA NOTA<\/h2>\n<\/p><\/div>\n","protected":false},"excerpt":{"rendered":"<p>Lamentablemente Brian Fern\u00e1ndez est\u00e1 atravesando una nueva reca\u00edda por su adicci\u00f3n. El futbolista tuvo que ser internado, su cuadro es reservado y genera gran preocupaci\u00f3n en el plantel de Deportivo Madryn y en sus familiares. El jugador comenz\u00f3 con estos problemas en Racing cuando dio positivo de doping por primera vez. Posteriormente tuvo problemas similares [&hellip;]<\/p>\n","protected":false},"author":1,"featured_media":19816,"comment_status":"closed","ping_status":"closed","sticky":false,"template":"","format":"standard","meta":[],"categories":[10],"tags":[],"_links":{"self":[{"href":"http:\/\/nuevacordoba.net\/index.php\/wp-json\/wp\/v2\/posts\/19815"}],"collection":[{"href":"http:\/\/nuevacordoba.net\/index.php\/wp-json\/wp\/v2\/posts"}],"about":[{"href":"http:\/\/nuevacordoba.net\/index.php\/wp-json\/wp\/v2\/types\/post"}],"author":[{"embeddable":true,"href":"http:\/\/nuevacordoba.net\/index.php\/wp-json\/wp\/v2\/users\/1"}],"replies":[{"embeddable":true,"href":"http:\/\/nuevacordoba.net\/index.php\/wp-json\/wp\/v2\/comments?post=19815"}],"version-history":[{"count":0,"href":"http:\/\/nuevacordoba.net\/index.php\/wp-json\/wp\/v2\/posts\/19815\/revisions"}],"wp:featuredmedia":[{"embeddable":true,"href":"http:\/\/nuevacordoba.net\/index.php\/wp-json\/wp\/v2\/media\/19816"}],"wp:attachment":[{"href":"http:\/\/nuevacordoba.net\/index.php\/wp-json\/wp\/v2\/media?parent=19815"}],"wp:term":[{"taxonomy":"category","embeddable":true,"href":"http:\/\/nuevacordoba.net\/index.php\/wp-json\/wp\/v2\/categories?post=19815"},{"taxonomy":"post_tag","embeddable":true,"href":"http:\/\/nuevacordoba.net\/index.php\/wp-json\/wp\/v2\/tags?post=19815"}],"curies":[{"name":"wp","href":"https:\/\/api.w.org\/{rel}","templated":true}]}}