{"id":19828,"date":"2022-05-18T14:20:31","date_gmt":"2022-05-18T14:20:31","guid":{"rendered":"http:\/\/cordobanewsnet.wordpress.com\/?p=6894"},"modified":"2022-05-18T14:20:31","modified_gmt":"2022-05-18T14:20:31","slug":"como-funcionan-los-servicios-durante-el-feriado-del-censo","status":"publish","type":"post","link":"http:\/\/nuevacordoba.net\/index.php\/2022\/05\/18\/como-funcionan-los-servicios-durante-el-feriado-del-censo\/","title":{"rendered":"Como funcionan los servicios durante el feriado del censo"},"content":{"rendered":"<div><img src=\"http:\/\/nuevacordoba.net\/wp-content\/uploads\/2022\/05\/como-funcionan-los-servicios-durante-el-feriado-del-censo.jpg\" class=\"ff-og-image-inserted\"><\/div>\n<p>El feriado de este mi\u00e9rcoles 18 afectar\u00e1 el funcionamiento de muchas actividades. Seg\u00fan precisaron desde el Palacio 6 de Julio, las plantas de Inspecci\u00f3n T\u00e9cnica Vehicular (ITV) permanecer\u00e1n cerradas, y el estacionamiento medido y el controlado ser\u00e1 gratuito (a excepci\u00f3n del de Parque Sarmiento).<\/p>\n<p>El transporte urbano, que actualmente se encuentra afectado por un paro, retomar\u00e1 su servicio ma\u00f1ana.&nbsp;<strong>Los colectivos circular\u00e1n con frecuencias de d\u00eda domingo<\/strong>, y los censistas podr\u00e1n utilizarlo de manera gratuita presentando su credencial.&nbsp;&nbsp;<\/p>\n<p>Cabe aclarar que&nbsp;<strong>el paro decretado por UTA se retomar\u00e1 los d\u00edas jueves y viernes<\/strong>, por lo que&nbsp;esos d\u00edas no habr\u00e1transporte.<\/p>\n<p>Por otro lado,&nbsp;<strong>el sistema de recolecci\u00f3n de residuos funcionar\u00e1 con normalidad<\/strong>. Los testeos por Covid-19 se realizar\u00e1n \u00fanicamente en el ex Registro Civil (Col\u00f3n 1775). Y los cementerios municipales se mantendr\u00e1n abiertos: el San Jer\u00f3nimo lo har\u00e1 de 8 a 17, y el San Vicente de 8 a 14.&nbsp;<\/p>\n<p><strong>Actividades privadas<\/strong><\/p>\n<p>Seg\u00fan lo decretado por Naci\u00f3n,&nbsp;<strong>los clubes y comercios de venta de art\u00edculos alimenticios deber\u00e1n permanecer cerrados<\/strong>. Adem\u00e1s, entre las 00:00 y las 20:00 no se podr\u00e1n realizar funciones teatrales, exhibiciones cinematogr\u00e1ficas, competencias deportivas, espect\u00e1culos ni reuniones p\u00fablicas.<\/p>\n<div id=\"jp-post-flair\" class=\"sharedaddy sd-like-enabled sd-sharing-enabled\">\n<div class=\"sharedaddy sd-sharing-enabled\">\n<div class=\"robots-nocontent sd-block sd-social sd-social-icon-text sd-sharing\">\n<h3 class=\"sd-title\">Share this:<\/h3>\n<\/div>\n<\/div>\n<div class=\"sharedaddy sd-block sd-like jetpack-likes-widget-wrapper jetpack-likes-widget-unloaded\" id=\"like-post-wrapper-143108178-6894-62852e5c539c5\" data-src=\"\/\/widgets.wp.com\/likes\/index.html?ver=20220105#blog_id=143108178&amp;post_id=6894&amp;origin=cordobanewsnet.wordpress.com&amp;obj_id=143108178-6894-62852e5c539c5\" data-name=\"like-post-frame-143108178-6894-62852e5c539c5\" data-title=\"Me gusta o Compartir\">\n<h3 class=\"sd-title\">Me gusta esto:<\/h3>\n<p><span class=\"button\"><span>Me gusta<\/span><\/span> <span class=\"loading\">Cargando&#8230;<\/span><\/p>\n<p><span class=\"sd-text-color\"><\/span><\/div>\n<p><h3 class=\"jp-relatedposts-headline\"><em>Relacionado<\/em><\/h3>\n<\/p>\n<\/div>\n","protected":false},"excerpt":{"rendered":"<p>El feriado de este mi\u00e9rcoles 18 afectar\u00e1 el funcionamiento de muchas actividades. Seg\u00fan precisaron desde el Palacio 6 de Julio, las plantas de Inspecci\u00f3n T\u00e9cnica Vehicular (ITV) permanecer\u00e1n cerradas, y el estacionamiento medido y el controlado ser\u00e1 gratuito (a excepci\u00f3n del de Parque Sarmiento). El transporte urbano, que actualmente se encuentra afectado por un paro, [&hellip;]<\/p>\n","protected":false},"author":1,"featured_media":19829,"comment_status":"closed","ping_status":"closed","sticky":false,"template":"","format":"standard","meta":[],"categories":[14],"tags":[],"_links":{"self":[{"href":"http:\/\/nuevacordoba.net\/index.php\/wp-json\/wp\/v2\/posts\/19828"}],"collection":[{"href":"http:\/\/nuevacordoba.net\/index.php\/wp-json\/wp\/v2\/posts"}],"about":[{"href":"http:\/\/nuevacordoba.net\/index.php\/wp-json\/wp\/v2\/types\/post"}],"author":[{"embeddable":true,"href":"http:\/\/nuevacordoba.net\/index.php\/wp-json\/wp\/v2\/users\/1"}],"replies":[{"embeddable":true,"href":"http:\/\/nuevacordoba.net\/index.php\/wp-json\/wp\/v2\/comments?post=19828"}],"version-history":[{"count":0,"href":"http:\/\/nuevacordoba.net\/index.php\/wp-json\/wp\/v2\/posts\/19828\/revisions"}],"wp:featuredmedia":[{"embeddable":true,"href":"http:\/\/nuevacordoba.net\/index.php\/wp-json\/wp\/v2\/media\/19829"}],"wp:attachment":[{"href":"http:\/\/nuevacordoba.net\/index.php\/wp-json\/wp\/v2\/media?parent=19828"}],"wp:term":[{"taxonomy":"category","embeddable":true,"href":"http:\/\/nuevacordoba.net\/index.php\/wp-json\/wp\/v2\/categories?post=19828"},{"taxonomy":"post_tag","embeddable":true,"href":"http:\/\/nuevacordoba.net\/index.php\/wp-json\/wp\/v2\/tags?post=19828"}],"curies":[{"name":"wp","href":"https:\/\/api.w.org\/{rel}","templated":true}]}}