{"id":19856,"date":"2022-05-18T17:28:39","date_gmt":"2022-05-18T17:28:39","guid":{"rendered":"https:\/\/www.ole.com.ar\/autos\/caf-actc-hablo-titan_0_Te8hLvdJKI.html"},"modified":"2022-05-18T17:28:39","modified_gmt":"2022-05-18T17:28:39","slug":"que-dijo-la-caf-de-la-actc-sobre-canapino","status":"publish","type":"post","link":"http:\/\/nuevacordoba.net\/index.php\/2022\/05\/18\/que-dijo-la-caf-de-la-actc-sobre-canapino\/","title":{"rendered":"\u00bfQu\u00e9 dijo la CAF de la ACTC sobre Canapino?"},"content":{"rendered":"<p><mark>Agust\u00edn Canapino compareci\u00f3 en la tarde del martes frente a la Comisi\u00f3n Asesora y Fiscalizadora de la ACTC luego de sus pol\u00e9micos comentarios sobre el rendimiento del Toyota Camry de Mat\u00edas Rossi en la final del Turismo Carretera en Termas de R\u00edo Hondo. <\/mark>El arrecife\u00f1o declar\u00f3 tras salir de la citatoria, mientras que el ente de justicia tambi\u00e9n se expidi\u00f3 al respecto.<\/p>\n<div class=\"sp__SM\">\n<div class=\"content-new \">\n<span class=\"tit-mobile\">Mir\u00e1 tambi\u00e9n<\/span><\/p>\n<div class=\"mg\">\n<div class=\"wrap-figure\">\n<picture>\n<a href=\"https:\/\/www.ole.com.ar\/autos\/historia-jorge-gomez_0_KapdwwtM1f.html\" target=\"_self\" rel=\"noopener\"><br \/>\n<img class=\"img-responsive\" alt=\"Es argentino, ten\u00eda su auto a la venta y lo us\u00f3 Russell en Miami\" src=\"http:\/\/nuevacordoba.net\/wp-content\/uploads\/2022\/05\/que-dijo-la-caf-de-la-actc-sobre-canapino.jpg\" loading=\"lazy\"><br \/>\n<\/a>\n<\/picture>\n<\/div>\n<\/div><\/div>\n<\/div>\n<p><mark>\u201cNo voy a decir nada. Lo que dije arriba del auto ya est\u00e1 y es un tema terminado. Yo le respond\u00ed a mi ingeniero en una charla privada, pero la cortaron y la sacaron al aire.<\/mark> El audio est\u00e1 cortado y no deber\u00eda haber salido. A partir de ahora mirar\u00e9 para adelante\u201d, sostuvo Canapino luego de visitar la sede de la categor\u00eda en el barrio de Caballito.<\/p>\n<p>En la noche del martes, la CAF de la ACTC public\u00f3 el comunicado habitual de cada martes y all\u00ed, habl\u00f3 la situaci\u00f3n de Canapino. \u201c<mark>El Piloto de TC Agust\u00edn Canapino, compareci\u00f3 ante la CAF de la ACTC, manifestando su correspondiente descargo, por tal motivo la CAF decidi\u00f3 ante su declaraci\u00f3n, solicitar el audio completo a la ACTC Media TV para su posterior an\u00e1lisis\u201d.<\/mark><\/p>\n<div class=\"sp__SM\">\n<div class=\"content-new \">\n<span class=\"tit-mobile\">Mir\u00e1 tambi\u00e9n<\/span><\/p>\n<div class=\"mg\">\n<div class=\"wrap-figure\">\n<picture>\n<a href=\"https:\/\/www.ole.com.ar\/autos\/-fallo-golpe-leclerc-_0_N1V0jTgWyC.html\" target=\"_self\" rel=\"noopener\"><br \/>\n<img class=\"img-responsive\" alt=\"Se revel\u00f3 la falla que provoc\u00f3 el golpe de Leclerc con la Ferrari de Lauda\" src=\"http:\/\/nuevacordoba.net\/wp-content\/uploads\/2022\/05\/que-dijo-la-caf-de-la-actc-sobre-canapino-1.jpg\" loading=\"lazy\"><br \/>\n<\/a>\n<\/picture>\n<\/div>\n<\/div><\/div>\n<\/div>\n<p>En tanto, el Tit\u00e1n no fue el \u00fanico por el cual la CAF se expidi\u00f3. Juan Tom\u00e1s Catal\u00e1n Magni y Esteban Gini recibieron sendos apercibimientos, mientras que Josito Di Palma y Diego De Carlo fueron citados una vez m\u00e1s para el pr\u00f3ximo martes 24 de mayo. De no presentarse, estos \u00faltimos ser\u00edan suspendidos provisoriamente.<\/p>\n<div class=\"entry-tags\">\n<h2>TEMAS QUE APARECEN EN ESTA NOTA<\/h2>\n<\/p><\/div>\n","protected":false},"excerpt":{"rendered":"<p>Agust\u00edn Canapino compareci\u00f3 en la tarde del martes frente a la Comisi\u00f3n Asesora y Fiscalizadora de la ACTC luego de sus pol\u00e9micos comentarios sobre el rendimiento del Toyota Camry de Mat\u00edas Rossi en la final del Turismo Carretera en Termas de R\u00edo Hondo. El arrecife\u00f1o declar\u00f3 tras salir de la citatoria, mientras que el ente [&hellip;]<\/p>\n","protected":false},"author":1,"featured_media":19857,"comment_status":"closed","ping_status":"closed","sticky":false,"template":"","format":"standard","meta":[],"categories":[10],"tags":[],"_links":{"self":[{"href":"http:\/\/nuevacordoba.net\/index.php\/wp-json\/wp\/v2\/posts\/19856"}],"collection":[{"href":"http:\/\/nuevacordoba.net\/index.php\/wp-json\/wp\/v2\/posts"}],"about":[{"href":"http:\/\/nuevacordoba.net\/index.php\/wp-json\/wp\/v2\/types\/post"}],"author":[{"embeddable":true,"href":"http:\/\/nuevacordoba.net\/index.php\/wp-json\/wp\/v2\/users\/1"}],"replies":[{"embeddable":true,"href":"http:\/\/nuevacordoba.net\/index.php\/wp-json\/wp\/v2\/comments?post=19856"}],"version-history":[{"count":0,"href":"http:\/\/nuevacordoba.net\/index.php\/wp-json\/wp\/v2\/posts\/19856\/revisions"}],"wp:featuredmedia":[{"embeddable":true,"href":"http:\/\/nuevacordoba.net\/index.php\/wp-json\/wp\/v2\/media\/19857"}],"wp:attachment":[{"href":"http:\/\/nuevacordoba.net\/index.php\/wp-json\/wp\/v2\/media?parent=19856"}],"wp:term":[{"taxonomy":"category","embeddable":true,"href":"http:\/\/nuevacordoba.net\/index.php\/wp-json\/wp\/v2\/categories?post=19856"},{"taxonomy":"post_tag","embeddable":true,"href":"http:\/\/nuevacordoba.net\/index.php\/wp-json\/wp\/v2\/tags?post=19856"}],"curies":[{"name":"wp","href":"https:\/\/api.w.org\/{rel}","templated":true}]}}