{"id":19858,"date":"2022-05-17T22:31:31","date_gmt":"2022-05-17T22:31:31","guid":{"rendered":"https:\/\/www.ole.com.ar\/futbol-ascenso\/primera-b-fenix-monzon_0_r30aurHp68.html"},"modified":"2022-05-17T22:31:31","modified_gmt":"2022-05-17T22:31:31","slug":"gaston-monzon-volvio-al-arco","status":"publish","type":"post","link":"http:\/\/nuevacordoba.net\/index.php\/2022\/05\/17\/gaston-monzon-volvio-al-arco\/","title":{"rendered":"Gast\u00f3n Monz\u00f3n volvi\u00f3 al arco"},"content":{"rendered":"<p>Gast\u00f3n Monz\u00f3n volvi\u00f3 a defender el arco de un equipo despu\u00e9s de casi un a\u00f1o y adem\u00e1s se puso los guantes por la lesi\u00f3n de los dos arqueros de F\u00e9nix. \u00bfLo m\u00e1s loco? El ex Hurac\u00e1n es el entrenador de arqueros del \u00c1guila. <\/p>\n<p>Con las bajas de Guido Nogar (rotura de meniscos en su rodilla izquierda) y Gianfranco Cao (fractura en el pubis de la pierna izquierda) el actual entrenador de arqueros tuvo que ponerse los guantes de arquero y defender los tres palos del Blanquinegro. <\/p>\n<div class=\"sp__SM\">\n<div class=\"content-new \">\n<span class=\"tit-mobile\">Mir\u00e1 tambi\u00e9n<\/span><\/p>\n<div class=\"mg\">\n<div class=\"wrap-figure\">\n<picture>\n<a href=\"https:\/\/www.ole.com.ar\/futbol-ascenso\/p-nacional-rafaela-medran-nuevo-dt_0_98IwoVSYsO.html\" target=\"_self\" rel=\"noopener\"><br \/>\n<img class=\"img-responsive\" alt=\"Horas contadas para que llegue el nuevo entrenador a La Crema\" src=\"http:\/\/nuevacordoba.net\/wp-content\/uploads\/2022\/05\/gaston-monzon-volvio-al-arco.jpg\" loading=\"lazy\"><br \/>\n<\/a>\n<\/picture>\n<\/div>\n<\/div><\/div>\n<\/div>\n<p>El experimentado arquero no pudo mantener el arco en cero y Comunicaciones se llev\u00f3 tres puntos de oro para ser el \u00fanico puntero del torneo. Para colmo, el gol de la victoria fue por una equivocaci\u00f3n justamente de Monz\u00f3n y de Lucas Chaparro. Mala salida de Gast\u00f3n, pase para atr\u00e1s de Lucas y gol en contra. No se entendieron y tuvieron que ir a buscar la pelota al fondo de la red&#8230; <\/p>\n<div class=\"sp__SM\">\n<div class=\"content-new \">\n<span class=\"tit-mobile\">Mir\u00e1 tambi\u00e9n<\/span><\/p>\n<div class=\"mg\">\n<div class=\"wrap-figure\">\n<picture>\n<a href=\"https:\/\/www.ole.com.ar\/san-lorenzo\/ruben-insua-nuevo-director-tecnico_0_vMcZ1VN4dM.html\" target=\"_self\" rel=\"noopener\"><br \/>\n<img class=\"img-responsive\" alt=\"Ruben Insua va a ser el nuevo t\u00e9cnico de San Lorenzo\" src=\"http:\/\/nuevacordoba.net\/wp-content\/uploads\/2022\/05\/gaston-monzon-volvio-al-arco-1.jpg\" loading=\"lazy\"><br \/>\n<\/a>\n<\/picture>\n<\/div>\n<\/div><\/div>\n<\/div>\n<div class=\"sp__SM\">\n<div class=\"content-new \">\n<span class=\"tit-mobile\">Mir\u00e1 tambi\u00e9n<\/span><\/p>\n<div class=\"mg\">\n<div class=\"wrap-figure\">\n<picture>\n<a href=\"https:\/\/www.ole.com.ar\/futbol-ascenso\/primera-b-fenix-comunicaciones_0_T5vRiQrd9Q.html\" target=\"_self\" rel=\"noopener\"><br \/>\n<img class=\"img-responsive\" alt=\"El Cartero gan\u00f3 y es el \u00fanico puntero\" src=\"http:\/\/nuevacordoba.net\/wp-content\/uploads\/2022\/05\/gaston-monzon-volvio-al-arco-2.jpg\" loading=\"lazy\"><br \/>\n<\/a>\n<\/picture>\n<\/div>\n<\/div><\/div>\n<\/div>\n<div class=\"sp__SM\">\n<div class=\"content-new \">\n<span class=\"tit-mobile\">Mir\u00e1 tambi\u00e9n<\/span><\/p>\n<div class=\"mg\">\n<div class=\"wrap-figure\">\n<picture>\n<a href=\"https:\/\/www.ole.com.ar\/futbol-ascenso\/p-nacional-maipu-1-tristan-suarez-1_0_YzXyMCoixD.html\" target=\"_self\" rel=\"noopener\"><br \/>\n<img class=\"img-responsive\" alt=\"Un d\u00eda se termin\u00f3: El Botellero no lo aguant\u00f3 y el Lechero empat\u00f3\" src=\"http:\/\/nuevacordoba.net\/wp-content\/uploads\/2022\/05\/gaston-monzon-volvio-al-arco-3.jpg\" loading=\"lazy\"><br \/>\n<\/a>\n<\/picture>\n<\/div>\n<\/div><\/div>\n<\/div>\n<div class=\"entry-tags\">\n<h2>TEMAS QUE APARECEN EN ESTA NOTA<\/h2>\n<\/p><\/div>\n","protected":false},"excerpt":{"rendered":"<p>Gast\u00f3n Monz\u00f3n volvi\u00f3 a defender el arco de un equipo despu\u00e9s de casi un a\u00f1o y adem\u00e1s se puso los guantes por la lesi\u00f3n de los dos arqueros de F\u00e9nix. \u00bfLo m\u00e1s loco? El ex Hurac\u00e1n es el entrenador de arqueros del \u00c1guila. Con las bajas de Guido Nogar (rotura de meniscos en su rodilla [&hellip;]<\/p>\n","protected":false},"author":1,"featured_media":19859,"comment_status":"closed","ping_status":"closed","sticky":false,"template":"","format":"standard","meta":[],"categories":[10],"tags":[],"_links":{"self":[{"href":"http:\/\/nuevacordoba.net\/index.php\/wp-json\/wp\/v2\/posts\/19858"}],"collection":[{"href":"http:\/\/nuevacordoba.net\/index.php\/wp-json\/wp\/v2\/posts"}],"about":[{"href":"http:\/\/nuevacordoba.net\/index.php\/wp-json\/wp\/v2\/types\/post"}],"author":[{"embeddable":true,"href":"http:\/\/nuevacordoba.net\/index.php\/wp-json\/wp\/v2\/users\/1"}],"replies":[{"embeddable":true,"href":"http:\/\/nuevacordoba.net\/index.php\/wp-json\/wp\/v2\/comments?post=19858"}],"version-history":[{"count":0,"href":"http:\/\/nuevacordoba.net\/index.php\/wp-json\/wp\/v2\/posts\/19858\/revisions"}],"wp:featuredmedia":[{"embeddable":true,"href":"http:\/\/nuevacordoba.net\/index.php\/wp-json\/wp\/v2\/media\/19859"}],"wp:attachment":[{"href":"http:\/\/nuevacordoba.net\/index.php\/wp-json\/wp\/v2\/media?parent=19858"}],"wp:term":[{"taxonomy":"category","embeddable":true,"href":"http:\/\/nuevacordoba.net\/index.php\/wp-json\/wp\/v2\/categories?post=19858"},{"taxonomy":"post_tag","embeddable":true,"href":"http:\/\/nuevacordoba.net\/index.php\/wp-json\/wp\/v2\/tags?post=19858"}],"curies":[{"name":"wp","href":"https:\/\/api.w.org\/{rel}","templated":true}]}}