{"id":19867,"date":"2022-05-17T20:04:11","date_gmt":"2022-05-17T20:04:11","guid":{"rendered":"https:\/\/cordoba.gob.ar\/?p=25145"},"modified":"2022-05-17T20:04:11","modified_gmt":"2022-05-17T20:04:11","slug":"la-municipalidad-propone-diferentes-actividades-por-el-dia-mundial-del-reciclado","status":"publish","type":"post","link":"http:\/\/nuevacordoba.net\/index.php\/2022\/05\/17\/la-municipalidad-propone-diferentes-actividades-por-el-dia-mundial-del-reciclado\/","title":{"rendered":"La Municipalidad propone diferentes actividades por el D\u00eda mundial del Reciclado"},"content":{"rendered":"<div><img src=\"http:\/\/nuevacordoba.net\/wp-content\/uploads\/2022\/05\/la-municipalidad-propone-diferentes-actividades-por-el-dia-mundial-del-reciclado.jpg\" class=\"ff-og-image-inserted\"><\/div>\n<ul>\n<li><strong>En la jornada de hoy habr\u00e1 un taller de reciclaje en la Universidad Libre del Ambiente a partir de las 15 horas.<\/strong><\/li>\n<li><strong>Adem\u00e1s, desde las 15 horas, en el Parque de las Tejas, emprendedores mostrar\u00e1n de qu\u00e9 manera transforman los materiales secos en nuevos productos.<\/strong><\/li>\n<li><strong>Ma\u00f1ana jueves contin\u00faan los Ecocanjes Rotativos semanales en el CPC Arg\u00fcello y, en Plaza Alem a partir de las 9.30 horas.<\/strong><\/li>\n<\/ul>\n<hr>\n<p>La Municipalidad de C\u00f3rdoba invita a participar de diferentes actividades por el D\u00eda Internacional del Reciclado.<\/p>\n<p>En 2005, la Organizaci\u00f3n de las Naciones Unidas para la Educaci\u00f3n, la Ciencia y la Cultura (UNESCO) proclam\u00f3 el 17 de mayo como D\u00eda Internacional del Reciclaje con el fin de generar conciencia y promover el reutilizamiento de todo tipo de residuos, reducir los vol\u00famenes de desechos generados, para minimizar nuestra huella de carbono, consecuencia de un desenfrenado consumismo.<\/p>\n<p>Por tal motivo, se convoca a familias, vecinos y a todo visitante a participar de diferentes actividades que invitan a trabajar sobre las tres R (Reciclar, Reutilizar y Reducir).<\/p>\n<p><strong>COYS, C\u00f3rdoba Obras y Servicios<\/strong><\/p>\n<p>Desde esta ma\u00f1ana vecinos de la ciudad pueden acercarse al Ecopunto m\u00e1s cercano que s epuede encontrar en este <a href=\"https:\/\/www.cordoba.gob.ar\/hoy\/\">link<\/a>, dejando sus residuos secos y participando del Ecocanje, donde habr\u00e1 muchas sorpresas y productos para intercambiar por material seco.<\/p>\n<p>Adem\u00e1s, desde las 15 horas, en el Parque de las Tejas (Blvd. Chacabuco y Bolivia), se vivir\u00e1 la \u201cExperiencia del Reciclado\u201d, donde emprendedores de la ciudad, mostrar\u00e1n procesos en vivo de c\u00f3mo transforman los residuos secos en nuevos productos.<\/p>\n<p>Expondr\u00e1n sus trabajos de reciclado y reutilizaci\u00f3n m\u00e1s de 20 emprendedores de la ciudad, y se exhibir\u00e1n desde mochilas recicladas, ecolentes, hasta ladrillos con escombros recuperados.<\/p>\n<p>Acompa\u00f1ando la actividad habr\u00e1 m\u00fasica en vivo, con el objetivo de alentar y fomentar la separaci\u00f3n de residuos y la reutilizaci\u00f3n de los mismos.<\/p>\n<p><strong>Universidad Libre del Ambiente<\/strong><\/p>\n<p>Sesde las 15 y hasta las 19 horas se llevar\u00e1 a cabo un taller gratuito donde se explorar\u00e1n las posibilidades creativas a la hora de reciclar y reutilizar materiales, en este caso sobre todo cart\u00f3n y papel.<\/p>\n<p>La idea ser\u00e1 construir en este encuentro un nuevo objeto art\u00edstico a partir de supuestos residuos que no son sino materiales que encontramos todos los d\u00edas en nuestros hogares.<\/p>\n<p>La modalidad ser\u00e1 presencial, y tendr\u00e1 un cupo limitado de 30 personas. Los interesados deber\u00e1n inscribirse en este <a href=\"https:\/\/linktr.ee\/ula.cordoba\">link&nbsp;<\/a><\/p>\n<p>Los materiales necesarios para la actividad son una caja de cart\u00f3n, papel de diario, hojas blancas para reutilizar (impresas de un solo lado), cinta de papel, tijera, trincheta, plasticola.<\/p>\n<p>Adem\u00e1s, bolsa de papel grueso o papel madera, servilleta de papel decorativa, silicona fr\u00eda o pistolita con barrita de silicona, pintura, preferentemente acr\u00edlico marr\u00f3n, tostado o chocolate, pincel angular, bandeja o plato de telgopor para colocar el engrudo y la pintura.<\/p>\n<p>La idea es reutilizar los materiales que tenemos en casa, sin tener que comprar nada.<\/p>\n<p><strong>Ecocanjes Rotativos en CPC<\/strong><\/p>\n<p>Contin\u00faan como todas las semanas los Ecocanjes Rotativos en Centros de Participaci\u00f3n Ciudadana.<\/p>\n<p>Este jueves 19 se encontrar\u00e1n en el radio del CPC Pueyrred\u00f3n, en Plaza Alem (Suipacha 1200), y en el CPC de Arg\u00fcello (Av. Rafael Nu\u00f1ez esq. Ricardo Rojas) de 9.30 a 14.30 horas.<\/p>\n<p>En ambas locaciones los vecinos que acerquen residuos secos se llevar\u00e1n en contraprestaci\u00f3n un art\u00edculo sustentable.<\/p>\n","protected":false},"excerpt":{"rendered":"<p>En la jornada de hoy habr\u00e1 un taller de reciclaje en la Universidad Libre del Ambiente a partir de las 15 horas. Adem\u00e1s, desde las 15 horas, en el Parque de las Tejas, emprendedores mostrar\u00e1n de qu\u00e9 manera transforman los materiales secos en nuevos productos. Ma\u00f1ana jueves contin\u00faan los Ecocanjes Rotativos semanales en el CPC [&hellip;]<\/p>\n","protected":false},"author":1,"featured_media":19868,"comment_status":"closed","ping_status":"closed","sticky":false,"template":"","format":"standard","meta":[],"categories":[14],"tags":[],"_links":{"self":[{"href":"http:\/\/nuevacordoba.net\/index.php\/wp-json\/wp\/v2\/posts\/19867"}],"collection":[{"href":"http:\/\/nuevacordoba.net\/index.php\/wp-json\/wp\/v2\/posts"}],"about":[{"href":"http:\/\/nuevacordoba.net\/index.php\/wp-json\/wp\/v2\/types\/post"}],"author":[{"embeddable":true,"href":"http:\/\/nuevacordoba.net\/index.php\/wp-json\/wp\/v2\/users\/1"}],"replies":[{"embeddable":true,"href":"http:\/\/nuevacordoba.net\/index.php\/wp-json\/wp\/v2\/comments?post=19867"}],"version-history":[{"count":0,"href":"http:\/\/nuevacordoba.net\/index.php\/wp-json\/wp\/v2\/posts\/19867\/revisions"}],"wp:featuredmedia":[{"embeddable":true,"href":"http:\/\/nuevacordoba.net\/index.php\/wp-json\/wp\/v2\/media\/19868"}],"wp:attachment":[{"href":"http:\/\/nuevacordoba.net\/index.php\/wp-json\/wp\/v2\/media?parent=19867"}],"wp:term":[{"taxonomy":"category","embeddable":true,"href":"http:\/\/nuevacordoba.net\/index.php\/wp-json\/wp\/v2\/categories?post=19867"},{"taxonomy":"post_tag","embeddable":true,"href":"http:\/\/nuevacordoba.net\/index.php\/wp-json\/wp\/v2\/tags?post=19867"}],"curies":[{"name":"wp","href":"https:\/\/api.w.org\/{rel}","templated":true}]}}