{"id":20021,"date":"2022-05-23T18:06:55","date_gmt":"2022-05-23T18:06:55","guid":{"rendered":"https:\/\/www.bbc.com\/mundo\/noticias-america-latina-61538860"},"modified":"2022-05-23T18:06:55","modified_gmt":"2022-05-23T18:06:55","slug":"ivan-duque-sobre-las-elecciones-en-colombia-si-pudiera-presentarme-estaria-en-la-pelea-y-seria-reelecto","status":"publish","type":"post","link":"http:\/\/nuevacordoba.net\/index.php\/2022\/05\/23\/ivan-duque-sobre-las-elecciones-en-colombia-si-pudiera-presentarme-estaria-en-la-pelea-y-seria-reelecto\/","title":{"rendered":"Iv\u00e1n Duque sobre las elecciones en Colombia: \u00abSi pudiera presentarme, estar\u00eda en la pelea y ser\u00eda reelecto\u00bb"},"content":{"rendered":"<div dir=\"ltr\" class=\"e1j2237y6 bbc-q4ibpr e57qer20\">\n<div class=\"bbc-1atl7vu e1c9i7u14\">\n<ul role=\"list\" class=\"bbc-k0l9bd e1c9i7u12\">\n<li role=\"listitem\" class=\"bbc-1a3w4ok e1c9i7u11\">Redacci\u00f3n <\/li>\n<li role=\"listitem\" class=\"bbc-1p92jtu e1c9i7u10\">BBC News Mundo<\/li>\n<\/ul>\n<\/div>\n<\/div>\n<p><time datetime=\"2022-05-23\" class=\"bbc-14xtggo e4zesg50\">7 horas<\/time><\/p>\n<div dir=\"ltr\" class=\"bbc-1ka88fa e57qer20\">\n<figure class=\"bbc-1qdcvv9 e6bmn90\">\n<div dir=\"ltr\" class=\"bbc-172p16q e57qer20\">\n<div dir=\"ltr\" class=\"bbc-189y18v e57qer20\">\n<div data-e2e=\"image-placeholder\" class=\"bbc-997y1y e1whu0\"><picture class=\"bbc-yfiktt e1enwo3v1\"><source srcset=\"https:\/\/ichef.bbci.co.uk\/news\/240\/cpsprodpb\/C176\/production\/_124862594_duque_ht_2.jpg.webp 240w, https:\/\/ichef.bbci.co.uk\/news\/320\/cpsprodpb\/C176\/production\/_124862594_duque_ht_2.jpg.webp 320w, https:\/\/ichef.bbci.co.uk\/news\/480\/cpsprodpb\/C176\/production\/_124862594_duque_ht_2.jpg.webp 480w, https:\/\/ichef.bbci.co.uk\/news\/624\/cpsprodpb\/C176\/production\/_124862594_duque_ht_2.jpg.webp 624w, https:\/\/ichef.bbci.co.uk\/news\/800\/cpsprodpb\/C176\/production\/_124862594_duque_ht_2.jpg.webp 800w\" type=\"image\/webp\" sizes=\"(min-width: 1008px) 645px, 100vw\"><source srcset=\"https:\/\/ichef.bbci.co.uk\/news\/240\/cpsprodpb\/C176\/production\/_124862594_duque_ht_2.jpg 240w, https:\/\/ichef.bbci.co.uk\/news\/320\/cpsprodpb\/C176\/production\/_124862594_duque_ht_2.jpg 320w, https:\/\/ichef.bbci.co.uk\/news\/480\/cpsprodpb\/C176\/production\/_124862594_duque_ht_2.jpg 480w, https:\/\/ichef.bbci.co.uk\/news\/624\/cpsprodpb\/C176\/production\/_124862594_duque_ht_2.jpg 624w, https:\/\/ichef.bbci.co.uk\/news\/800\/cpsprodpb\/C176\/production\/_124862594_duque_ht_2.jpg 800w\" type=\"image\/jpeg\" sizes=\"(min-width: 1008px) 645px, 100vw\"><img loading=\"lazy\" src=\"http:\/\/nuevacordoba.net\/wp-content\/uploads\/2022\/05\/ivan-duque-sobre-las-elecciones-en-colombia-si-pudiera-presentarme-estaria-en-la-pelea-y-seria-reelecto.jpg\" alt=\"Ivan Duque\" width=\"976\" height=\"549\" class=\"eehpdyc0 bbc-rb7xa0 e1enwo3v0\"><\/picture><\/div>\n<\/div>\n<div dir=\"ltr\" class=\"bbc-3edg7g e57qer20\" readability=\"7.5\"><figcaption dir=\"ltr\" class=\"bbc-rhuvwm eede9f50\" readability=\"5\"><span class=\"bbc-1gnhmg2 e1yt7oin0\">Pie de foto, <\/span><\/p>\n<p>El presidente de Colombia, Iv\u00e1n Duque, en entrevista con el programa en ingl\u00e9s Hard Talk de la BBC.<\/p>\n<\/figcaption><\/div>\n<\/div>\n<\/figure>\n<\/div>\n<div dir=\"ltr\" class=\"bbc-19j92fr e57qer20\" readability=\"12\">\n<p dir=\"ltr\" class=\"bbc-bm53ic e1cc2ql70\"><b>El presidente de Colombia, Iv\u00e1n Duque, est\u00e1 a menos de tres meses de entregar su mandato al ganador de las elecciones presidenciales del 29 de mayo. Pero asegura que si le dejaran presentarse, <\/b><b><b>\u00abser\u00eda reelecto\u00bb.<\/b><\/b><\/p>\n<\/div>\n<div dir=\"ltr\" class=\"bbc-19j92fr e57qer20\" readability=\"12\">\n<p dir=\"ltr\" class=\"bbc-bm53ic e1cc2ql70\">Como parte de un viaje por Europa, Duque estuvo en los estudios de la BBC en Londres para participar en Hard Talk, un programa de entrevistas emblem\u00e1tico por sus conversaciones \u00abdif\u00edciles\u00bb, como su nombre bien indica.<\/p>\n<\/div>\n<div dir=\"ltr\" class=\"bbc-19j92fr e57qer20\" readability=\"12\">\n<p dir=\"ltr\" class=\"bbc-bm53ic e1cc2ql70\">Durante su gobierno, iniciado en 2018, Duque ha enfrentado una pandemia global, la implementaci\u00f3n del acuerdo de paz con la guerrilla de las FARC y dos estallidos sociales marcados por la fuerte represi\u00f3n policial. <\/p>\n<\/div>\n<div dir=\"ltr\" class=\"bbc-19j92fr e57qer20\" readability=\"11\">\n<p dir=\"ltr\" class=\"bbc-bm53ic e1cc2ql70\">Y, ungido por el uribismo y gran parte de la derecha, <b>tambi\u00e9n <\/b><b>ha visto <\/b><b>aumentar <\/b><b>el descontento<\/b> hacia su gesti\u00f3n, seg\u00fan distintas encuestas.<\/p>\n<\/div>\n<div dir=\"ltr\" class=\"bbc-19j92fr e57qer20\" readability=\"14\">\n<p dir=\"ltr\" class=\"bbc-bm53ic e1cc2ql70\">El aumento de la violencia rural, los asesinatos de l\u00edderes sociales, la crisis socioecon\u00f3mica y la profunda desconfianza hacia un establecimiento que \u00e9l representa han socavado la reputaci\u00f3n de su gobierno que, a ojos de Duque, pasar\u00e1 a la historia como impulsor de equidad e inversi\u00f3n social. <\/p>\n<\/div>\n<div dir=\"ltr\" class=\"bbc-19j92fr e57qer20\" readability=\"8\">\n<p dir=\"ltr\" class=\"bbc-bm53ic e1cc2ql70\">El presidente ser\u00e1 el primero de los \u00faltimos tres en el pa\u00eds que <b>no tendr\u00e1 la opci\u00f3n de buscar la reelecci\u00f3n<\/b> por ley. <\/p>\n<\/div>\n<div dir=\"ltr\" class=\"bbc-19j92fr e57qer20\" readability=\"13\">\n<p dir=\"ltr\" class=\"bbc-bm53ic e1cc2ql70\">De tenerla, insiste, \u00abestar\u00eda en la pelea\u00bb, a pesar de la desaprobaci\u00f3n de la ciudadan\u00eda, que entre otras cosas se manifiesta en el in\u00e9dito favoritismo de un izquierdista \u2014el exguerrillero y exalcalde de Bogot\u00e1 Gustavo Petro\u2014 en los comicios de este domingo. <\/p>\n<\/div>\n<div dir=\"ltr\" class=\"bbc-19j92fr e57qer20\" readability=\"8\">\n<p dir=\"ltr\" class=\"bbc-bm53ic e1cc2ql70\">Aqu\u00ed recogemos<b> la<\/b><b> traducci\u00f3n al espa\u00f1ol <\/b>de la entrevista en ingl\u00e9s que concedi\u00f3 el presidente de Colombia a la BBC.<\/p>\n<\/div>\n<div dir=\"ltr\" class=\"bbc-1ka88fa e57qer20\">\n<figure class=\"bbc-1qdcvv9 e6bmn90\">\n<div dir=\"ltr\" class=\"bbc-172p16q e57qer20\">\n<div dir=\"ltr\" class=\"bbc-189y18v e57qer20\">\n<div data-e2e=\"image-placeholder\" class=\"bbc-997y1y e1whu0\"><noscript><picture class=\"bbc-yfiktt e1enwo3v1\"><source srcset=\"http:\/\/nuevacordoba.net\/wp-content\/uploads\/2022\/05\/ivan-duque-sobre-las-elecciones-en-colombia-si-pudiera-presentarme-estaria-en-la-pelea-y-seria-reelecto.webp 240w, http:\/\/nuevacordoba.net\/wp-content\/uploads\/2022\/05\/ivan-duque-sobre-las-elecciones-en-colombia-si-pudiera-presentarme-estaria-en-la-pelea-y-seria-reelecto-1.webp 320w, http:\/\/nuevacordoba.net\/wp-content\/uploads\/2022\/05\/ivan-duque-sobre-las-elecciones-en-colombia-si-pudiera-presentarme-estaria-en-la-pelea-y-seria-reelecto-2.webp 464w\" type=\"image\/webp\" sizes=\"(min-width: 1008px) 645px, 100vw\"><source srcset=\"https:\/\/ichef.bbci.co.uk\/news\/240\/cpsprodpb\/5E7A\/production\/_124868142_line976.jpg 240w, https:\/\/ichef.bbci.co.uk\/news\/320\/cpsprodpb\/5E7A\/production\/_124868142_line976.jpg 320w, https:\/\/ichef.bbci.co.uk\/news\/464\/cpsprodpb\/5E7A\/production\/_124868142_line976.jpg 464w\" type=\"image\/jpeg\" sizes=\"(min-width: 1008px) 645px, 100vw\"><img loading=\"lazy\" src=\"http:\/\/nuevacordoba.net\/wp-content\/uploads\/2022\/05\/ivan-duque-sobre-las-elecciones-en-colombia-si-pudiera-presentarme-estaria-en-la-pelea-y-seria-reelecto-1.jpg\" alt=\"L\u00ednea\" width=\"464\" height=\"2\" class=\"eehpdyc0 bbc-rb7xa0 e1enwo3v0\"><\/picture><\/noscript><\/div>\n<\/div>\n<\/div>\n<\/figure>\n<\/div>\n<div dir=\"ltr\" class=\"bbc-19j92fr e57qer20\" readability=\"9\">\n<p dir=\"ltr\" class=\"bbc-bm53ic e1cc2ql70\"><b>Ahora que est\u00e1 a punto de dejar la presidencia, varias encuestas en Colombia sugieren que una gran mayor\u00eda del pa\u00eds desaprueba el trabajo que ha hecho. \u00bfPor qu\u00e9 cree que es <\/b><b>as\u00ed<\/b><b>? <\/b><\/p>\n<\/div>\n<div dir=\"ltr\" class=\"bbc-19j92fr e57qer20\" readability=\"10\">\n<p dir=\"ltr\" class=\"bbc-bm53ic e1cc2ql70\">Le cuento algo interesante. Hace cuatro a\u00f1os, en la primera vuelta presidencial, yo obtuve el 39% de los votos y ese es el mismo n\u00famero que registran las encuestas a las que ustedes se refieren. <\/p>\n<\/div>\n<div dir=\"ltr\" class=\"bbc-19j92fr e57qer20\" readability=\"12\">\n<p dir=\"ltr\" class=\"bbc-bm53ic e1cc2ql70\">Y, d\u00e9jeme decirle algo, si yo pudiera presentarme a la reelecci\u00f3n, estoy seguro que estar\u00eda en la pelea y ser\u00eda reelecto, porque tenemos importantes resultados para mostrar. <\/p>\n<\/div>\n<div dir=\"ltr\" class=\"bbc-19j92fr e57qer20\" readability=\"13\">\n<p dir=\"ltr\" class=\"bbc-bm53ic e1cc2ql70\"><b>Pero usted hizo grandes promesas. Por ejemplo, en 2018 dijo textual: \u00abTenemos una obligaci\u00f3n de transformar el pa\u00eds, restaurar la democracia y la confianza de los ciudadanos, promover el emprendimiento y construir un pa\u00eds con justicia social\u00bb. Pero hace un a\u00f1o vimos a miles de personas que salieron a las calles a protestar. Vimos violencia. Vimos a la gente pasar tantas necesidades que no pudieron soportarlo m\u00e1s. <\/b><\/p>\n<\/div>\n<div dir=\"ltr\" class=\"bbc-19j92fr e57qer20\" readability=\"8\">\n<p dir=\"ltr\" class=\"bbc-bm53ic e1cc2ql70\">Aqu\u00ed hay que decir varias cosas importantes. Vamos a mirar los hechos y estos dicen que en el \u00faltimo a\u00f1o hemos alcanzado la tasa m\u00e1s baja de homicidios de los \u00faltimos 40 a\u00f1os en Colombia. <\/p>\n<\/div>\n<div dir=\"ltr\" class=\"bbc-19j92fr e57qer20\" readability=\"8\">\n<p dir=\"ltr\" class=\"bbc-bm53ic e1cc2ql70\">Adem\u00e1s, tenemos la cifra m\u00e1s baja de secuestros desde que hay indicadores sobre este crimen. <\/p>\n<\/div>\n<div dir=\"ltr\" class=\"bbc-19j92fr e57qer20\" readability=\"12\">\n<p dir=\"ltr\" class=\"bbc-bm53ic e1cc2ql70\">Tenemos la baja m\u00e1s grande (en los \u00edndices) de pobreza multidimensional en el pa\u00eds desde que comenzaron estas mediciones en 2010 y, algo que es muy importante, alcanzamos r\u00e9cords hist\u00f3ricos de crecimiento econ\u00f3mico el a\u00f1o anterior y este primer trimestre de 2022 ha sido el mejor en la historia. <\/p>\n<\/div>\n<div dir=\"ltr\" class=\"bbc-19j92fr e57qer20\" readability=\"8\">\n<p dir=\"ltr\" class=\"bbc-bm53ic e1cc2ql70\">Ahora, sobre lo que pas\u00f3 el a\u00f1o pasado. Creo que vimos tres tipos de situaciones. <\/p>\n<\/div>\n<div dir=\"ltr\" class=\"bbc-19j92fr e57qer20\" readability=\"10\">\n<p dir=\"ltr\" class=\"bbc-bm53ic e1cc2ql70\">Una, protestas pac\u00edficas de personas que vimos que estaban afectadas por la pandemia y sus consecuencias econ\u00f3micas y por eso ampliamos las redes de cobertura social en el pa\u00eds. B\u00e1sicamente duplicamos el n\u00famero de beneficiarios de los programas sociales. <\/p>\n<\/div>\n<div dir=\"ltr\" class=\"bbc-19j92fr e57qer20\" readability=\"9\">\n<p dir=\"ltr\" class=\"bbc-bm53ic e1cc2ql70\">Otra situaci\u00f3n fue la de quienes hicieron bloqueos en las calles y trataron de afectar econ\u00f3micamente al pa\u00eds. Para m\u00ed esos actos son claramente criminales y por eso hubo personas que fueron capturadas y llevadas ante la justicia. <\/p>\n<\/div>\n<div dir=\"ltr\" class=\"bbc-19j92fr e57qer20\" readability=\"10\">\n<p dir=\"ltr\" class=\"bbc-bm53ic e1cc2ql70\">Y tres, es que nos dimos cuenta de que hab\u00eda muchos j\u00f3venes que quer\u00edan ser escuchados, que deseaban tener mejores oportunidades de empleo y desarrollo profesional. <\/p>\n<\/div>\n<div dir=\"ltr\" class=\"bbc-19j92fr e57qer20\" readability=\"11\">\n<p dir=\"ltr\" class=\"bbc-bm53ic e1cc2ql70\">Para nosotros este punto es muy importante porque, si miramos los indicadores que se dieron a conocer hace una semana, nos se\u00f1alan que tenemos las cifras m\u00e1s bajas de informalidad laboral desde que se tiene registro en Colombia. <\/p>\n<\/div>\n<div class=\"bbc-sffzb7 e8v25yx0\">\n<div dir=\"ltr\" class=\"e46rrwz0 bbc-1bh6w8m e57qer20\">\n<figure class=\"bbc-1qdcvv9 e6bmn90\" readability=\"1.5\">\n<div data-e2e=\"media-player\" class=\"bbc-rl27ak e15ilq0t1\"><noscript readability=\"2\"><\/p>\n<div class=\"bbc-1b4920d e2pb29i2\" readability=\"9\"><img alt src=\"http:\/\/nuevacordoba.net\/wp-content\/uploads\/2022\/05\/ivan-duque-sobre-las-elecciones-en-colombia-si-pudiera-presentarme-estaria-en-la-pelea-y-seria-reelecto-2.jpg\" srcset=\"http:\/\/nuevacordoba.net\/wp-content\/uploads\/2022\/05\/ivan-duque-sobre-las-elecciones-en-colombia-si-pudiera-presentarme-estaria-en-la-pelea-y-seria-reelecto-10.jpg 240w, http:\/\/nuevacordoba.net\/wp-content\/uploads\/2022\/05\/ivan-duque-sobre-las-elecciones-en-colombia-si-pudiera-presentarme-estaria-en-la-pelea-y-seria-reelecto-11.jpg 320w, http:\/\/nuevacordoba.net\/wp-content\/uploads\/2022\/05\/ivan-duque-sobre-las-elecciones-en-colombia-si-pudiera-presentarme-estaria-en-la-pelea-y-seria-reelecto-12.jpg 480w, http:\/\/nuevacordoba.net\/wp-content\/uploads\/2022\/05\/ivan-duque-sobre-las-elecciones-en-colombia-si-pudiera-presentarme-estaria-en-la-pelea-y-seria-reelecto-13.jpg 624w, http:\/\/nuevacordoba.net\/wp-content\/uploads\/2022\/05\/ivan-duque-sobre-las-elecciones-en-colombia-si-pudiera-presentarme-estaria-en-la-pelea-y-seria-reelecto-14.jpg 800w\" aria-hidden=\"true\"><\/p>\n<p><strong class=\"bbc-1k5stce e2pb29i0\">Para ver este contenido, favor activar JavaScript, o intentar con otro navegador<\/strong><\/p>\n<\/div>\n<p><\/noscript><\/div><figcaption dir=\"ltr\" class=\"bbc-rhuvwm eede9f50\" readability=\"3\"><span class=\"bbc-1gnhmg2 e1yt7oin0\">T\u00edtulo del video, <\/span><\/p>\n<p>\u00abTenemos importantes resultados para mostrar\u00bb, le dijo Iv\u00e1n Duque a la BBC sobre su gobierno.<\/p>\n<\/figcaption><\/figure>\n<\/div>\n<\/div>\n<div dir=\"ltr\" class=\"bbc-19j92fr e57qer20\" readability=\"14\">\n<p dir=\"ltr\" class=\"bbc-bm53ic e1cc2ql70\"><b>Presidente Duque, usted nos da muchos datos para tratar de decir que las cosas est\u00e1n bien, pero no es as\u00ed. Hay 20 millones de colombianos viviendo en la pobreza, <\/b><b>6 <\/b><b>millones de ellos en la extrema pobreza, y la FAO se\u00f1al\u00f3 a Colombia como el \u00fanico pa\u00eds en Sudam\u00e9rica que sufr\u00eda de inseguridad alimentaria. <\/b><\/p>\n<\/div>\n<div dir=\"ltr\" class=\"bbc-19j92fr e57qer20\" readability=\"8\">\n<p dir=\"ltr\" class=\"bbc-bm53ic e1cc2ql70\">No le estoy dando datos, sino evidencia. <\/p>\n<\/div>\n<div dir=\"ltr\" class=\"bbc-19j92fr e57qer20\" readability=\"13\">\n<p dir=\"ltr\" class=\"bbc-bm53ic e1cc2ql70\">No s\u00e9 si las personas que le dieron esta informaci\u00f3n tambi\u00e9n le contaron que la FAO emiti\u00f3 un comunicado en el que dec\u00eda que no ten\u00edan suficientes datos para probar lo que hab\u00edan dicho, que Colombia hab\u00eda aceptado y dado refugio a 1,8 millones de venezolanos que hab\u00edan huido de su pa\u00eds, lo que ha sido considerado por muchos como el mayor acto humanitario en d\u00e9cadas en Am\u00e9rica Latina. Y los hemos atendido sin mucho apoyo internacional. <\/p>\n<\/div>\n<div dir=\"ltr\" class=\"bbc-19j92fr e57qer20\" readability=\"11\">\n<p dir=\"ltr\" class=\"bbc-bm53ic e1cc2ql70\">Adem\u00e1s, si miramos el panorama de la pobreza multidimensional, que es un indicador promovido por el propio Reino Unido desde 2010, hemos alcanzado los niveles m\u00e1s bajos de este siglo. <\/p>\n<\/div>\n<div dir=\"ltr\" class=\"bbc-19j92fr e57qer20\" readability=\"11\">\n<p dir=\"ltr\" class=\"bbc-bm53ic e1cc2ql70\"><b>Pero no solo es el tema de la pobreza lo que, de acuerdo con el Banco Mundial, est\u00e1 <\/b><b>frenando <\/b><b>sus perspectivas de crecimiento. Tambi\u00e9n es la desigualdad: Colombia es el segundo pa\u00eds m\u00e1s desigual de Sudam\u00e9rica. <\/b><\/p>\n<\/div>\n<div dir=\"ltr\" class=\"bbc-19j92fr e57qer20\" readability=\"12\">\n<p dir=\"ltr\" class=\"bbc-bm53ic e1cc2ql70\">La desigualdad ha estado en Colombia por muchos a\u00f1os. Ahora, el coeficiente Gini [que es el que mide la desigualdad en el mundo] de 2021 es mucho m\u00e1s bajo que el de 2019, porque hemos tomado medidas como darle educaci\u00f3n universitaria gratuita a sectores de la poblaci\u00f3n m\u00e1s pobres y de clase media. <\/p>\n<\/div>\n<div dir=\"ltr\" class=\"bbc-19j92fr e57qer20\" readability=\"8\">\n<p dir=\"ltr\" class=\"bbc-bm53ic e1cc2ql70\">Somos el gobierno que hizo crecer de 3 millones a 10 millones el n\u00famero de familias que son beneficiarias de programas sociales. <\/p>\n<\/div>\n<div dir=\"ltr\" class=\"bbc-19j92fr e57qer20\" readability=\"14\">\n<p dir=\"ltr\" class=\"bbc-bm53ic e1cc2ql70\">Algo que hay que destacar tambi\u00e9n es que cuando se ven cifras sobre vivienda, acceso a agua potable y servicios p\u00fablicos, todo eso hace parte de las mediciones de la pobreza multidimensional, que durante nuestro mandato han alcanzado los m\u00ednimos hist\u00f3ricos, lo que significa que las pol\u00edticas que hemos estado adoptando han ayudado a reducir la desigualdad. <\/p>\n<\/div>\n<div dir=\"ltr\" class=\"bbc-19j92fr e57qer20\" readability=\"15\">\n<p dir=\"ltr\" class=\"bbc-bm53ic e1cc2ql70\"><b>Pero la gente en su pa\u00eds no parece comprar esas cifras, estos argumentos. No le creen los datos de la econom\u00eda, no le creen cuando habla sobre la seguridad en el pa\u00eds, porque es claro que, si uno mira los n\u00fameros y los contrasta con los testimonios en distintas partes del pa\u00eds, mucha gente no se siente segura. <\/b><\/p>\n<\/div>\n<div dir=\"ltr\" class=\"bbc-19j92fr e57qer20\" readability=\"10\">\n<p dir=\"ltr\" class=\"bbc-bm53ic e1cc2ql70\"><b>La gente ve que los carteles de la droga siguen operando con total impunidad, que la disidencia de la guerrilla sigue operando, que los paramilitares siguen operando. <\/b><\/p>\n<\/div>\n<div dir=\"ltr\" class=\"bbc-19j92fr e57qer20\" readability=\"7\">\n<p dir=\"ltr\" class=\"bbc-bm53ic e1cc2ql70\"><b>Usted no ha podido lograr la pacificaci\u00f3n de su pa\u00eds&#8230; <\/b><\/p>\n<\/div>\n<div dir=\"ltr\" class=\"bbc-19j92fr e57qer20\" readability=\"12\">\n<p dir=\"ltr\" class=\"bbc-bm53ic e1cc2ql70\">Insisto en los hechos. Yo hered\u00e9 del gobierno anterior muchos problemas y ahora, mirando dos de los datos m\u00e1s importantes sobre temas de seguridad en Am\u00e9rica Latina, le pregunto: \u00bftener los r\u00e9cords m\u00e1s bajos de homicidios en d\u00e9cadas no beneficia a la gente? \u00bfTener el n\u00famero de secuestros m\u00e1s bajos desde que se llevan estos registros no beneficia a la gente? <\/p>\n<\/div>\n<div dir=\"ltr\" class=\"bbc-19j92fr e57qer20\" readability=\"13\">\n<p dir=\"ltr\" class=\"bbc-bm53ic e1cc2ql70\">Uno de los principales capos de la droga, Otoniel, fue capturado, \u00bfeso no beneficia tambi\u00e9n a las personas? \u00c9l fue capturado y extraditado. Adem\u00e1s, la estructura del cartel del Golfo ha sido desmantelada. <\/p>\n<\/div>\n<div dir=\"ltr\" class=\"bbc-19j92fr e57qer20\" readability=\"9\">\n<p dir=\"ltr\" class=\"bbc-bm53ic e1cc2ql70\">Y usted me dice que la gente en Colombia no compra lo que estoy diciendo, porque es algo que no estoy vendiendo. Solo le estoy mostrando las evidencias. <\/p>\n<\/div>\n<div dir=\"ltr\" class=\"bbc-19j92fr e57qer20\" readability=\"9\">\n<p dir=\"ltr\" class=\"bbc-bm53ic e1cc2ql70\">El a\u00f1o pasado tuvimos uno de los crecimientos econ\u00f3micos m\u00e1s grandes en el mundo y el primer trimestre de este a\u00f1o nos ponen como una de las econom\u00edas con el crecimiento m\u00e1s r\u00e1pido dentro de los pa\u00edses de la OCDE (Organizaci\u00f3n para la Cooperaci\u00f3n y el Desarrollo Econ\u00f3micos). <\/p>\n<\/div>\n<div dir=\"ltr\" class=\"bbc-19j92fr e57qer20\">\n<div id=\"include-1\" class=\"bbc-1npwuzj e1vg4u840\">\n<div data-uuid=\"88c630ca-08dc-4dd1-ad3a-21c30c9f01d1\" class=\"sc-bdVaJa rPqeC\" readability=\"7\">\n<div data-graphicpic=\"true\" class=\"sc-htpNat kUePcj\"><img src=\"http:\/\/nuevacordoba.net\/wp-content\/uploads\/2022\/05\/ivan-duque-sobre-las-elecciones-en-colombia-si-pudiera-presentarme-estaria-en-la-pelea-y-seria-reelecto-3.jpg\" alt class=\"sc-bwzfXH edBfQS\"><\/p>\n<p>BBC<\/p>\n<\/div>\n<blockquote dir=\"ltr\" class=\"sc-gzVnrw blLFIH\" readability=\"7\"><p><svg width=\"30\" height=\"25\" aria-label=\"Quote\" class=\"sc-htoDjs kGbKV\"><g fill=\"#C9A975\" fill-rule=\"evenodd\" transform=\"rotate(0 15 12)\"><path d=\"M0 15.614c0-4.538 1.106-8.074 3.319-10.61C5.53 2.47 8.697.801 12.817 0v4.626c-3.143.89-5.234 2.55-6.271 4.983-.58 1.304-.809 2.535-.687 3.692H13V25H0v-9.386zM17 15.614c0-4.538 1.106-8.074 3.319-10.61C22.53 2.47 25.697.801 29.817 0v4.626c-3.143.89-5.234 2.55-6.271 4.983-.58 1.304-.809 2.535-.687 3.692H30V25H17v-9.386z\" \/><\/g><\/svg><\/p>\n<p> Si yo pudiera presentarme a la reelecci\u00f3n estoy seguro de que estar\u00eda en la pelea y ser\u00eda reelecto, porque tenemos importantes resultados para mostrar\u00bb<\/p>\n<p><svg width=\"43\" height=\"3\" viewBox=\"0 0 43 3\" class=\"sc-iwsKbI jiPRqw\"><path d=\"M1.5 1.5h40\" stroke=\"#C9A975\" stroke-width=\"3\" fill=\"none\" fill-rule=\"evenodd\" stroke-linecap=\"square\" \/><\/svg><\/p>\n<footer class=\"sc-gZMcBi YvzhO\"><cite class=\"sc-gqjmRU dltIJY\"><strong><\/strong><br \/><\/cite><\/footer>\n<\/blockquote>\n<\/div>\n<\/div>\n<\/div>\n<div dir=\"ltr\" class=\"bbc-19j92fr e57qer20\" readability=\"8\">\n<p dir=\"ltr\" class=\"bbc-bm53ic e1cc2ql70\"><b>Creo que los colombianos ven que las cifras sobre el PIB o el crecimiento no se reflejan en lo que se vive a diario en el pa\u00eds. <\/b><\/p>\n<\/div>\n<div dir=\"ltr\" class=\"bbc-19j92fr e57qer20\" readability=\"7\">\n<p dir=\"ltr\" class=\"bbc-bm53ic e1cc2ql70\">Es por eso que este gobierno ha hecho la mayor inversi\u00f3n social en la historia de Colombia. <\/p>\n<\/div>\n<div dir=\"ltr\" class=\"bbc-19j92fr e57qer20\" readability=\"10\">\n<p dir=\"ltr\" class=\"bbc-bm53ic e1cc2ql70\">Si usted mira las cifras de transferencias de efectivo condicionadas o no condicionadas, nos permiten ver que hemos logrado multiplicar la red de asistencia social en una escala que nos permite hablar de reducci\u00f3n de la pobreza despu\u00e9s de todos los efectos que ha tenido la pandemia en el pa\u00eds. <\/p>\n<\/div>\n<div dir=\"ltr\" class=\"bbc-19j92fr e57qer20\" readability=\"16\">\n<p dir=\"ltr\" class=\"bbc-bm53ic e1cc2ql70\"><b>Si me lo permite, presidente Duque, tal vez parte del problema es que usted ha hecho grandes promesas. Por ejemplo, usted acus\u00f3 al expresidente Juan Manuel Santos de dejar el pa\u00eds \u00abnadando en coca\u00bb y que, bajo su mandato, esto ser\u00eda otra historia. Pero si miramos los \u00faltimos reportes del Instituto Transnational (especializado en temas de tr\u00e1fico de droga), se\u00f1alan que la producci\u00f3n de coca\u00edna en su pa\u00eds sigue aumenta<\/b><b>n<\/b><b>do. <\/b><\/p>\n<\/div>\n<div dir=\"ltr\" class=\"bbc-19j92fr e57qer20\" readability=\"9\">\n<p dir=\"ltr\" class=\"bbc-bm53ic e1cc2ql70\"><b>Incluso si las cifras hablan de una reducci\u00f3n de las hect\u00e1reas donde se siembra la hoja de coca, de alg\u00fan modo la producci\u00f3n de la droga ha aumentado durante su mandato.<\/b><\/p>\n<\/div>\n<div dir=\"ltr\" class=\"bbc-19j92fr e57qer20\" readability=\"10\">\n<p dir=\"ltr\" class=\"bbc-bm53ic e1cc2ql70\">En 2015 ten\u00edamos 50.000 hect\u00e1reas de coca. Cuando yo asum\u00ed como presidente, ten\u00edamos m\u00e1s de 200.000 hect\u00e1reas. Entonces lo que yo le dije al pueblo colombiano es que \u00edbamos a detener el crecimiento exponencial de los cultivos de coca. Y lo hicimos. <\/p>\n<\/div>\n<div dir=\"ltr\" class=\"bbc-19j92fr e57qer20\" readability=\"9\">\n<p dir=\"ltr\" class=\"bbc-bm53ic e1cc2ql70\">Segundo, nosotros dijimos que \u00edbamos a reducir el \u00e1rea plantada con cultivos de coca. Y lo hicimos. <\/p>\n<\/div>\n<div dir=\"ltr\" class=\"bbc-19j92fr e57qer20\" readability=\"15\">\n<p dir=\"ltr\" class=\"bbc-bm53ic e1cc2ql70\">Y tercero, el a\u00f1o pasado decomisamos cerca de 670 toneladas de coca\u00edna, que es una cifra r\u00e9cord y, adem\u00e1s, logramos desmantelar tres de los m\u00e1s grandes grupos criminales del pa\u00eds, los Pelusos, Caparros y Puntilleros. <\/p>\n<\/div>\n<div dir=\"ltr\" class=\"bbc-19j92fr e57qer20\" readability=\"10\">\n<p dir=\"ltr\" class=\"bbc-bm53ic e1cc2ql70\">Y al clan del Golfo, que es el cartel m\u00e1s grande, le propinamos un fuerte golpe cuando capturamos a Otoniel. <\/p>\n<\/div>\n<div dir=\"ltr\" class=\"bbc-1ka88fa e57qer20\">\n<figure class=\"bbc-1qdcvv9 e6bmn90\">\n<div dir=\"ltr\" class=\"bbc-172p16q e57qer20\">\n<div dir=\"ltr\" class=\"bbc-189y18v e57qer20\" readability=\"6.5\">\n<div data-e2e=\"image-placeholder\" class=\"bbc-997y1y e1whu0\" readability=\"8\"><noscript><picture class=\"bbc-yfiktt e1enwo3v1\"><source srcset=\"http:\/\/nuevacordoba.net\/wp-content\/uploads\/2022\/05\/ivan-duque-sobre-las-elecciones-en-colombia-si-pudiera-presentarme-estaria-en-la-pelea-y-seria-reelecto-3.webp 240w, http:\/\/nuevacordoba.net\/wp-content\/uploads\/2022\/05\/ivan-duque-sobre-las-elecciones-en-colombia-si-pudiera-presentarme-estaria-en-la-pelea-y-seria-reelecto-4.webp 320w, http:\/\/nuevacordoba.net\/wp-content\/uploads\/2022\/05\/ivan-duque-sobre-las-elecciones-en-colombia-si-pudiera-presentarme-estaria-en-la-pelea-y-seria-reelecto-5.webp 480w, http:\/\/nuevacordoba.net\/wp-content\/uploads\/2022\/05\/ivan-duque-sobre-las-elecciones-en-colombia-si-pudiera-presentarme-estaria-en-la-pelea-y-seria-reelecto-6.webp 624w, http:\/\/nuevacordoba.net\/wp-content\/uploads\/2022\/05\/ivan-duque-sobre-las-elecciones-en-colombia-si-pudiera-presentarme-estaria-en-la-pelea-y-seria-reelecto-7.webp 800w\" type=\"image\/webp\" sizes=\"(min-width: 1008px) 645px, 100vw\"><source srcset=\"https:\/\/ichef.bbci.co.uk\/news\/240\/cpsprodpb\/7356\/production\/_124862592_gettyimages-916656370.jpg 240w, https:\/\/ichef.bbci.co.uk\/news\/320\/cpsprodpb\/7356\/production\/_124862592_gettyimages-916656370.jpg 320w, https:\/\/ichef.bbci.co.uk\/news\/480\/cpsprodpb\/7356\/production\/_124862592_gettyimages-916656370.jpg 480w, https:\/\/ichef.bbci.co.uk\/news\/624\/cpsprodpb\/7356\/production\/_124862592_gettyimages-916656370.jpg 624w, https:\/\/ichef.bbci.co.uk\/news\/800\/cpsprodpb\/7356\/production\/_124862592_gettyimages-916656370.jpg 800w\" type=\"image\/jpeg\" sizes=\"(min-width: 1008px) 645px, 100vw\"><img loading=\"lazy\" src=\"http:\/\/nuevacordoba.net\/wp-content\/uploads\/2022\/05\/ivan-duque-sobre-las-elecciones-en-colombia-si-pudiera-presentarme-estaria-en-la-pelea-y-seria-reelecto-4.jpg\" alt=\"Venezolanos ingresanod a Colombia\" width=\"976\" height=\"549\" class=\"eehpdyc0 bbc-rb7xa0 e1enwo3v0\"><\/picture><\/noscript><\/p>\n<p role=\"text\" class=\"bbc-1s1cxbv etq3yw90\"><span class=\"bbc-1gnhmg2 e1yt7oin0\">Fuente de la imagen, <\/span><span lang=\"en-GB\">Getty Images<\/span><\/p>\n<\/div>\n<\/div>\n<div dir=\"ltr\" class=\"bbc-3edg7g e57qer20\" readability=\"7\"><figcaption dir=\"ltr\" class=\"bbc-rhuvwm eede9f50\" readability=\"4\"><span class=\"bbc-1gnhmg2 e1yt7oin0\">Pie de foto, <\/span><\/p>\n<p>La recepci\u00f3n de m\u00e1s de 1,8 millones de venezolanos en Colombia ha sido catalogado como el acto humanitario de mayor alcance en Am\u00e9rica Latina en los \u00faltimos a\u00f1os.<\/p>\n<\/figcaption><\/div>\n<\/div>\n<\/figure>\n<\/div>\n<div dir=\"ltr\" class=\"bbc-19j92fr e57qer20\" readability=\"10\">\n<p dir=\"ltr\" class=\"bbc-bm53ic e1cc2ql70\"><b>Precisamente, usted menciona al <\/b><b>c<\/b><b>lan del Golfo porque se siente muy orgulloso de la captura de Otoniel y su extradici\u00f3n a Estados Unidos. De hecho, lo se\u00f1ala como un gran triunfo. <\/b><\/p>\n<\/div>\n<div dir=\"ltr\" class=\"bbc-19j92fr e57qer20\" readability=\"11\">\n<p dir=\"ltr\" class=\"bbc-bm53ic e1cc2ql70\"><b>Pero, \u00bfqu\u00e9 vimos despu\u00e9s de que fue<\/b><b>ra<\/b><b> capturado? Vimos que el clan del Golfo puso en jaque a una parte de la poblaci\u00f3n con un paro armado. En amplios sectores del norte de su pa\u00eds demostraron su poder. Se estima que tienen miles de hombres armados dentro de su organizaci\u00f3n. \u00bfC\u00f3mo pueden usted y sus fuerzas de seguridad permitir eso? <\/b><\/p>\n<\/div>\n<div dir=\"ltr\" class=\"bbc-19j92fr e57qer20\" readability=\"8\">\n<p dir=\"ltr\" class=\"bbc-bm53ic e1cc2ql70\">Primero hay que aclarar que no lograron poner en jaque o bloquear ciudades. Lo que trataron fue generar un momento de incertidumbre. <\/p>\n<\/div>\n<div dir=\"ltr\" class=\"bbc-19j92fr e57qer20\" readability=\"14\">\n<p dir=\"ltr\" class=\"bbc-bm53ic e1cc2ql70\">Pero nosotros no solo hemos atacado estas estructuras, sino que tambi\u00e9n hemos capturado y extraditado a sus cabecillas. Y algo muy importante es que, en los ocho a\u00f1os anteriores a mi mandato, ese mismo grupo intent\u00f3 hacer lo mismo cuatro veces. Es parte de su patr\u00f3n de funcionamiento: cada vez que se sienten d\u00e9biles, intentan crear incertidumbre. <\/p>\n<\/div>\n<div dir=\"ltr\" class=\"bbc-19j92fr e57qer20\" readability=\"8\">\n<p dir=\"ltr\" class=\"bbc-bm53ic e1cc2ql70\">Pero la verdad es que nunca se ha visto a tantas personas de su estructura capturadas y enviadas en extradici\u00f3n como durante mi gobierno. <\/p>\n<\/div>\n<div dir=\"ltr\" class=\"bbc-19j92fr e57qer20\" readability=\"12\">\n<p dir=\"ltr\" class=\"bbc-bm53ic e1cc2ql70\"><b>Hablemos un poco de las FARC (Fuerzas Armadas Revolucionarias de Colombia), que firmaron un acuerdo de paz con el gobierno en 2016 y ustedes -hablo de su partido y de usted- se opusieron a ese acuerdo. De hecho, dijeron que era algo perjudicial para Colombia, dijeron que no hab\u00eda justicia. <\/b><\/p>\n<\/div>\n<div dir=\"ltr\" class=\"bbc-19j92fr e57qer20\" readability=\"10\">\n<p dir=\"ltr\" class=\"bbc-bm53ic e1cc2ql70\"><b>No obstante, aunque ha optado por no romper lo firmado en los \u00faltimos cuatro a\u00f1os, lo que parece es que ha decidido<\/b><b> ralentizar<\/b><b> su implementaci\u00f3n. \u00bfCree que eso es bueno para Colombia?<\/b><\/p>\n<\/div>\n<div dir=\"ltr\" class=\"bbc-19j92fr e57qer20\" readability=\"8\">\n<p dir=\"ltr\" class=\"bbc-bm53ic e1cc2ql70\">De nuevo, lo mejor es mirar los hechos y no creer en rumores&#8230; <\/p>\n<\/div>\n<div dir=\"ltr\" class=\"bbc-1ka88fa e57qer20\">\n<figure class=\"bbc-1qdcvv9 e6bmn90\">\n<div dir=\"ltr\" class=\"bbc-172p16q e57qer20\">\n<div dir=\"ltr\" class=\"bbc-189y18v e57qer20\">\n<div data-e2e=\"image-placeholder\" class=\"bbc-997y1y e1whu0\"><noscript><picture class=\"bbc-yfiktt e1enwo3v1\"><source srcset=\"http:\/\/nuevacordoba.net\/wp-content\/uploads\/2022\/05\/ivan-duque-sobre-las-elecciones-en-colombia-si-pudiera-presentarme-estaria-en-la-pelea-y-seria-reelecto-8.webp 240w, http:\/\/nuevacordoba.net\/wp-content\/uploads\/2022\/05\/ivan-duque-sobre-las-elecciones-en-colombia-si-pudiera-presentarme-estaria-en-la-pelea-y-seria-reelecto-9.webp 320w, http:\/\/nuevacordoba.net\/wp-content\/uploads\/2022\/05\/ivan-duque-sobre-las-elecciones-en-colombia-si-pudiera-presentarme-estaria-en-la-pelea-y-seria-reelecto-10.webp 480w, http:\/\/nuevacordoba.net\/wp-content\/uploads\/2022\/05\/ivan-duque-sobre-las-elecciones-en-colombia-si-pudiera-presentarme-estaria-en-la-pelea-y-seria-reelecto-11.webp 624w, http:\/\/nuevacordoba.net\/wp-content\/uploads\/2022\/05\/ivan-duque-sobre-las-elecciones-en-colombia-si-pudiera-presentarme-estaria-en-la-pelea-y-seria-reelecto-12.webp 800w\" type=\"image\/webp\" sizes=\"(min-width: 1008px) 645px, 100vw\"><source srcset=\"https:\/\/ichef.bbci.co.uk\/news\/240\/cpsprodpb\/1473F\/production\/_124857738_gettyimages-147880195.jpg 240w, https:\/\/ichef.bbci.co.uk\/news\/320\/cpsprodpb\/1473F\/production\/_124857738_gettyimages-147880195.jpg 320w, https:\/\/ichef.bbci.co.uk\/news\/480\/cpsprodpb\/1473F\/production\/_124857738_gettyimages-147880195.jpg 480w, https:\/\/ichef.bbci.co.uk\/news\/624\/cpsprodpb\/1473F\/production\/_124857738_gettyimages-147880195.jpg 624w, https:\/\/ichef.bbci.co.uk\/news\/800\/cpsprodpb\/1473F\/production\/_124857738_gettyimages-147880195.jpg 800w\" type=\"image\/jpeg\" sizes=\"(min-width: 1008px) 645px, 100vw\"><img loading=\"lazy\" src=\"http:\/\/nuevacordoba.net\/wp-content\/uploads\/2022\/05\/ivan-duque-sobre-las-elecciones-en-colombia-si-pudiera-presentarme-estaria-en-la-pelea-y-seria-reelecto-5.jpg\" alt=\"Cultivo de coca\" width=\"976\" height=\"549\" class=\"eehpdyc0 bbc-rb7xa0 e1enwo3v0\"><\/picture><\/noscript><\/p>\n<p role=\"text\" class=\"bbc-1s1cxbv etq3yw90\"><span class=\"bbc-1gnhmg2 e1yt7oin0\">Fuente de la imagen, <\/span><span lang=\"en-GB\">AFP<\/span><\/p>\n<\/div>\n<\/div>\n<div dir=\"ltr\" class=\"bbc-3edg7g e57qer20\" readability=\"8\"><figcaption dir=\"ltr\" class=\"bbc-rhuvwm eede9f50\" readability=\"6\"><span class=\"bbc-1gnhmg2 e1yt7oin0\">Pie de foto, <\/span><\/p>\n<p>Reducir los cultivos de coca ha sido una de las prioridades del gobierno de Iv\u00e1n Duque, pero las cifras se\u00f1alan que la producci\u00f3n, de alguna manera, ha aumentado en los \u00faltimos a\u00f1os.<\/p>\n<\/figcaption><\/div>\n<\/div>\n<\/figure>\n<\/div>\n<div dir=\"ltr\" class=\"bbc-19j92fr e57qer20\" readability=\"12\">\n<p dir=\"ltr\" class=\"bbc-bm53ic e1cc2ql70\"><b>No estoy bas\u00e1ndome en rumores. Un centro respetado como el Instituto Kroc para Estudios <\/b><b>Internacionales <\/b><b>de Paz se\u00f1ala que, despu\u00e9s de hacer un an\u00e1lisis detallado, solamente el 29% de los acuerdos de paz han sido implementados. Y que solo se logr\u00f3 adelantar un 2% de estos temas el a\u00f1o anterior. As\u00ed que hablemos de los hechos. <\/b><\/p>\n<\/div>\n<div dir=\"ltr\" class=\"bbc-19j92fr e57qer20\" readability=\"8\">\n<p dir=\"ltr\" class=\"bbc-bm53ic e1cc2ql70\">El Instituto Kroc ha dicho que el avance es del 35% en un proceso que se espera se implemente en cuatro gobiernos. <\/p>\n<\/div>\n<div dir=\"ltr\" class=\"bbc-19j92fr e57qer20\" readability=\"10\">\n<p dir=\"ltr\" class=\"bbc-bm53ic e1cc2ql70\">Eso significa que estamos dentro de lo pactado. Adem\u00e1s, la Defensor\u00eda del Pueblo ha dicho que el avance de la implementaci\u00f3n dentro de mi gobierno ha sido el m\u00e1s r\u00e1pido desde que se firm\u00f3 el acuerdo. <\/p>\n<\/div>\n<div dir=\"ltr\" class=\"bbc-19j92fr e57qer20\" readability=\"11\">\n<p dir=\"ltr\" class=\"bbc-bm53ic e1cc2ql70\">Le pongo dos ejemplos: cuando comenz\u00f3 mi gobierno, solo ten\u00edamos dos proyectos de desarrollo a nivel regional. Ahora tenemos 15, con cerca de US$4.000 millones en inversiones. Estamos cambiando y mejorando la vida de decenas de personas&#8230; <\/p>\n<\/div>\n<div dir=\"ltr\" class=\"bbc-19j92fr e57qer20\" readability=\"12\">\n<p dir=\"ltr\" class=\"bbc-bm53ic e1cc2ql70\">Le pido que me deje terminar, porque creo que es muy importante se\u00f1alar que la inversi\u00f3n que hemos hecho en este aspecto es la mayor que se ha hecho en temas como acceso al agua, alcantarillado, rutas terciarias y energ\u00eda. <\/p>\n<\/div>\n<div dir=\"ltr\" class=\"bbc-19j92fr e57qer20\" readability=\"9\">\n<p dir=\"ltr\" class=\"bbc-bm53ic e1cc2ql70\">Yo me sent\u00ed muy orgulloso cuando el secretario general de la ONU nos visit\u00f3 el a\u00f1o pasado para celebrar los cinco a\u00f1os del acuerdo y dijo que la implementaci\u00f3n del proceso de paz en Colombia era un modelo para el mundo. <\/p>\n<\/div>\n<div dir=\"ltr\" class=\"bbc-19j92fr e57qer20\" readability=\"12\">\n<p dir=\"ltr\" class=\"bbc-bm53ic e1cc2ql70\"><b>Pero uno de los problemas es que a su partido lo respaldan varias de las familias due\u00f1as de amplias \u00e1reas de tierra en Colombia. Y ellos no quieren hacer una reforma agraria, que se supone hace parte de los acuerdos. De hecho, solo el 4% de lo pactado en temas de reforma rural se ha completado. \u00bfEsto se debe a que estos terratenientes lo tiene<\/b><b>n<\/b><b> en sus bolsillos? <\/b><\/p>\n<\/div>\n<div dir=\"ltr\" class=\"bbc-19j92fr e57qer20\" readability=\"8\">\n<p dir=\"ltr\" class=\"bbc-bm53ic e1cc2ql70\">Primero, nadie me tiene en su bolsillo. <\/p>\n<\/div>\n<div dir=\"ltr\" class=\"bbc-19j92fr e57qer20\" readability=\"9\">\n<p dir=\"ltr\" class=\"bbc-bm53ic e1cc2ql70\">Segundo, vamos a hablar de hechos y no de rumores. Nosotros hemos hecho entrega de cerca de 52.000 t\u00edtulos de tierras en mi gobierno. <\/p>\n<\/div>\n<div dir=\"ltr\" class=\"bbc-19j92fr e57qer20\" readability=\"11\">\n<p dir=\"ltr\" class=\"bbc-bm53ic e1cc2ql70\">Eso pone a mi administraci\u00f3n como el principal garante de t\u00edtulos de tierra en la historia de Colombia y, algo que es supremamente importante, hemos logrado cifras r\u00e9cord en exportaci\u00f3n de productos agr\u00edcolas. <\/p>\n<\/div>\n<div dir=\"ltr\" class=\"bbc-19j92fr e57qer20\" readability=\"10\">\n<p dir=\"ltr\" class=\"bbc-bm53ic e1cc2ql70\">Adem\u00e1s, la inversi\u00f3n que hemos hecho en v\u00edas terciarias tambi\u00e9n ha sido sin precedentes, cuyos principales beneficiarios son los campesinos. <\/p>\n<\/div>\n<div dir=\"ltr\" class=\"bbc-19j92fr e57qer20\" readability=\"12\">\n<p dir=\"ltr\" class=\"bbc-bm53ic e1cc2ql70\"><b>Son los l\u00edderes sociales, particularmente en \u00e1reas rurales, los que m\u00e1s luchan por la reforma agraria. \u00bfNo lo averg\u00fcenza que la \u00faltima cifra de asesinatos de activistas sociales y comunitarios en Colombia sea de 145, muchos de ellos asesinados en 2021? <\/b><\/p>\n<\/div>\n<div dir=\"ltr\" class=\"bbc-19j92fr e57qer20\" readability=\"10\">\n<p dir=\"ltr\" class=\"bbc-bm53ic e1cc2ql70\">Lo m\u00e1s triste es que muchos de estos l\u00edderes sociales han sido asesinados por los capos del narcotr\u00e1fico. Y aunque en mi gobierno se ha presentado una reducci\u00f3n de estos cr\u00edmenes, la cifra debe ser cero l\u00edderes sociales muertos. <\/p>\n<\/div>\n<div dir=\"ltr\" class=\"bbc-19j92fr e57qer20\">\n<div id=\"include-2\" class=\"bbc-1npwuzj e1vg4u840\">\n<div data-uuid=\"ed5b03f2-bc62-49d9-9ea0-690d678f1477\" class=\"sc-bdVaJa rPqeC\" readability=\"6.5\">\n<div data-graphicpic=\"true\" class=\"sc-htpNat kUePcj\"><img src=\"http:\/\/nuevacordoba.net\/wp-content\/uploads\/2022\/05\/ivan-duque-sobre-las-elecciones-en-colombia-si-pudiera-presentarme-estaria-en-la-pelea-y-seria-reelecto-6.jpg\" alt class=\"sc-bwzfXH jUUqAt\"><\/p>\n<p>BBC<\/p>\n<\/div>\n<blockquote dir=\"ltr\" class=\"sc-gzVnrw blLFIH\" readability=\"6\"><p><svg width=\"30\" height=\"25\" aria-label=\"Quote\" class=\"sc-htoDjs kGbKV\"><g fill=\"#C9A975\" fill-rule=\"evenodd\" transform=\"rotate(0 15 12)\"><path d=\"M0 15.614c0-4.538 1.106-8.074 3.319-10.61C5.53 2.47 8.697.801 12.817 0v4.626c-3.143.89-5.234 2.55-6.271 4.983-.58 1.304-.809 2.535-.687 3.692H13V25H0v-9.386zM17 15.614c0-4.538 1.106-8.074 3.319-10.61C22.53 2.47 25.697.801 29.817 0v4.626c-3.143.89-5.234 2.55-6.271 4.983-.58 1.304-.809 2.535-.687 3.692H30V25H17v-9.386z\" \/><\/g><\/svg><\/p>\n<p>El Secretario General de la ONU dijo que la implementaci\u00f3n del proceso de paz en Colombia era un modelo para el mundo\u00bb <\/p>\n<p><svg width=\"43\" height=\"3\" viewBox=\"0 0 43 3\" class=\"sc-iwsKbI jiPRqw\"><path d=\"M1.5 1.5h40\" stroke=\"#C9A975\" stroke-width=\"3\" fill=\"none\" fill-rule=\"evenodd\" stroke-linecap=\"square\" \/><\/svg><\/p>\n<footer class=\"sc-gZMcBi YvzhO\"><cite class=\"sc-gqjmRU dltIJY\"><strong><\/strong><br \/><\/cite><\/footer>\n<\/blockquote>\n<\/div>\n<\/div>\n<\/div>\n<div dir=\"ltr\" class=\"bbc-19j92fr e57qer20\" readability=\"7\">\n<p dir=\"ltr\" class=\"bbc-bm53ic e1cc2ql70\"><b>Pero lo que yo quiero preguntarle es si se siente avergonzado por estas cifras&#8230; <\/b><\/p>\n<\/div>\n<div dir=\"ltr\" class=\"bbc-19j92fr e57qer20\" readability=\"11\">\n<p dir=\"ltr\" class=\"bbc-bm53ic e1cc2ql70\">Me hace sentir triste el hecho de que el narcotr\u00e1fico haya producido tanto da\u00f1o, a la vez que digo que hemos capturado y hemos extraditado a los l\u00edderes de estos grupos armados que han cometido asesinatos, lo que demuestra que el peso de la ley siempre caer\u00e1 con fuerza sobre ellos. <\/p>\n<\/div>\n<div dir=\"ltr\" class=\"bbc-19j92fr e57qer20\" readability=\"10\">\n<p dir=\"ltr\" class=\"bbc-bm53ic e1cc2ql70\">Tambi\u00e9n me gustar\u00eda mencionar que m\u00e1s coca es menos paz en Colombia. Por eso hemos hecho este compromiso de detener el crecimiento exponencial de los cultivos de hoja de coca y tambi\u00e9n hemos logrado el desmantelamiento de muchas bandas criminales que producen esa droga y que le hacen mucho da\u00f1o al pa\u00eds.<\/p>\n<\/div>\n<div dir=\"ltr\" class=\"bbc-19j92fr e57qer20\" readability=\"14\">\n<p dir=\"ltr\" class=\"bbc-bm53ic e1cc2ql70\"><b>De alguna manera, esta entrevista sirve como un balance al final de su presidencia y una de las cosas que usted prometi\u00f3 que har\u00eda fue convertirse en el presidente del medio ambiente. Esto lo dijo sabiendo que es el custodio de uno de los pa\u00edses m\u00e1s biodiversos del planeta. Seg\u00fan cifras de 2020, en la mitad de su gobierno, cerca de 171.000 hect\u00e1reas de bosque se hab\u00edan talado, \u00bfc\u00f3mo permiti\u00f3 que pasara? <\/b><\/p>\n<\/div>\n<div dir=\"ltr\" class=\"bbc-19j92fr e57qer20\" readability=\"9\">\n<p dir=\"ltr\" class=\"bbc-bm53ic e1cc2ql70\">Pero de nuevo, hablemos de hechos, no de rumores\u2026 <\/p>\n<\/div>\n<div dir=\"ltr\" class=\"bbc-19j92fr e57qer20\" readability=\"8\">\n<p dir=\"ltr\" class=\"bbc-bm53ic e1cc2ql70\"><b>Si <\/b><b>me permite<\/b><b>, yo estoy hablando con datos. <\/b><\/p>\n<\/div>\n<div dir=\"ltr\" class=\"bbc-19j92fr e57qer20\" readability=\"12\">\n<p dir=\"ltr\" class=\"bbc-bm53ic e1cc2ql70\">Bueno, si me est\u00e1 hablando de datos, d\u00e9jeme decirle que las cifras muestran que, por primera vez en dos d\u00e9cadas, los niveles de deforestaci\u00f3n se han reducido. <\/p>\n<\/div>\n<div dir=\"ltr\" class=\"bbc-19j92fr e57qer20\" readability=\"7\">\n<p dir=\"ltr\" class=\"bbc-bm53ic e1cc2ql70\">Me gustar\u00eda decir que hemos declarado el 30% del territorio nacional como \u00e1rea protegida. <\/p>\n<\/div>\n<div dir=\"ltr\" class=\"bbc-19j92fr e57qer20\" readability=\"13\">\n<p dir=\"ltr\" class=\"bbc-bm53ic e1cc2ql70\">Tambi\u00e9n hemos sido destacados como uno de los pa\u00edses que han tomado el liderazgo en la reducci\u00f3n de las emisiones de di\u00f3xido de carbono. Por eso fuimos felicitados por el gobierno de Reino Unido durante (la cumbre) COP26 que se realiz\u00f3 en Escocia, porque hemos creado un programa, del cual me siento muy orgulloso, que nos permite crear un pago por servicios ambientales\u2026<\/p>\n<\/div>\n<div dir=\"ltr\" class=\"bbc-19j92fr e57qer20\" readability=\"7\">\n<p dir=\"ltr\" class=\"bbc-bm53ic e1cc2ql70\"><b>Pero pudo haber hecho mucho m\u00e1s&#8230; <\/b><\/p>\n<\/div>\n<div dir=\"ltr\" class=\"bbc-19j92fr e57qer20\" readability=\"9\">\n<p dir=\"ltr\" class=\"bbc-bm53ic e1cc2ql70\">Pero d\u00e9jeme terminar una frase. Usted no me deja hablar. Me invita a una entrevista, pero no le gusta que hable de las cosas sobre las que tengo amplia evidencia. <\/p>\n<\/div>\n<div dir=\"ltr\" class=\"bbc-19j92fr e57qer20\" readability=\"10\">\n<p dir=\"ltr\" class=\"bbc-bm53ic e1cc2ql70\">Por ejemplo, quiero resaltar que en Colombia hemos fortalecido las pol\u00edticas ambientales. \u00bfTenemos cero deforestaciones en Colombia? No. Pero estas medidas que hemos tomado ciertamente nos llevar\u00e1n por ese camino. <\/p>\n<\/div>\n<div dir=\"ltr\" class=\"bbc-19j92fr e57qer20\" readability=\"12\">\n<p dir=\"ltr\" class=\"bbc-bm53ic e1cc2ql70\"><b>Uno de los candidatos a reemplazarlo, Gustavo Petro, ha prometido reducir de forma dr\u00e1stica la explotaci\u00f3n de hidrocaburos y eliminar el fracking en Colombia. Usted pudo haber hecho todo eso, \u00bfpor qu\u00e9 no lo hizo? <\/b><\/p>\n<\/div>\n<div dir=\"ltr\" class=\"bbc-19j92fr e57qer20\" readability=\"11\">\n<p dir=\"ltr\" class=\"bbc-bm53ic e1cc2ql70\">Bueno, primero que nada, hay que decir que no hay fracking comercial en Colombia. Lo que hemos hecho son pilotos cient\u00edficos, solo para saber si se puede hacer o no en el pa\u00eds. <\/p>\n<\/div>\n<div dir=\"ltr\" class=\"bbc-19j92fr e57qer20\" readability=\"8\">\n<p dir=\"ltr\" class=\"bbc-bm53ic e1cc2ql70\">Lo segundo es que Colombia produce petr\u00f3leo y eso representa m\u00e1s del 40% de la inversi\u00f3n extranjera directa en el pa\u00eds. Y que el 80% de esas regal\u00edas se reinvierte en los territorios. <\/p>\n<\/div>\n<div dir=\"ltr\" class=\"bbc-19j92fr e57qer20\" readability=\"12\">\n<p dir=\"ltr\" class=\"bbc-bm53ic e1cc2ql70\">Ahora, si Colombia deja de producir petr\u00f3leo, lo que va a ocurrir es que la inflaci\u00f3n va a ser de tres d\u00edgitos muy pronto, pero sobre todo vamos a dejar de recibir todo el ingreso que eso le genera a Colombia. <\/p>\n<\/div>\n<div dir=\"ltr\" class=\"bbc-19j92fr e57qer20\" readability=\"7\">\n<p dir=\"ltr\" class=\"bbc-bm53ic e1cc2ql70\">As\u00ed que me parece un poco ingenuo hacer algo de esa naturaleza. <\/p>\n<\/div>\n<div dir=\"ltr\" class=\"bbc-19j92fr e57qer20\" readability=\"10\">\n<p dir=\"ltr\" class=\"bbc-bm53ic e1cc2ql70\">Ahora, me gustar\u00eda aclarar que Colombia no utiliza el petr\u00f3leo para generar electricidad. Nosotros exportamos m\u00e1s del 50% del petr\u00f3leo que extraemos. Nosotros tenemos una de las producciones de energ\u00eda m\u00e1s limpias. <\/p>\n<\/div>\n<div dir=\"ltr\" class=\"bbc-1ka88fa e57qer20\">\n<figure class=\"bbc-1qdcvv9 e6bmn90\">\n<div dir=\"ltr\" class=\"bbc-172p16q e57qer20\">\n<div dir=\"ltr\" class=\"bbc-189y18v e57qer20\" readability=\"6.5\">\n<div data-e2e=\"image-placeholder\" class=\"bbc-997y1y e1whu0\" readability=\"8\"><noscript><picture class=\"bbc-yfiktt e1enwo3v1\"><source srcset=\"http:\/\/nuevacordoba.net\/wp-content\/uploads\/2022\/05\/ivan-duque-sobre-las-elecciones-en-colombia-si-pudiera-presentarme-estaria-en-la-pelea-y-seria-reelecto-13.webp 240w, http:\/\/nuevacordoba.net\/wp-content\/uploads\/2022\/05\/ivan-duque-sobre-las-elecciones-en-colombia-si-pudiera-presentarme-estaria-en-la-pelea-y-seria-reelecto-14.webp 320w, http:\/\/nuevacordoba.net\/wp-content\/uploads\/2022\/05\/ivan-duque-sobre-las-elecciones-en-colombia-si-pudiera-presentarme-estaria-en-la-pelea-y-seria-reelecto-15.webp 480w, http:\/\/nuevacordoba.net\/wp-content\/uploads\/2022\/05\/ivan-duque-sobre-las-elecciones-en-colombia-si-pudiera-presentarme-estaria-en-la-pelea-y-seria-reelecto-16.webp 624w, http:\/\/nuevacordoba.net\/wp-content\/uploads\/2022\/05\/ivan-duque-sobre-las-elecciones-en-colombia-si-pudiera-presentarme-estaria-en-la-pelea-y-seria-reelecto-17.webp 800w\" type=\"image\/webp\" sizes=\"(min-width: 1008px) 645px, 100vw\"><source srcset=\"https:\/\/ichef.bbci.co.uk\/news\/240\/cpsprodpb\/AAFF\/production\/_124857734_gettyimages-1396738289.jpg 240w, https:\/\/ichef.bbci.co.uk\/news\/320\/cpsprodpb\/AAFF\/production\/_124857734_gettyimages-1396738289.jpg 320w, https:\/\/ichef.bbci.co.uk\/news\/480\/cpsprodpb\/AAFF\/production\/_124857734_gettyimages-1396738289.jpg 480w, https:\/\/ichef.bbci.co.uk\/news\/624\/cpsprodpb\/AAFF\/production\/_124857734_gettyimages-1396738289.jpg 624w, https:\/\/ichef.bbci.co.uk\/news\/800\/cpsprodpb\/AAFF\/production\/_124857734_gettyimages-1396738289.jpg 800w\" type=\"image\/jpeg\" sizes=\"(min-width: 1008px) 645px, 100vw\"><img loading=\"lazy\" src=\"http:\/\/nuevacordoba.net\/wp-content\/uploads\/2022\/05\/ivan-duque-sobre-las-elecciones-en-colombia-si-pudiera-presentarme-estaria-en-la-pelea-y-seria-reelecto-7.jpg\" alt=\"Petro\" width=\"976\" height=\"549\" class=\"eehpdyc0 bbc-rb7xa0 e1enwo3v0\"><\/picture><\/noscript><\/p>\n<p role=\"text\" class=\"bbc-1s1cxbv etq3yw90\"><span class=\"bbc-1gnhmg2 e1yt7oin0\">Fuente de la imagen, <\/span><span lang=\"en-GB\">Gettu<\/span><\/p>\n<\/div>\n<\/div>\n<div dir=\"ltr\" class=\"bbc-3edg7g e57qer20\" readability=\"7.5\"><figcaption dir=\"ltr\" class=\"bbc-rhuvwm eede9f50\" readability=\"5\"><span class=\"bbc-1gnhmg2 e1yt7oin0\">Pie de foto, <\/span><\/p>\n<p>El exalcalde de Bogot\u00e1, Gustavo Petro, aparece liderando las encuestas para la presidencia en Colombia.<\/p>\n<\/figcaption><\/div>\n<\/div>\n<\/figure>\n<\/div>\n<div dir=\"ltr\" class=\"bbc-19j92fr e57qer20\" readability=\"10\">\n<p dir=\"ltr\" class=\"bbc-bm53ic e1cc2ql70\"><b>He mencionado a Gustavo Petro, quien es un candidato de la izquierda y le est\u00e1 yendo bastante bien en las encuestas. Pero parece que usted ha intentado asegurarse de que Gustavo Petro no gane las elecciones. <\/b><\/p>\n<\/div>\n<div dir=\"ltr\" class=\"bbc-19j92fr e57qer20\" readability=\"7\">\n<p dir=\"ltr\" class=\"bbc-bm53ic e1cc2ql70\">No es as\u00ed. Hace cuatro a\u00f1os lo venc\u00ed y ahora es tarea de los otros candidatos debatir sus ideas. <\/p>\n<\/div>\n<div dir=\"ltr\" class=\"bbc-19j92fr e57qer20\" readability=\"12\">\n<p dir=\"ltr\" class=\"bbc-bm53ic e1cc2ql70\"><b>Pero hay reglas muy claras en su pa\u00eds de que el presidente no puede involucrarse en temas electorales y usted tiene una demanda del Instituto Anticorrupci\u00f3n, donde se se\u00f1ala que usted ha intentado, de forma ilegal, influenciar estas elecciones. <\/b><\/p>\n<\/div>\n<div dir=\"ltr\" class=\"bbc-19j92fr e57qer20\" readability=\"10\">\n<p dir=\"ltr\" class=\"bbc-bm53ic e1cc2ql70\">A m\u00ed me preguntan a diario sobre temas de pol\u00edtica, pero yo no menciono a los candidatos. Donde hay un debate pol\u00edtico, yo doy mis opiniones y a muchas personas eso no les gusta. <\/p>\n<\/div>\n<div dir=\"ltr\" class=\"bbc-19j92fr e57qer20\" readability=\"12\">\n<p dir=\"ltr\" class=\"bbc-bm53ic e1cc2ql70\">Y cuando yo se\u00f1alo que los principales desaf\u00edos que tienen las democracias modernas son la polarizaci\u00f3n, el adornar o disfrazar la verdad y el populismo, muchos candidatos interpretan que me estoy refiriendo a ellos, se sienten aludidos por estas palabras. Ese es el problema. <\/p>\n<\/div>\n<div dir=\"ltr\" class=\"bbc-19j92fr e57qer20\" readability=\"7\">\n<p dir=\"ltr\" class=\"bbc-bm53ic e1cc2ql70\">Pero soy claro en que no menciono a ning\u00fan candidato. <\/p>\n<\/div>\n<div dir=\"ltr\" class=\"bbc-19j92fr e57qer20\" readability=\"12\">\n<p dir=\"ltr\" class=\"bbc-bm53ic e1cc2ql70\"><b>No es solamente en los debates pol\u00edticos, es tambi\u00e9n por la aprobaci\u00f3n de una ley que permiti\u00f3 que mucho dinero p\u00fablico pudiera ser utilizado por los municipios y contratistas privados durante esta \u00e9poca electoral. En t\u00e9rminos de contratos con el Estado, esto socav\u00f3 la llamada <\/b><b>L<\/b><b>ey de garant\u00edas que hay en su pa\u00eds. <\/b><\/p>\n<\/div>\n<div dir=\"ltr\" class=\"bbc-19j92fr e57qer20\" readability=\"11\">\n<p dir=\"ltr\" class=\"bbc-bm53ic e1cc2ql70\"><b>Y ahora, la Corte Constitucional, la m\u00e1s alta corte que hay en Colombia, se\u00f1al\u00f3 que eso que hab\u00eda hecho era ilegal. <\/b><\/p>\n<\/div>\n<div dir=\"ltr\" class=\"bbc-19j92fr e57qer20\" readability=\"10\">\n<p dir=\"ltr\" class=\"bbc-bm53ic e1cc2ql70\">No, la Corte no dijo que yo hab\u00eda hecho algo ilegal, porque yo no fui quien aprob\u00f3 esa ley. Eso lo hizo el Congreso con una amplia mayor\u00eda. <\/p>\n<\/div>\n<div dir=\"ltr\" class=\"bbc-19j92fr e57qer20\">\n<p dir=\"ltr\" class=\"bbc-bm53ic e1cc2ql70\"><b>\u00bfPero usted la firm\u00f3? <\/b><\/p>\n<\/div>\n<div dir=\"ltr\" class=\"bbc-19j92fr e57qer20\" readability=\"8\">\n<p dir=\"ltr\" class=\"bbc-bm53ic e1cc2ql70\">S\u00ed, porque era un proceso&#8230; <\/p>\n<\/div>\n<div dir=\"ltr\" class=\"bbc-19j92fr e57qer20\" readability=\"7\">\n<p dir=\"ltr\" class=\"bbc-bm53ic e1cc2ql70\"><b>Pero fue un error enorme&#8230; <\/b><\/p>\n<\/div>\n<div dir=\"ltr\" class=\"bbc-19j92fr e57qer20\" readability=\"12\">\n<p dir=\"ltr\" class=\"bbc-bm53ic e1cc2ql70\">No fue un error. Y no lo fue porque era parte de un proceso que le iba a permitir a las comunidades de menores recursos, a las que nos hemos referido ampliamente en esta entrevista, recibir importantes inversiones en temas de acueducto, saneamiento y electricidad.<\/p>\n<\/div>\n<div dir=\"ltr\" class=\"bbc-19j92fr e57qer20\" readability=\"10\">\n<p dir=\"ltr\" class=\"bbc-bm53ic e1cc2ql70\">Y si usted lee lo que la Corte dijo, todas las inversiones en acueducto, electricidad y acceso a los servicios p\u00fablicos no se ver\u00e1n afectadas por esta decisi\u00f3n. <\/p>\n<\/div>\n<div dir=\"ltr\" class=\"bbc-19j92fr e57qer20\" readability=\"10\">\n<p dir=\"ltr\" class=\"bbc-bm53ic e1cc2ql70\">Lo cierto es que la decisi\u00f3n de la Corte afecta solo a una m\u00ednima parte de los proyectos que fueron aprobados, porque estos proyectos tienen como objetivo reducir la pobreza y beneficiar a muchas personas que lo necesitan. <\/p>\n<\/div>\n<div dir=\"ltr\" class=\"bbc-19j92fr e57qer20\">\n<div id=\"include-3\" class=\"bbc-1npwuzj e1vg4u840\">\n<div data-uuid=\"7da3b72a-02f0-45da-a9a1-72e53c188c4c\" class=\"sc-bdVaJa rPqeC\" readability=\"6\">\n<div data-graphicpic=\"true\" class=\"sc-htpNat kUePcj\"><img src=\"http:\/\/nuevacordoba.net\/wp-content\/uploads\/2022\/05\/ivan-duque-sobre-las-elecciones-en-colombia-si-pudiera-presentarme-estaria-en-la-pelea-y-seria-reelecto-8.jpg\" alt class=\"sc-bwzfXH ceEsoP\"><\/p>\n<p>BBC<\/p>\n<\/div>\n<blockquote dir=\"ltr\" class=\"sc-gzVnrw blLFIH\" readability=\"5\"><p><svg width=\"30\" height=\"25\" aria-label=\"Quote\" class=\"sc-htoDjs kGbKV\"><g fill=\"#C9A975\" fill-rule=\"evenodd\" transform=\"rotate(0 15 12)\"><path d=\"M0 15.614c0-4.538 1.106-8.074 3.319-10.61C5.53 2.47 8.697.801 12.817 0v4.626c-3.143.89-5.234 2.55-6.271 4.983-.58 1.304-.809 2.535-.687 3.692H13V25H0v-9.386zM17 15.614c0-4.538 1.106-8.074 3.319-10.61C22.53 2.47 25.697.801 29.817 0v4.626c-3.143.89-5.234 2.55-6.271 4.983-.58 1.304-.809 2.535-.687 3.692H30V25H17v-9.386z\" \/><\/g><\/svg><\/p>\n<p>A m\u00ed nadie me tiene en su bolsillo\u00bb<\/p>\n<p><svg width=\"43\" height=\"3\" viewBox=\"0 0 43 3\" class=\"sc-iwsKbI jiPRqw\"><path d=\"M1.5 1.5h40\" stroke=\"#C9A975\" stroke-width=\"3\" fill=\"none\" fill-rule=\"evenodd\" stroke-linecap=\"square\" \/><\/svg><\/p>\n<footer class=\"sc-gZMcBi YvzhO\"><cite class=\"sc-gqjmRU dltIJY\"><strong><\/strong><br \/><\/cite><\/footer>\n<\/blockquote>\n<\/div>\n<\/div>\n<\/div>\n<div dir=\"ltr\" class=\"bbc-19j92fr e57qer20\" readability=\"9\">\n<p dir=\"ltr\" class=\"bbc-bm53ic e1cc2ql70\"><b>Sin embargo, se van a devolver cientos de millones de d\u00f3lares porque este alto tribunal ha revocado su decisi\u00f3n de permitir que se transfiera ese dinero. <\/b><\/p>\n<\/div>\n<div dir=\"ltr\" class=\"bbc-19j92fr e57qer20\" readability=\"13\">\n<p dir=\"ltr\" class=\"bbc-bm53ic e1cc2ql70\">Eso es algo que debe confirmar con su equipo, porque cuando se lee lo que la Corte dijo es que todas las inversiones en acueducto, saneamiento, energ\u00eda y acceso a la salud y la educaci\u00f3n no van a ser devueltas porque la Corte cree que esos mecanismos le permitir\u00e1n a esas comunidades tener recursos para llevar a cabo los objetivos que est\u00e1n escritos en la propia Constituci\u00f3n colombiana. <\/p>\n<\/div>\n<div dir=\"ltr\" class=\"bbc-19j92fr e57qer20\" readability=\"9\">\n<p dir=\"ltr\" class=\"bbc-bm53ic e1cc2ql70\"><b>Una pregunta final: muchos colombianos piensan que esta es una elecci\u00f3n que va a cambiar al pa\u00eds, porque usted representa a parte de la \u00e9lite que ha gobernado Colombia durante dos siglos. <\/b><\/p>\n<\/div>\n<div dir=\"ltr\" class=\"bbc-19j92fr e57qer20\" readability=\"10\">\n<p dir=\"ltr\" class=\"bbc-bm53ic e1cc2ql70\"><b>Petro, un exguerrillero y representante de la izquierda, no hace parte de esa \u00e9lite y eso podr\u00eda ser un cambio revolucionario en Colombia. \u00bfNo cree que eso pod\u00eda ser bueno para su pa\u00eds? <\/b><\/p>\n<\/div>\n<div dir=\"ltr\" class=\"bbc-19j92fr e57qer20\" readability=\"9\">\n<p dir=\"ltr\" class=\"bbc-bm53ic e1cc2ql70\">No represento a ninguna \u00e9lite en absoluto. Vengo de una familia de ingresos medios. Mi padre fue la primera persona en su familia en ir la universidad. Y represent\u00e9 tambi\u00e9n a una generaci\u00f3n que quer\u00eda poner muchas cosas en su lugar y lo hemos hecho. <\/p>\n<\/div>\n<div dir=\"ltr\" class=\"bbc-19j92fr e57qer20\" readability=\"14\">\n<p dir=\"ltr\" class=\"bbc-bm53ic e1cc2ql70\">Por ejemplo, cuando se analizan los hechos, podemos ver un mayor crecimiento, hemos logrado reducir la pobreza multidimensional, reducir la informalidad laboral, hemos puesto en el pa\u00eds una agenda m\u00e1s verde y abierto el camino hacia una transici\u00f3n energ\u00e9tica.<\/p>\n<\/div>\n<div dir=\"ltr\" class=\"bbc-19j92fr e57qer20\" readability=\"8\">\n<p dir=\"ltr\" class=\"bbc-bm53ic e1cc2ql70\">Hemos instalado una cuarta revoluci\u00f3n industrial donde Colombia est\u00e1 capturando inversi\u00f3n extranjera directa de todo el mundo en temas de tecnolog\u00eda. <\/p>\n<\/div>\n<div dir=\"ltr\" class=\"bbc-19j92fr e57qer20\" readability=\"11\">\n<p dir=\"ltr\" class=\"bbc-bm53ic e1cc2ql70\">Y muchas de estas cosas las hicimos, las cumplimos, pero tuvimos que enfrentar una pandemia. Y aun con la pandemia, hemos dejado al pa\u00eds con una econom\u00eda en crecimiento y con grandes perspectivas. <\/p>\n<\/div>\n<div dir=\"ltr\" class=\"bbc-1ka88fa e57qer20\">\n<figure class=\"bbc-1qdcvv9 e6bmn90\">\n<div dir=\"ltr\" class=\"bbc-172p16q e57qer20\">\n<div dir=\"ltr\" class=\"bbc-189y18v e57qer20\" readability=\"6.5\">\n<div data-e2e=\"image-placeholder\" class=\"bbc-997y1y e1whu0\" readability=\"8\"><noscript><picture class=\"bbc-yfiktt e1enwo3v1\"><source srcset=\"http:\/\/nuevacordoba.net\/wp-content\/uploads\/2022\/05\/ivan-duque-sobre-las-elecciones-en-colombia-si-pudiera-presentarme-estaria-en-la-pelea-y-seria-reelecto.png 240w, http:\/\/nuevacordoba.net\/wp-content\/uploads\/2022\/05\/ivan-duque-sobre-las-elecciones-en-colombia-si-pudiera-presentarme-estaria-en-la-pelea-y-seria-reelecto-18.webp 320w, http:\/\/nuevacordoba.net\/wp-content\/uploads\/2022\/05\/ivan-duque-sobre-las-elecciones-en-colombia-si-pudiera-presentarme-estaria-en-la-pelea-y-seria-reelecto-19.webp 480w, http:\/\/nuevacordoba.net\/wp-content\/uploads\/2022\/05\/ivan-duque-sobre-las-elecciones-en-colombia-si-pudiera-presentarme-estaria-en-la-pelea-y-seria-reelecto-20.webp 624w, http:\/\/nuevacordoba.net\/wp-content\/uploads\/2022\/05\/ivan-duque-sobre-las-elecciones-en-colombia-si-pudiera-presentarme-estaria-en-la-pelea-y-seria-reelecto-9.jpg.webp 640w\" type=\"image\/webp\" sizes=\"(min-width: 1008px) 645px, 100vw\"><source srcset=\"https:\/\/ichef.bbci.co.uk\/news\/240\/cpsprodpb\/0377\/production\/_121078800_d0a496d2-1be5-4165-a4bb-4e3f02da6936.png 240w, https:\/\/ichef.bbci.co.uk\/news\/320\/cpsprodpb\/0377\/production\/_121078800_d0a496d2-1be5-4165-a4bb-4e3f02da6936.png 320w, https:\/\/ichef.bbci.co.uk\/news\/480\/cpsprodpb\/0377\/production\/_121078800_d0a496d2-1be5-4165-a4bb-4e3f02da6936.png 480w, https:\/\/ichef.bbci.co.uk\/news\/624\/cpsprodpb\/0377\/production\/_121078800_d0a496d2-1be5-4165-a4bb-4e3f02da6936.png 624w, http:\/\/nuevacordoba.net\/wp-content\/uploads\/2022\/05\/ivan-duque-sobre-las-elecciones-en-colombia-si-pudiera-presentarme-estaria-en-la-pelea-y-seria-reelecto-9.jpg 640w\" type=\"image\/png\" sizes=\"(min-width: 1008px) 645px, 100vw\"><img loading=\"lazy\" src=\"http:\/\/nuevacordoba.net\/wp-content\/uploads\/2022\/05\/ivan-duque-sobre-las-elecciones-en-colombia-si-pudiera-presentarme-estaria-en-la-pelea-y-seria-reelecto-9.jpg\" alt=\"Presentational grey line\" width=\"640\" height=\"2\" class=\"eehpdyc0 bbc-rb7xa0 e1enwo3v0\"><\/picture><\/noscript><\/p>\n<p role=\"text\" class=\"bbc-1s1cxbv etq3yw90\"><span class=\"bbc-1gnhmg2 e1yt7oin0\">Fuente de la imagen, <\/span><span lang=\"en-GB\">Getty Images<\/span><\/p>\n<\/div>\n<\/div>\n<\/div>\n<\/figure>\n<\/div>\n<div dir=\"ltr\" class=\"bbc-19j92fr e57qer20\" readability=\"8\">\n<p dir=\"ltr\" class=\"bbc-bm53ic e1cc2ql70\"><i class=\"bbc-h1y5j7 ewc4zcb0\">Recuerda que<\/i><i class=\"bbc-h1y5j7 ewc4zcb0\"> puedes recibir notificaciones de BBC Mundo. Descarga la nueva versi\u00f3n de nuestra app y act\u00edvalas para no perderte nuestro mejor contenido.<\/i><\/p>\n<\/div>\n","protected":false},"excerpt":{"rendered":"<p>Redacci\u00f3n BBC News Mundo 7 horas Pie de foto, El presidente de Colombia, Iv\u00e1n Duque, en entrevista con el programa en ingl\u00e9s Hard Talk de la BBC. El presidente de Colombia, Iv\u00e1n Duque, est\u00e1 a menos de tres meses de entregar su mandato al ganador de las elecciones presidenciales del 29 de mayo. Pero asegura [&hellip;]<\/p>\n","protected":false},"author":1,"featured_media":20022,"comment_status":"closed","ping_status":"closed","sticky":false,"template":"","format":"standard","meta":[],"categories":[13],"tags":[],"_links":{"self":[{"href":"http:\/\/nuevacordoba.net\/index.php\/wp-json\/wp\/v2\/posts\/20021"}],"collection":[{"href":"http:\/\/nuevacordoba.net\/index.php\/wp-json\/wp\/v2\/posts"}],"about":[{"href":"http:\/\/nuevacordoba.net\/index.php\/wp-json\/wp\/v2\/types\/post"}],"author":[{"embeddable":true,"href":"http:\/\/nuevacordoba.net\/index.php\/wp-json\/wp\/v2\/users\/1"}],"replies":[{"embeddable":true,"href":"http:\/\/nuevacordoba.net\/index.php\/wp-json\/wp\/v2\/comments?post=20021"}],"version-history":[{"count":0,"href":"http:\/\/nuevacordoba.net\/index.php\/wp-json\/wp\/v2\/posts\/20021\/revisions"}],"wp:featuredmedia":[{"embeddable":true,"href":"http:\/\/nuevacordoba.net\/index.php\/wp-json\/wp\/v2\/media\/20022"}],"wp:attachment":[{"href":"http:\/\/nuevacordoba.net\/index.php\/wp-json\/wp\/v2\/media?parent=20021"}],"wp:term":[{"taxonomy":"category","embeddable":true,"href":"http:\/\/nuevacordoba.net\/index.php\/wp-json\/wp\/v2\/categories?post=20021"},{"taxonomy":"post_tag","embeddable":true,"href":"http:\/\/nuevacordoba.net\/index.php\/wp-json\/wp\/v2\/tags?post=20021"}],"curies":[{"name":"wp","href":"https:\/\/api.w.org\/{rel}","templated":true}]}}