{"id":20023,"date":"2022-05-23T16:12:18","date_gmt":"2022-05-23T16:12:18","guid":{"rendered":"https:\/\/puntoapunto.com.ar\/?p=333648"},"modified":"2022-05-23T16:12:18","modified_gmt":"2022-05-23T16:12:18","slug":"amparo-por-retenciones-que-pasara-tras-el-pedido-de-la-causa-de-un-juez-de-caba","status":"publish","type":"post","link":"http:\/\/nuevacordoba.net\/index.php\/2022\/05\/23\/amparo-por-retenciones-que-pasara-tras-el-pedido-de-la-causa-de-un-juez-de-caba\/","title":{"rendered":"Amparo por retenciones: qu\u00e9 pasar\u00e1 tras el pedido de la causa de un juez de CABA"},"content":{"rendered":"<div><img src=\"http:\/\/nuevacordoba.net\/wp-content\/uploads\/2022\/05\/amparo-por-retenciones-que-pasara-tras-el-pedido-de-la-causa-de-un-juez-de-caba.jpg\" class=\"ff-og-image-inserted\"><\/div>\n<p><strong>Antecedente adverso.<\/strong>&nbsp;Sin embargo, hay una posici\u00f3n inversa: una causa donde la Corte Suprema fij\u00f3 su posici\u00f3n en las discusiones entre jueces federales de todo el pa\u00eds y el fuero Contencioso Administrativo de Capital Federal. Fue en el amparo \u2018Cepis\u2019, con el que el Centro de Estudios para la Promoci\u00f3n de la Igualdad y la Solidaridad logr\u00f3 que el m\u00e1ximo tribunal del pa\u00eds anulara los aumentos del gas a los usuarios residenciales. El planteo hab\u00eda sido formulado ante un Juzgado Federal de La Plata y fue reclamado por un tribunal Contencioso Administrativo de la ciudad de Buenos Aires. Cepis llev\u00f3 la discusi\u00f3n de la competencia a la Corte que, con voto un\u00e1nime, ratific\u00f3 la que los jueces federales con asiento en las provincias pueden tramitar este tipo de casos y reivindic\u00f3 la organizaci\u00f3n federal de Argentina.<\/p>\n<p><strong>Qui\u00e9n resolver\u00e1.<\/strong>&nbsp;Se espera que la pr\u00f3xima semana Bustos Fierro se expida sobre el pedido de su colega porte\u00f1o. Si lo rechaza, el incidente ser\u00e1 dirimido por la&nbsp;<strong>C\u00e1mara Federal Contencioso Administrativa de Caba.<\/strong>&nbsp;En tanto,&nbsp;<strong>se suspende el tr\u00e1mite de la causa.<\/strong><\/p>\n<p>Mientras se desarrolla esta discusi\u00f3n en terreno judicial, hacia donde la llev\u00f3 la Sociedad Rural, el presidente Alberto Fern\u00e1ndez volvi\u00f3 a hablar de las retenciones el viernes \u00faltimo. Justific\u00f3 su aplicaci\u00f3n en la necesidad de desacoplar los precios internos de los alimentos, de los internacionales. \u201cPero son un tema legislativo y necesito que el Congreso lo entienda\u201d, a\u00f1adi\u00f3.<\/p>\n<p><strong>UNA TRADICI\u00d3N DE RETENER CAUSAS<\/strong><\/p>\n<p>Bustos Fierro no suele inhibirse en las causas, salvo excepciones.<\/p>\n<p>En los \u00faltimos a\u00f1os, un caso resonante fue el del empresario Euclides Bugliotti, en la investigaci\u00f3n de la financiera ilegal CBI Cordubensis, cuando resisti\u00f3 hasta que la C\u00e1mara Federal deriv\u00f3 la investigaci\u00f3n al Juzgado Federal N\u00b03.<\/p>\n<p>Otro expediente donde se pidi\u00f3 su apartamiento y \u00e9l se neg\u00f3 es la causa Cotreco, contra empresarios del servicio de recolecci\u00f3n de residuos.<\/p>\n<p>Una excepci\u00f3n ocurri\u00f3 en la causa Lafuente Sivilotti, cuando plante\u00f3 su inhibici\u00f3n por \u201cdecoro\u201d pero la C\u00e1mara la rechaz\u00f3. Fue el incidente que gener\u00f3 un esc\u00e1ndalo de proporciones en los tribunales federales locales porque quien resolvi\u00f3, el camarista Ignacio V\u00e9lez Funes, termin\u00f3 imputado \u2013ya fue sobrese\u00eddo en primera y segunda instancia\u2013 por violaci\u00f3n de secreto. En el expediente Lafuente Sivilotti, Bustos Fierro aleg\u00f3 su apartamiento porque una de las personas sospechosas era sobrino.<\/p>\n<p>Compar\u00e1ndolo con aquella actitud, la situaci\u00f3n en el amparo por las retenciones agropecuarias puede interpretarse como la doble vara de Bustos Fierro. Seg\u00fan fue publicado, Manuel Bustos Fierro \u2013hijo del magistrado\u2013 es&nbsp;<strong>socio y administrador general de La Pelusa SAS<\/strong>. Entre sus actividades declaradas figura la explotaci\u00f3n de establecimientos rurales, ganaderos, agr\u00edcolas, etc.<\/p>\n<p>A la vez, Bustos Fierro (h) registra en Afip actividades referidas al cultivo de soja, ma\u00edz, trigo y cereales en general.<\/p>\n<p>El C\u00f3digo de Procedimientos Civil y Comercial de la Naci\u00f3n fija en el art\u00edculo 17 las causales de recusaci\u00f3n de un magistrado. En el inciso 2 advierte: \u201cTener el juez o sus consangu\u00edneos o afines dentro del grado expresado en el inciso anterior (cuarto grado) inter\u00e9s en el pleito\u2026\u201d Ni sobre este tema, ni sobre el pedido del juez Regueira, Bustos Fierro se ha manifestado.<\/p>\n","protected":false},"excerpt":{"rendered":"<p>Antecedente adverso.&nbsp;Sin embargo, hay una posici\u00f3n inversa: una causa donde la Corte Suprema fij\u00f3 su posici\u00f3n en las discusiones entre jueces federales de todo el pa\u00eds y el fuero Contencioso Administrativo de Capital Federal. Fue en el amparo \u2018Cepis\u2019, con el que el Centro de Estudios para la Promoci\u00f3n de la Igualdad y la Solidaridad [&hellip;]<\/p>\n","protected":false},"author":1,"featured_media":20024,"comment_status":"open","ping_status":"closed","sticky":false,"template":"","format":"standard","meta":[],"categories":[12,14],"tags":[],"_links":{"self":[{"href":"http:\/\/nuevacordoba.net\/index.php\/wp-json\/wp\/v2\/posts\/20023"}],"collection":[{"href":"http:\/\/nuevacordoba.net\/index.php\/wp-json\/wp\/v2\/posts"}],"about":[{"href":"http:\/\/nuevacordoba.net\/index.php\/wp-json\/wp\/v2\/types\/post"}],"author":[{"embeddable":true,"href":"http:\/\/nuevacordoba.net\/index.php\/wp-json\/wp\/v2\/users\/1"}],"replies":[{"embeddable":true,"href":"http:\/\/nuevacordoba.net\/index.php\/wp-json\/wp\/v2\/comments?post=20023"}],"version-history":[{"count":0,"href":"http:\/\/nuevacordoba.net\/index.php\/wp-json\/wp\/v2\/posts\/20023\/revisions"}],"wp:featuredmedia":[{"embeddable":true,"href":"http:\/\/nuevacordoba.net\/index.php\/wp-json\/wp\/v2\/media\/20024"}],"wp:attachment":[{"href":"http:\/\/nuevacordoba.net\/index.php\/wp-json\/wp\/v2\/media?parent=20023"}],"wp:term":[{"taxonomy":"category","embeddable":true,"href":"http:\/\/nuevacordoba.net\/index.php\/wp-json\/wp\/v2\/categories?post=20023"},{"taxonomy":"post_tag","embeddable":true,"href":"http:\/\/nuevacordoba.net\/index.php\/wp-json\/wp\/v2\/tags?post=20023"}],"curies":[{"name":"wp","href":"https:\/\/api.w.org\/{rel}","templated":true}]}}