{"id":20041,"date":"2022-05-23T20:27:04","date_gmt":"2022-05-23T20:27:04","guid":{"rendered":"https:\/\/www.ole.com.ar\/autos\/vettel-patin-electrico-ladrones_0_SR6im9pSFr.html"},"modified":"2022-05-23T20:27:04","modified_gmt":"2022-05-23T20:27:04","slug":"vettel-persiguio-a-ladrones-en-un-patin-electrico","status":"publish","type":"post","link":"http:\/\/nuevacordoba.net\/index.php\/2022\/05\/23\/vettel-persiguio-a-ladrones-en-un-patin-electrico\/","title":{"rendered":"Vettel persigui\u00f3 a ladrones en un pat\u00edn el\u00e9ctrico"},"content":{"rendered":"<p><strong>Al piloto Sebastian Vettel le robaron este lunes a las 8.15 en el centro de Barcelona<\/strong>. \u00bfQu\u00e9 pas\u00f3? Se baj\u00f3 de un Aston Martin frente a un hotel y ah\u00ed fue cuando unos ladrones, aprovechando que hab\u00eda una puerta abierta,<strong> le hurtaron una mochila que conten\u00eda pasaportes, documentos y tarjetas de cr\u00e9dito.<\/strong><\/p>\n<p>El alem\u00e1n no advirti\u00f3 el episodio de inmediato. Los ladrones huyeron, pero<strong>&nbsp;Vettel los sigui\u00f3 en un pat\u00edn el\u00e9ctrico gracias al GPS que ten\u00edan unos airpods que estaban en la mochila<\/strong>. El cuatro veces campe\u00f3n de F1 ve\u00eda reflejado en su tel\u00e9fono m\u00f3vil Iphone d\u00f3nde estaban los auriculares.<\/p>\n<div class=\"sp__Normal\">\n<div class=\"image-embeb image-trigger\" readability=\"6\">\n<picture><source media=\"(min-width: 720px)\" srcset=\"http:\/\/nuevacordoba.net\/wp-content\/uploads\/2022\/05\/vettel-persiguio-a-ladrones-en-un-patin-electrico.jpg\"><img itemprop=\"image\" src=\"http:\/\/nuevacordoba.net\/wp-content\/uploads\/2022\/05\/vettel-persiguio-a-ladrones-en-un-patin-electrico.jpg\" loading=\"lazy\" alt=\"Vettel en el circuito de Catalu\u00f1a.\">\n<\/picture><figcaption readability=\"2\">\n<p>Vettel en el circuito de Catalu\u00f1a.\n<\/p>\n<\/figcaption><\/div>\n<\/div>\n<p>Seg\u00fan inform\u00f3 la prensa catalana, el piloto se puso en contacto con los Mossos d&#8217;Esquadra (polic\u00eda de Barcelona), quienes instaron al germano a detener la persecuci\u00f3n y realizar una denuncia en una comisar\u00eda. Pero Vettel continu\u00f3 con su b\u00fasqueda con el argumento de que no segu\u00eda a los delincuentes, sino la posici\u00f3n&nbsp;de sus auriculares.<\/p>\n<div class=\"sp__SM\">\n<div class=\"content-new \">\n<span class=\"tit-mobile\">Mir\u00e1 tambi\u00e9n<\/span><\/p>\n<div class=\"mg\">\n<div class=\"wrap-figure\">\n<picture>\n<a href=\"https:\/\/www.ole.com.ar\/autos\/leclerc-verstappen-perez-ferrari_0_UvieV4ntNw.html\" target=\"_self\" rel=\"noopener\"><br \/>\n<img class=\"img-responsive\" alt=\"Abandon\u00f3 Leclerc y festej\u00f3 Verstappen\" src=\"http:\/\/nuevacordoba.net\/wp-content\/uploads\/2022\/05\/vettel-persiguio-a-ladrones-en-un-patin-electrico-1.jpg\" loading=\"lazy\"><br \/>\n<\/a>\n<\/picture>\n<\/div>\n<\/div><\/div>\n<\/div>\n<div class=\"sp__SM\">\n<div class=\"content-new \">\n<span class=\"tit-mobile\">Mir\u00e1 tambi\u00e9n<\/span><\/p>\n<div class=\"mg\">\n<div class=\"wrap-figure\">\n<picture>\n<a href=\"https:\/\/www.ole.com.ar\/autos\/kun-aguero-formula-1_0_dNiMQh85k3.html\" target=\"_self\" rel=\"noopener\"><br \/>\n<img class=\"img-responsive\" alt=\"El Kun en la F\u00f3rmula 1: &quot;Le est\u00e1s poniendo mal la rueda, capo&quot;\" src=\"http:\/\/nuevacordoba.net\/wp-content\/uploads\/2022\/05\/vettel-persiguio-a-ladrones-en-un-patin-electrico-2.jpg\" loading=\"lazy\"><br \/>\n<\/a>\n<\/picture>\n<\/div>\n<\/div><\/div>\n<\/div>\n<p> El GPS lo llev\u00f3 hasta una mercer\u00eda del barrio de la Barceloneta. All\u00ed encontr\u00f3&nbsp;los auriculares dentro de un jarr\u00f3n con flores pegado a una ventana del comercio. Pero la mochila no apareci\u00f3.&nbsp;<\/p>\n<p>Si bien Vettel nunca vio a los delincuentes, el hotel tiene c\u00e1maras de seguridad que pueden facilitar la identificaci\u00f3n de ellos. Y la polic\u00eda est\u00e1 en la b\u00fasqueda.<\/p>\n<p>Una de las cosas que ahora le falta a Vettel es el carnet de conducir&#8230;<\/p>\n<div class=\"sp__Normal\">\n<div class=\"image-embeb image-trigger\" readability=\"6\">\n<picture><source media=\"(min-width: 720px)\" srcset=\"http:\/\/nuevacordoba.net\/wp-content\/uploads\/2022\/05\/vettel-persiguio-a-ladrones-en-un-patin-electrico-3.jpg\"><img itemprop=\"image\" src=\"http:\/\/nuevacordoba.net\/wp-content\/uploads\/2022\/05\/vettel-persiguio-a-ladrones-en-un-patin-electrico-3.jpg\" loading=\"lazy\" alt=\"Vetten el Catalu\u00f1a; termin\u00f3 11.\">\n<\/picture><figcaption readability=\"2\">\n<p>Vetten el Catalu\u00f1a; termin\u00f3 11.\n<\/p>\n<\/figcaption><\/div>\n<\/div>\n<div class=\"entry-tags\">\n<h2>TEMAS QUE APARECEN EN ESTA NOTA<\/h2>\n<\/p><\/div>\n","protected":false},"excerpt":{"rendered":"<p>Al piloto Sebastian Vettel le robaron este lunes a las 8.15 en el centro de Barcelona. \u00bfQu\u00e9 pas\u00f3? Se baj\u00f3 de un Aston Martin frente a un hotel y ah\u00ed fue cuando unos ladrones, aprovechando que hab\u00eda una puerta abierta, le hurtaron una mochila que conten\u00eda pasaportes, documentos y tarjetas de cr\u00e9dito. El alem\u00e1n no [&hellip;]<\/p>\n","protected":false},"author":1,"featured_media":20042,"comment_status":"closed","ping_status":"closed","sticky":false,"template":"","format":"standard","meta":[],"categories":[10],"tags":[],"_links":{"self":[{"href":"http:\/\/nuevacordoba.net\/index.php\/wp-json\/wp\/v2\/posts\/20041"}],"collection":[{"href":"http:\/\/nuevacordoba.net\/index.php\/wp-json\/wp\/v2\/posts"}],"about":[{"href":"http:\/\/nuevacordoba.net\/index.php\/wp-json\/wp\/v2\/types\/post"}],"author":[{"embeddable":true,"href":"http:\/\/nuevacordoba.net\/index.php\/wp-json\/wp\/v2\/users\/1"}],"replies":[{"embeddable":true,"href":"http:\/\/nuevacordoba.net\/index.php\/wp-json\/wp\/v2\/comments?post=20041"}],"version-history":[{"count":0,"href":"http:\/\/nuevacordoba.net\/index.php\/wp-json\/wp\/v2\/posts\/20041\/revisions"}],"wp:featuredmedia":[{"embeddable":true,"href":"http:\/\/nuevacordoba.net\/index.php\/wp-json\/wp\/v2\/media\/20042"}],"wp:attachment":[{"href":"http:\/\/nuevacordoba.net\/index.php\/wp-json\/wp\/v2\/media?parent=20041"}],"wp:term":[{"taxonomy":"category","embeddable":true,"href":"http:\/\/nuevacordoba.net\/index.php\/wp-json\/wp\/v2\/categories?post=20041"},{"taxonomy":"post_tag","embeddable":true,"href":"http:\/\/nuevacordoba.net\/index.php\/wp-json\/wp\/v2\/tags?post=20041"}],"curies":[{"name":"wp","href":"https:\/\/api.w.org\/{rel}","templated":true}]}}