{"id":20043,"date":"2022-05-24T00:52:04","date_gmt":"2022-05-24T00:52:04","guid":{"rendered":"https:\/\/www.ole.com.ar\/futbol-ascenso\/p-nacional-brown-pm-perafan-refuerzo_0_CmXlM7mu2y.html"},"modified":"2022-05-24T00:52:04","modified_gmt":"2022-05-24T00:52:04","slug":"proteccion-para-el-arco-de-brown","status":"publish","type":"post","link":"http:\/\/nuevacordoba.net\/index.php\/2022\/05\/24\/proteccion-para-el-arco-de-brown\/","title":{"rendered":"Protecci\u00f3n para el arco de Brown"},"content":{"rendered":"<p>A principio de a\u00f1o, Brown de Puerto Madryn se reforz\u00f3 para pelear por el ascenso pero hasta el momento al equipo de Andr\u00e9s Yllana no le fue de la mejor forma porque se ubica en el \u00faltimo puesto de la clasificaci\u00f3n al Reducido y viene de forma irregular.<\/p>\n<div class=\"sp__SM\">\n<div class=\"content-new \">\n<span class=\"tit-mobile\">Mir\u00e1 tambi\u00e9n<\/span><\/p>\n<div class=\"mg\">\n<div class=\"wrap-figure\">\n<picture>\n<a href=\"https:\/\/www.ole.com.ar\/futbol-ascenso\/p-nacional-quilmes_0_gbKnxOxTkL.html\" target=\"_self\" rel=\"noopener\"><br \/>\n<img class=\"img-responsive\" alt=\"El refuerzo top que est\u00e1 por cerrar Quilmes\" src=\"http:\/\/nuevacordoba.net\/wp-content\/uploads\/2022\/05\/proteccion-para-el-arco-de-brown.jpg\" loading=\"lazy\"><br \/>\n<\/a>\n<\/picture>\n<\/div>\n<\/div><\/div>\n<\/div>\n<p>En b\u00fasqueda de mejorar su performance en la Primera Nacional, se refuerza con un arquero de una gran experiencia en el Ascenso, con paso en clubes como V\u00e9lez, Uni\u00f3n de Santa Fe y Defensa y Justicia: Se trata de Mart\u00edn Peraf\u00e1n que llega en condici\u00f3n de pr\u00e9stamo desde Quilmes, club en donde lleg\u00f3 para esta temporada pero solo disput\u00f3 ocho partidos y recibi\u00f3 nueve goles.<\/p>\n<div class=\"sp__Normal\">\n<div class=\"image-embeb image-trigger\" readability=\"6.5\">\n<picture><source media=\"(min-width: 720px)\" srcset=\"http:\/\/nuevacordoba.net\/wp-content\/uploads\/2022\/05\/proteccion-para-el-arco-de-brown-1.jpg\"><img itemprop=\"image\" src=\"http:\/\/nuevacordoba.net\/wp-content\/uploads\/2022\/05\/proteccion-para-el-arco-de-brown-1.jpg\" loading=\"lazy\" alt=\"Peraf\u00e1n, su representante y el presidente de Brown de Puerto Madryn.\">\n<\/picture><figcaption readability=\"3\">\n<p>Peraf\u00e1n, su representante y el presidente de Brown de Puerto Madryn.\n<\/p>\n<\/figcaption><\/div>\n<\/div>\n<p>Llega a pr\u00e9stamo desde el club Cervecero hasta diciembre de 2023 con una cl\u00e1usula de retorno en diciembre de este a\u00f1o. As\u00ed, el arquero de 35 a\u00f1os se convierte en el primer refuerzo de la Banda.<\/p>\n<h2><strong>EL TWETT DE AMBOS CLUBES SOBRE PERAF\u00c1N<\/strong><\/h2>\n<div class=\"sp__Normal htmlLibre\">\n<div class=\"embed-responsive-c\" readability=\"7.8188202247191\">\n<blockquote class=\"twitter-tweet\" readability=\"9.876404494382\">\n<p lang=\"es\" dir=\"ltr\">\u00a1Bienvenido <a href=\"https:\/\/twitter.com\/MartinPerafan?ref_src=twsrc%5Etfw\">@MartinPerafan<\/a>!<\/p>\n<p>El arquero con \u00faltimo paso por Quilmes es el primer refuerzo de Guillermo Brown.<\/p>\n<p>Llega a pr\u00e9stamo hasta diciembre. Fue recibido por el presidente, Mariano Eliceche, y ambos firmaron el v\u00ednculo que une al golero con la instituci\u00f3n. <a href=\"https:\/\/twitter.com\/hashtag\/SomosBrown?src=hash&amp;ref_src=twsrc%5Etfw\">#SomosBrown<\/a>\u26aa\ud83d\udd35 <a href=\"https:\/\/t.co\/6IWUqWKTrQ\">pic.twitter.com\/6IWUqWKTrQ<\/a><\/p>\n<p>\u2014 Guillermo Brown (@BrownDeMadryn) <a href=\"https:\/\/twitter.com\/BrownDeMadryn\/status\/1528883240794066945?ref_src=twsrc%5Etfw\">May 23, 2022<\/a><\/p><\/blockquote><\/div>\n<\/div>\n<div class=\"sp__SM\">\n<div class=\"content-new \">\n<span class=\"tit-mobile\">Mir\u00e1 tambi\u00e9n<\/span><\/p>\n<div class=\"mg\">\n<div class=\"wrap-figure\">\n<picture>\n<a href=\"https:\/\/www.ole.com.ar\/futbol-ascenso\/p-nacional-santamarina-refuerzos_0_Y7xf7yPRv0.html\" target=\"_self\" rel=\"noopener\"><br \/>\n<img class=\"img-responsive\" alt=\"Dos refuerzos arriban a Tandil\" src=\"http:\/\/nuevacordoba.net\/wp-content\/uploads\/2022\/05\/proteccion-para-el-arco-de-brown-2.jpg\" loading=\"lazy\"><br \/>\n<\/a>\n<\/picture>\n<\/div>\n<\/div><\/div>\n<\/div>\n<div class=\"sp__SM\">\n<div class=\"content-new \">\n<span class=\"tit-mobile\">Mir\u00e1 tambi\u00e9n<\/span><\/p>\n<div class=\"mg\">\n<div class=\"wrap-figure\">\n<picture>\n<a href=\"https:\/\/www.ole.com.ar\/futbol-ascenso\/primera-b-san-miguel_0_0fh3sDuVqL.html\" target=\"_self\" rel=\"noopener\"><br \/>\n<img class=\"img-responsive\" alt=\"\u00c1ngel Luna: el salvador de San Miguel y el elogio a Coleoni\" src=\"http:\/\/nuevacordoba.net\/wp-content\/uploads\/2022\/05\/proteccion-para-el-arco-de-brown-3.jpg\" loading=\"lazy\"><br \/>\n<\/a>\n<\/picture>\n<\/div>\n<\/div><\/div>\n<\/div>\n<div class=\"entry-tags\">\n<h2>TEMAS QUE APARECEN EN ESTA NOTA<\/h2>\n<\/p><\/div>\n","protected":false},"excerpt":{"rendered":"<p>A principio de a\u00f1o, Brown de Puerto Madryn se reforz\u00f3 para pelear por el ascenso pero hasta el momento al equipo de Andr\u00e9s Yllana no le fue de la mejor forma porque se ubica en el \u00faltimo puesto de la clasificaci\u00f3n al Reducido y viene de forma irregular. Mir\u00e1 tambi\u00e9n En b\u00fasqueda de mejorar su [&hellip;]<\/p>\n","protected":false},"author":1,"featured_media":20044,"comment_status":"closed","ping_status":"closed","sticky":false,"template":"","format":"standard","meta":[],"categories":[10],"tags":[],"_links":{"self":[{"href":"http:\/\/nuevacordoba.net\/index.php\/wp-json\/wp\/v2\/posts\/20043"}],"collection":[{"href":"http:\/\/nuevacordoba.net\/index.php\/wp-json\/wp\/v2\/posts"}],"about":[{"href":"http:\/\/nuevacordoba.net\/index.php\/wp-json\/wp\/v2\/types\/post"}],"author":[{"embeddable":true,"href":"http:\/\/nuevacordoba.net\/index.php\/wp-json\/wp\/v2\/users\/1"}],"replies":[{"embeddable":true,"href":"http:\/\/nuevacordoba.net\/index.php\/wp-json\/wp\/v2\/comments?post=20043"}],"version-history":[{"count":0,"href":"http:\/\/nuevacordoba.net\/index.php\/wp-json\/wp\/v2\/posts\/20043\/revisions"}],"wp:featuredmedia":[{"embeddable":true,"href":"http:\/\/nuevacordoba.net\/index.php\/wp-json\/wp\/v2\/media\/20044"}],"wp:attachment":[{"href":"http:\/\/nuevacordoba.net\/index.php\/wp-json\/wp\/v2\/media?parent=20043"}],"wp:term":[{"taxonomy":"category","embeddable":true,"href":"http:\/\/nuevacordoba.net\/index.php\/wp-json\/wp\/v2\/categories?post=20043"},{"taxonomy":"post_tag","embeddable":true,"href":"http:\/\/nuevacordoba.net\/index.php\/wp-json\/wp\/v2\/tags?post=20043"}],"curies":[{"name":"wp","href":"https:\/\/api.w.org\/{rel}","templated":true}]}}