{"id":20047,"date":"2022-05-23T22:40:48","date_gmt":"2022-05-23T22:40:48","guid":{"rendered":"https:\/\/cordoba.gob.ar\/?p=25338"},"modified":"2022-05-23T22:40:48","modified_gmt":"2022-05-23T22:40:48","slug":"en-el-mercado-norte-se-realizara-el-cierre-de-cordoba-patria","status":"publish","type":"post","link":"http:\/\/nuevacordoba.net\/index.php\/2022\/05\/23\/en-el-mercado-norte-se-realizara-el-cierre-de-cordoba-patria\/","title":{"rendered":"En el Mercado Norte se realizar\u00e1 el cierre de \u201cC\u00f3rdoba Patria\u201d"},"content":{"rendered":"<div><img src=\"http:\/\/nuevacordoba.net\/wp-content\/uploads\/2022\/05\/en-el-mercado-norte-se-realizara-el-cierre-de-cordoba-patria.jpg\" class=\"ff-og-image-inserted\"><\/div>\n<ul>\n<li><strong>Ma\u00f1ana martes, desde las 9 h, se podr\u00e1n recorrer las ferias de flores y de la Econom\u00eda Social. Tambi\u00e9n habr\u00e1 puestos de churros.<\/strong><\/li>\n<li><strong>Durante el mediod\u00eda habr\u00e1 m\u00fasica y cocina en vivo, adem\u00e1s se entregar\u00e1n banderitas a transe\u00fantes y a quienes asistan.<\/strong><\/li>\n<\/ul>\n<hr>\n<p>El martes 24 de mayo, en la Supermanzana del Mercado Norte (Oncativo 50), se llevar\u00e1 a cabo la jornada de cierre de \u201cC\u00f3rdoba Patria\u201d, poniendo el foco en la m\u00fasica, la identidad y la gastronom\u00eda.<\/p>\n<p>Con entrada libre y gratuita, el \u201cMercado Patrio\u201d comenzar\u00e1 a las 9 h con las Ferias de Flores, las Ferias de la Econom\u00eda Social y tambi\u00e9n puestos de churros, que permanecer\u00e1n abiertos hasta las 17 h.<\/p>\n<p>A las 12 h habr\u00e1 m\u00fasica en vivo de la mano de Los del Suqu\u00eda, y a las 12.30 h se entregar\u00e1n las tradicionales banderitas argentinas a comerciantes, taxistas que pasen por el lugar y a todos los presentes.<\/p>\n<p>La programaci\u00f3n continuar\u00e1 a las 13 h con Cocineritas y Cocineritos patrios junto a la actuaci\u00f3n de Vinales. A las 13.30 h habr\u00e1 cocina en vivo, con la participaci\u00f3n de Ale Tavarone que, acompa\u00f1ado de m\u00fasica electr\u00f3nica andina, deleitar\u00e1 al p\u00fablico con el tradicional locro.<\/p>\n<p>\u201cC\u00f3rdoba Patria\u201d es un evento organizado por la Secretar\u00eda de Gobierno de la Municipalidad de C\u00f3rdoba y la Secretar\u00eda de Cultura y Juventud, junto al acompa\u00f1amiento de las localidades que conforman el \u00c1rea Metropolitana.<\/p>\n","protected":false},"excerpt":{"rendered":"<p>Ma\u00f1ana martes, desde las 9 h, se podr\u00e1n recorrer las ferias de flores y de la Econom\u00eda Social. Tambi\u00e9n habr\u00e1 puestos de churros. Durante el mediod\u00eda habr\u00e1 m\u00fasica y cocina en vivo, adem\u00e1s se entregar\u00e1n banderitas a transe\u00fantes y a quienes asistan. El martes 24 de mayo, en la Supermanzana del Mercado Norte (Oncativo 50), [&hellip;]<\/p>\n","protected":false},"author":1,"featured_media":20048,"comment_status":"closed","ping_status":"closed","sticky":false,"template":"","format":"standard","meta":[],"categories":[14],"tags":[],"_links":{"self":[{"href":"http:\/\/nuevacordoba.net\/index.php\/wp-json\/wp\/v2\/posts\/20047"}],"collection":[{"href":"http:\/\/nuevacordoba.net\/index.php\/wp-json\/wp\/v2\/posts"}],"about":[{"href":"http:\/\/nuevacordoba.net\/index.php\/wp-json\/wp\/v2\/types\/post"}],"author":[{"embeddable":true,"href":"http:\/\/nuevacordoba.net\/index.php\/wp-json\/wp\/v2\/users\/1"}],"replies":[{"embeddable":true,"href":"http:\/\/nuevacordoba.net\/index.php\/wp-json\/wp\/v2\/comments?post=20047"}],"version-history":[{"count":0,"href":"http:\/\/nuevacordoba.net\/index.php\/wp-json\/wp\/v2\/posts\/20047\/revisions"}],"wp:featuredmedia":[{"embeddable":true,"href":"http:\/\/nuevacordoba.net\/index.php\/wp-json\/wp\/v2\/media\/20048"}],"wp:attachment":[{"href":"http:\/\/nuevacordoba.net\/index.php\/wp-json\/wp\/v2\/media?parent=20047"}],"wp:term":[{"taxonomy":"category","embeddable":true,"href":"http:\/\/nuevacordoba.net\/index.php\/wp-json\/wp\/v2\/categories?post=20047"},{"taxonomy":"post_tag","embeddable":true,"href":"http:\/\/nuevacordoba.net\/index.php\/wp-json\/wp\/v2\/tags?post=20047"}],"curies":[{"name":"wp","href":"https:\/\/api.w.org\/{rel}","templated":true}]}}