{"id":20049,"date":"2022-05-24T15:45:10","date_gmt":"2022-05-24T15:45:10","guid":{"rendered":"http:\/\/nuevacordoba.net\/index.php\/2022\/05\/24\/los-caligaris-presentaron-un-nuevo-video-y-anunciaron-una-gira-mundial\/"},"modified":"2022-05-24T15:45:10","modified_gmt":"2022-05-24T15:45:10","slug":"los-caligaris-presentaron-un-nuevo-video-y-anunciaron-una-gira-mundial","status":"publish","type":"post","link":"http:\/\/nuevacordoba.net\/index.php\/2022\/05\/24\/los-caligaris-presentaron-un-nuevo-video-y-anunciaron-una-gira-mundial\/","title":{"rendered":"Los Caligaris presentaron un nuevo video y anunciaron una gira mundial"},"content":{"rendered":"<figure class=\"mb-3\"><img loading=\"lazy\" src=\"http:\/\/nuevacordoba.net\/wp-content\/uploads\/2022\/05\/los-caligaris-presentaron-un-nuevo-video-y-anunciaron-una-gira-mundial.jpg\" width=\"100%\" height=\"100%\" alt=\"Los Caligaris presentaron Con vos videoclip del segundo corte \"><figcaption> Los Caligaris presentaron \u00abCon vos\u00bb, videoclip del segundo corte. <\/figcaption><\/figure>\n<p>En un 2022 cargado de actividades por la celebraci\u00f3n de su 25\u00ba aniversario, la banda cordobesa <strong>Los Caligaris<\/strong> lanz\u00f3 un nuevo videoclip como segundo adelanto de su inminente disco, confirm\u00f3 una serie de presentaciones en M\u00e9xico para agosto y anunci\u00f3 una parada de su gira mundial conmemorativa \u00abVeinticirco\u00bb el 17 de septiembre en Tecn\u00f3polis.<\/p>\n<div class=\"video_repositive\"> <a class=\"video_sticky\" href=\"javascript:void();\" onclick=\"removeStuckVideo(true);\"><i class=\"far fa-window-close\"><\/i><\/a> <\/p>\n<div id=\"LMY0FxpJPvk\" class=\"video_telam\">\n<div class=\"feature_article_inner\">\n<p><h2 class=\"text-center\">Los Caligaris &#8211; Con Vos <\/h2>\n<\/p><\/div>\n<p>VER VIDEO <i class=\"fas fa-play\"><\/i><\/p>\n<\/p><\/div><\/div>\n<p>Tras un primer anticipo de su pr\u00f3ximo larga duraci\u00f3n con la canci\u00f3n \u00abQuiero cumbia\u00bb, y d\u00edas despu\u00e9s de un show con entradas agotadas en el Centro Cultural Kirchner, el populoso combo dio a conocer \u00abCon vos\u00bb, videoclip del segundo corte, en el que el cantante Juan Taleb y Libertad Gala protagonizan una historia de amor.<\/p>\n<p>Producida por Eduardo Cabra, la canci\u00f3n transita por una fusi\u00f3n de cumbia, pop y reggae, y cuenta con una rom\u00e1ntica l\u00edrica.<\/p>\n<p>El nuevo disco coincide con la celebraci\u00f3n del grupo por su cuarto de siglo de historia, motivo para poner en marcha <strong>\u00abVeinticirco\u00bb, una gira mundial que el 11, 12, 18 y 19 de agosto tendr\u00e1 su parada en el Auditorio Nacional de M\u00e9xico<\/strong>.<\/p>\n<p>Y aunque se inform\u00f3 que en las pr\u00f3ximas semanas se anunciar\u00e1n nuevas fechas en importantes auditorios, la presentaci\u00f3n del grupo <strong>el 17 de septiembre en Tecn\u00f3polis<\/strong> aparece en el horizonte como la actuaci\u00f3n m\u00e1s relevante que se llevar\u00e1 a cabo Buenos Aires. <\/p>\n","protected":false},"excerpt":{"rendered":"<p>Los Caligaris presentaron \u00abCon vos\u00bb, videoclip del segundo corte. En un 2022 cargado de actividades por la celebraci\u00f3n de su 25\u00ba aniversario, la banda cordobesa Los Caligaris lanz\u00f3 un nuevo videoclip como segundo adelanto de su inminente disco, confirm\u00f3 una serie de presentaciones en M\u00e9xico para agosto y anunci\u00f3 una parada de su gira mundial [&hellip;]<\/p>\n","protected":false},"author":1,"featured_media":20050,"comment_status":"closed","ping_status":"closed","sticky":false,"template":"","format":"standard","meta":[],"categories":[9],"tags":[],"_links":{"self":[{"href":"http:\/\/nuevacordoba.net\/index.php\/wp-json\/wp\/v2\/posts\/20049"}],"collection":[{"href":"http:\/\/nuevacordoba.net\/index.php\/wp-json\/wp\/v2\/posts"}],"about":[{"href":"http:\/\/nuevacordoba.net\/index.php\/wp-json\/wp\/v2\/types\/post"}],"author":[{"embeddable":true,"href":"http:\/\/nuevacordoba.net\/index.php\/wp-json\/wp\/v2\/users\/1"}],"replies":[{"embeddable":true,"href":"http:\/\/nuevacordoba.net\/index.php\/wp-json\/wp\/v2\/comments?post=20049"}],"version-history":[{"count":0,"href":"http:\/\/nuevacordoba.net\/index.php\/wp-json\/wp\/v2\/posts\/20049\/revisions"}],"wp:featuredmedia":[{"embeddable":true,"href":"http:\/\/nuevacordoba.net\/index.php\/wp-json\/wp\/v2\/media\/20050"}],"wp:attachment":[{"href":"http:\/\/nuevacordoba.net\/index.php\/wp-json\/wp\/v2\/media?parent=20049"}],"wp:term":[{"taxonomy":"category","embeddable":true,"href":"http:\/\/nuevacordoba.net\/index.php\/wp-json\/wp\/v2\/categories?post=20049"},{"taxonomy":"post_tag","embeddable":true,"href":"http:\/\/nuevacordoba.net\/index.php\/wp-json\/wp\/v2\/tags?post=20049"}],"curies":[{"name":"wp","href":"https:\/\/api.w.org\/{rel}","templated":true}]}}