{"id":20051,"date":"2022-05-24T16:44:51","date_gmt":"2022-05-24T16:44:51","guid":{"rendered":"https:\/\/www.bbc.com\/mundo\/noticias-america-latina-61515015"},"modified":"2022-05-24T16:44:51","modified_gmt":"2022-05-24T16:44:51","slug":"elecciones-en-colombia-por-que-ha-sido-tan-dificil-para-la-izquierda-llegar-al-poder","status":"publish","type":"post","link":"http:\/\/nuevacordoba.net\/index.php\/2022\/05\/24\/elecciones-en-colombia-por-que-ha-sido-tan-dificil-para-la-izquierda-llegar-al-poder\/","title":{"rendered":"Elecciones en Colombia: por qu\u00e9 ha sido tan dif\u00edcil para la izquierda llegar al poder"},"content":{"rendered":"<div dir=\"ltr\" class=\"e1j2237y6 bbc-q4ibpr e57qer20\">\n<div class=\"bbc-1atl7vu e1c9i7u14\">\n<ul role=\"list\" class=\"bbc-k0l9bd e1c9i7u12\">\n<li role=\"listitem\" class=\"bbc-1a3w4ok e1c9i7u11\">Daniel Pardo<\/li>\n<li role=\"listitem\" class=\"bbc-1p92jtu e1c9i7u10\">Corresponsal de BBC Mundo en Colombia<\/li>\n<\/ul>\n<\/div>\n<\/div>\n<p><time datetime=\"2022-05-24\" class=\"bbc-14xtggo e4zesg50\">5 horas<\/time><\/p>\n<div dir=\"ltr\" class=\"bbc-1ka88fa e57qer20\">\n<figure class=\"bbc-1qdcvv9 e6bmn90\">\n<div dir=\"ltr\" class=\"bbc-172p16q e57qer20\">\n<div dir=\"ltr\" class=\"bbc-189y18v e57qer20\" readability=\"6.5\">\n<div data-e2e=\"image-placeholder\" class=\"bbc-997y1y e1whu0\" readability=\"8\"><picture class=\"bbc-yfiktt e1enwo3v1\"><source srcset=\"https:\/\/ichef.bbci.co.uk\/news\/240\/cpsprodpb\/1156C\/production\/_124902017_petro1.jpg.webp 240w, https:\/\/ichef.bbci.co.uk\/news\/320\/cpsprodpb\/1156C\/production\/_124902017_petro1.jpg.webp 320w, https:\/\/ichef.bbci.co.uk\/news\/480\/cpsprodpb\/1156C\/production\/_124902017_petro1.jpg.webp 480w, https:\/\/ichef.bbci.co.uk\/news\/624\/cpsprodpb\/1156C\/production\/_124902017_petro1.jpg.webp 624w, https:\/\/ichef.bbci.co.uk\/news\/800\/cpsprodpb\/1156C\/production\/_124902017_petro1.jpg.webp 800w\" type=\"image\/webp\" sizes=\"(min-width: 1008px) 645px, 100vw\"><source srcset=\"https:\/\/ichef.bbci.co.uk\/news\/240\/cpsprodpb\/1156C\/production\/_124902017_petro1.jpg 240w, https:\/\/ichef.bbci.co.uk\/news\/320\/cpsprodpb\/1156C\/production\/_124902017_petro1.jpg 320w, https:\/\/ichef.bbci.co.uk\/news\/480\/cpsprodpb\/1156C\/production\/_124902017_petro1.jpg 480w, https:\/\/ichef.bbci.co.uk\/news\/624\/cpsprodpb\/1156C\/production\/_124902017_petro1.jpg 624w, https:\/\/ichef.bbci.co.uk\/news\/800\/cpsprodpb\/1156C\/production\/_124902017_petro1.jpg 800w\" type=\"image\/jpeg\" sizes=\"(min-width: 1008px) 645px, 100vw\"><img loading=\"lazy\" src=\"http:\/\/nuevacordoba.net\/wp-content\/uploads\/2022\/05\/elecciones-en-colombia-por-que-ha-sido-tan-dificil-para-la-izquierda-llegar-al-poder.jpg\" alt=\"Simpatizantes de Gustavo Petro\" width=\"976\" height=\"549\" class=\"eehpdyc0 bbc-rb7xa0 e1enwo3v0\"><\/picture>\n<p role=\"text\" class=\"bbc-1s1cxbv etq3yw90\"><span class=\"bbc-1gnhmg2 e1yt7oin0\">Fuente de la imagen, <\/span><span lang=\"en-GB\">Getty Images<\/span><\/p>\n<\/div>\n<\/div>\n<\/div>\n<\/figure>\n<\/div>\n<div dir=\"ltr\" class=\"bbc-19j92fr e57qer20\" readability=\"7\">\n<p dir=\"ltr\" class=\"bbc-bm53ic e1cc2ql70\"><b>\u00abColombia nunca ha tenido un presidente de izquierda\u00bb. <\/b><\/p>\n<\/div>\n<div dir=\"ltr\" class=\"bbc-19j92fr e57qer20\" readability=\"8\">\n<p dir=\"ltr\" class=\"bbc-bm53ic e1cc2ql70\">Esta es una de las frases m\u00e1s comunes en la campa\u00f1a para las elecciones presidenciales de este 29 de mayo. <\/p>\n<\/div>\n<div dir=\"ltr\" class=\"bbc-19j92fr e57qer20\" readability=\"10\">\n<p dir=\"ltr\" class=\"bbc-bm53ic e1cc2ql70\">La raz\u00f3n es que un candidato de izquierda, <b>Gustavo Petro<\/b><b> U<\/b><b>rrego<\/b>, es el favorito en todas las encuestas.<\/p>\n<\/div>\n<div dir=\"ltr\" class=\"bbc-19j92fr e57qer20\" readability=\"11\">\n<p dir=\"ltr\" class=\"bbc-bm53ic e1cc2ql70\">Colombia tuvo mandatarios progresistas en el pasado, pero nunca ha sido presidente un pol\u00edtico de origen popular, sin el apoyo de los partidos tradicionales ligados al establecimiento y con una agenda econ\u00f3mica cr\u00edtica del modelo capitalista mantenido hace d\u00e9cadas. <\/p>\n<\/div>\n<div dir=\"ltr\" class=\"bbc-19j92fr e57qer20\" readability=\"9\">\n<p dir=\"ltr\" class=\"bbc-bm53ic e1cc2ql70\">Y Petro, un t\u00edmido exguerillero que creci\u00f3 en peque\u00f1os pueblos, encarna mucho de eso. <\/p>\n<\/div>\n<div dir=\"ltr\" class=\"bbc-19j92fr e57qer20\" readability=\"10\">\n<p dir=\"ltr\" class=\"bbc-bm53ic e1cc2ql70\">Colombia nunca estuvo dirigido por revolucionarios como M\u00e9xico o Bolivia, o por movimientos populares como el peronismo en Argentina, o por un socialista como Salvador Allende en Chile. <\/p>\n<\/div>\n<div dir=\"ltr\" class=\"bbc-19j92fr e57qer20\" readability=\"8\">\n<p dir=\"ltr\" class=\"bbc-bm53ic e1cc2ql70\"><b>Los<\/b><b> pol\u00edticos reformistas de izquierda que estuvieron cerca de llegar al poder fueron asesinados<\/b>. Sus magnicidios desataron olas de violencia. <\/p>\n<\/div>\n<div dir=\"ltr\" class=\"bbc-19j92fr e57qer20\" readability=\"11\">\n<p dir=\"ltr\" class=\"bbc-bm53ic e1cc2ql70\">Aunque el pa\u00eds ha tenido por d\u00e9cadas la democracia y la econom\u00eda m\u00e1s estables de Am\u00e9rica Latina, una porci\u00f3n cada vez m\u00e1s grande de la poblaci\u00f3n ha desarrollado una antipat\u00eda feroz hacia la clase gobernante. La culpan por los repetitivos conflictos armados y por una de las sociedades m\u00e1s desiguales del mundo.<\/p>\n<\/div>\n<div dir=\"ltr\" class=\"bbc-1ka88fa e57qer20\">\n<figure class=\"bbc-1qdcvv9 e6bmn90\">\n<div dir=\"ltr\" class=\"bbc-172p16q e57qer20\">\n<div dir=\"ltr\" class=\"bbc-189y18v e57qer20\" readability=\"6.5\">\n<div data-e2e=\"image-placeholder\" class=\"bbc-997y1y e1whu0\" readability=\"8\"><noscript><picture class=\"bbc-yfiktt e1enwo3v1\"><source srcset=\"http:\/\/nuevacordoba.net\/wp-content\/uploads\/2022\/05\/elecciones-en-colombia-por-que-ha-sido-tan-dificil-para-la-izquierda-llegar-al-poder.webp 240w, http:\/\/nuevacordoba.net\/wp-content\/uploads\/2022\/05\/elecciones-en-colombia-por-que-ha-sido-tan-dificil-para-la-izquierda-llegar-al-poder-1.webp 320w, http:\/\/nuevacordoba.net\/wp-content\/uploads\/2022\/05\/elecciones-en-colombia-por-que-ha-sido-tan-dificil-para-la-izquierda-llegar-al-poder-2.webp 480w, http:\/\/nuevacordoba.net\/wp-content\/uploads\/2022\/05\/elecciones-en-colombia-por-que-ha-sido-tan-dificil-para-la-izquierda-llegar-al-poder-3.webp 624w, http:\/\/nuevacordoba.net\/wp-content\/uploads\/2022\/05\/elecciones-en-colombia-por-que-ha-sido-tan-dificil-para-la-izquierda-llegar-al-poder-4.webp 800w\" type=\"image\/webp\" sizes=\"(min-width: 1008px) 645px, 100vw\"><source srcset=\"https:\/\/ichef.bbci.co.uk\/news\/240\/cpsprodpb\/50F2\/production\/_124822702_gettyimages-1186511237.jpg 240w, https:\/\/ichef.bbci.co.uk\/news\/320\/cpsprodpb\/50F2\/production\/_124822702_gettyimages-1186511237.jpg 320w, https:\/\/ichef.bbci.co.uk\/news\/480\/cpsprodpb\/50F2\/production\/_124822702_gettyimages-1186511237.jpg 480w, https:\/\/ichef.bbci.co.uk\/news\/624\/cpsprodpb\/50F2\/production\/_124822702_gettyimages-1186511237.jpg 624w, https:\/\/ichef.bbci.co.uk\/news\/800\/cpsprodpb\/50F2\/production\/_124822702_gettyimages-1186511237.jpg 800w\" type=\"image\/jpeg\" sizes=\"(min-width: 1008px) 645px, 100vw\"><img loading=\"lazy\" src=\"http:\/\/nuevacordoba.net\/wp-content\/uploads\/2022\/05\/elecciones-en-colombia-por-que-ha-sido-tan-dificil-para-la-izquierda-llegar-al-poder-1.jpg\" alt=\"Che Guevara en Colombia\" width=\"976\" height=\"549\" class=\"eehpdyc0 bbc-rb7xa0 e1enwo3v0\"><\/picture><\/noscript><\/p>\n<p role=\"text\" class=\"bbc-1s1cxbv etq3yw90\"><span class=\"bbc-1gnhmg2 e1yt7oin0\">Fuente de la imagen, <\/span><span lang=\"en-GB\">Getty Images<\/span><\/p>\n<\/div>\n<\/div>\n<\/div>\n<\/figure>\n<\/div>\n<div dir=\"ltr\" class=\"bbc-19j92fr e57qer20\" readability=\"11\">\n<p dir=\"ltr\" class=\"bbc-bm53ic e1cc2ql70\">Tras dos estallidos sociales en 2019 y 2021, una pandemia que exacerb\u00f3 la pobreza y la desigualdad y un gobierno de derecha que registra los n\u00fameros de desaprobaci\u00f3n m\u00e1s altos de la historia reciente, esa poblaci\u00f3n harta y cr\u00edtica parece empoderada. Y la izquierda podr\u00eda aprovecharlo. <\/p>\n<\/div>\n<div dir=\"ltr\" class=\"bbc-19j92fr e57qer20\" readability=\"8\">\n<p dir=\"ltr\" class=\"bbc-bm53ic e1cc2ql70\">\u00bfQu\u00e9 fue lo que pas\u00f3 para que hasta ahora en Colombia haya sido tan dif\u00edcil llegar al poder con una agenda de izquierda? <\/p>\n<\/div>\n<div dir=\"ltr\" class=\"bbc-1ka88fa e57qer20\">\n<figure class=\"bbc-1qdcvv9 e6bmn90\">\n<div dir=\"ltr\" class=\"bbc-172p16q e57qer20\">\n<div dir=\"ltr\" class=\"bbc-189y18v e57qer20\" readability=\"6.5\">\n<div data-e2e=\"image-placeholder\" class=\"bbc-997y1y e1whu0\" readability=\"8\"><noscript><picture class=\"bbc-yfiktt e1enwo3v1\"><source srcset=\"http:\/\/nuevacordoba.net\/wp-content\/uploads\/2022\/05\/elecciones-en-colombia-por-que-ha-sido-tan-dificil-para-la-izquierda-llegar-al-poder-5.webp 240w, http:\/\/nuevacordoba.net\/wp-content\/uploads\/2022\/05\/elecciones-en-colombia-por-que-ha-sido-tan-dificil-para-la-izquierda-llegar-al-poder-6.webp 320w, http:\/\/nuevacordoba.net\/wp-content\/uploads\/2022\/05\/elecciones-en-colombia-por-que-ha-sido-tan-dificil-para-la-izquierda-llegar-al-poder-7.webp 480w, http:\/\/nuevacordoba.net\/wp-content\/uploads\/2022\/05\/elecciones-en-colombia-por-que-ha-sido-tan-dificil-para-la-izquierda-llegar-al-poder-8.webp 624w, http:\/\/nuevacordoba.net\/wp-content\/uploads\/2022\/05\/elecciones-en-colombia-por-que-ha-sido-tan-dificil-para-la-izquierda-llegar-al-poder-9.webp 800w\" type=\"image\/webp\" sizes=\"(min-width: 1008px) 645px, 100vw\"><source srcset=\"https:\/\/ichef.bbci.co.uk\/news\/240\/cpsprodpb\/7802\/production\/_124822703_gettyimages-454582069.jpg 240w, https:\/\/ichef.bbci.co.uk\/news\/320\/cpsprodpb\/7802\/production\/_124822703_gettyimages-454582069.jpg 320w, https:\/\/ichef.bbci.co.uk\/news\/480\/cpsprodpb\/7802\/production\/_124822703_gettyimages-454582069.jpg 480w, https:\/\/ichef.bbci.co.uk\/news\/624\/cpsprodpb\/7802\/production\/_124822703_gettyimages-454582069.jpg 624w, https:\/\/ichef.bbci.co.uk\/news\/800\/cpsprodpb\/7802\/production\/_124822703_gettyimages-454582069.jpg 800w\" type=\"image\/jpeg\" sizes=\"(min-width: 1008px) 645px, 100vw\"><img loading=\"lazy\" src=\"http:\/\/nuevacordoba.net\/wp-content\/uploads\/2022\/05\/elecciones-en-colombia-por-que-ha-sido-tan-dificil-para-la-izquierda-llegar-al-poder-2.jpg\" alt=\"Gustavo Petro\" width=\"976\" height=\"549\" class=\"eehpdyc0 bbc-rb7xa0 e1enwo3v0\"><\/picture><\/noscript><\/p>\n<p role=\"text\" class=\"bbc-1s1cxbv etq3yw90\"><span class=\"bbc-1gnhmg2 e1yt7oin0\">Fuente de la imagen, <\/span><span lang=\"en-GB\">Getty Images<\/span><\/p>\n<\/div>\n<\/div>\n<div dir=\"ltr\" class=\"bbc-3edg7g e57qer20\" readability=\"8\"><figcaption dir=\"ltr\" class=\"bbc-rhuvwm eede9f50\" readability=\"6\"><span class=\"bbc-1gnhmg2 e1yt7oin0\">Pie de foto, <\/span><\/p>\n<p>Petro ha construido esta candidatura durante dos d\u00e9cadas. En la foto, cuando lo destituyeron de la alcald\u00eda de Bogot\u00e1, en 2014, y \u00e9l lo aprovech\u00f3 en la plaza p\u00fablica.<\/p>\n<\/figcaption><\/div>\n<\/div>\n<\/figure>\n<\/div>\n<p><h2 id=\"Perseguida-y-clandestina-\" tabindex=\"-1\" class=\"bbc-l3e97o e14hemmw0\">Perseguida y clandestina <\/h2>\n<\/p>\n<div dir=\"ltr\" class=\"bbc-19j92fr e57qer20\" readability=\"9\">\n<p dir=\"ltr\" class=\"bbc-bm53ic e1cc2ql70\">Hagamos, primero, un breve repaso por la historia de la izquierda. <\/p>\n<\/div>\n<div dir=\"ltr\" class=\"bbc-19j92fr e57qer20\" readability=\"12\">\n<p dir=\"ltr\" class=\"bbc-bm53ic e1cc2ql70\">Aunque en un siglo XIX lleno de guerras civiles hubo expresiones socialistas, solo hasta la d\u00e9cada de 1930 se puede hablar de movimientos sociales con una agenda de izquierda, argumenta Mauricio Archila, un historiador experto en el tema. <\/p>\n<\/div>\n<div dir=\"ltr\" class=\"bbc-19j92fr e57qer20\" readability=\"10\">\n<p dir=\"ltr\" class=\"bbc-bm53ic e1cc2ql70\">La llamada \u00abMasacre de las Bananeras\u00bb, ocurrida durante una huelga de trabajadores de la estadounidense United Fruit Company en 1928, fue un antecedente de lo que vendr\u00eda despu\u00e9s.<\/p>\n<\/div>\n<div dir=\"ltr\" class=\"bbc-19j92fr e57qer20\" readability=\"13\">\n<p dir=\"ltr\" class=\"bbc-bm53ic e1cc2ql70\">Dentro de la estructura bipartidista tradicional, el Partido Liberal \u2014opositor al Conservador\u2014 represent\u00f3 las demandas asociadas a la izquierda. Pero <b>la distancia entre sus bases y su dirigencia, miembros de la aristocracia urbana, casi siempre impidi\u00f3 consolidar propuestas genuinamente populares<\/b>. <\/p>\n<\/div>\n<div dir=\"ltr\" class=\"bbc-19j92fr e57qer20\" readability=\"10\">\n<p dir=\"ltr\" class=\"bbc-bm53ic e1cc2ql70\">En los 30 y 40 gobern\u00f3 el presidente m\u00e1s progresista que ha tenido el pa\u00eds: Alfonso L\u00f3pez Pumarejo, un linajudo bogotano del Partido Liberal que abri\u00f3 espacio para los sindicatos y la educaci\u00f3n p\u00fablica y sent\u00f3 las bases para una reforma agraria. <\/p>\n<\/div>\n<div dir=\"ltr\" class=\"bbc-19j92fr e57qer20\" readability=\"10\">\n<p dir=\"ltr\" class=\"bbc-bm53ic e1cc2ql70\">Su proyecto, inspirado en el <i class=\"bbc-h1y5j7 ewc4zcb0\">New Deal<\/i> estadounidense tras la crisis financiera de 1929, se llamaba la Revoluci\u00f3n en Marcha. Pero la revoluci\u00f3n qued\u00f3 pendiente. <\/p>\n<\/div>\n<div dir=\"ltr\" class=\"bbc-19j92fr e57qer20\" readability=\"10\">\n<p dir=\"ltr\" class=\"bbc-bm53ic e1cc2ql70\">La derecha reaccion\u00f3 r\u00e1pido, el Partido Liberal se dividi\u00f3 y al final prim\u00f3 la preocupaci\u00f3n por la propiedad privada, el auge comunista y el miedo de un \u00absalto al vac\u00edo\u00bb. <\/p>\n<\/div>\n<div dir=\"ltr\" class=\"bbc-19j92fr e57qer20\" readability=\"8\">\n<p dir=\"ltr\" class=\"bbc-bm53ic e1cc2ql70\">En ese contexto se da el primer pico de violencia. Los campesinos eran perseguidos por crueles<b> grupos paramilitares llamados \u00ablos p\u00e1jaros\u00bb. <\/b><\/p>\n<\/div>\n<div class=\"bbc-sffzb7 e8v25yx0\">\n<div dir=\"ltr\" class=\"bbc-1ka88fa e57qer20\">\n<figure class=\"bbc-1qdcvv9 e6bmn90\">\n<div dir=\"ltr\" class=\"bbc-172p16q e57qer20\">\n<div dir=\"ltr\" class=\"bbc-189y18v e57qer20\" readability=\"6.5\">\n<div data-e2e=\"image-placeholder\" class=\"bbc-997y1y e1whu0\" readability=\"8\"><noscript><picture class=\"bbc-yfiktt e1enwo3v1\"><source srcset=\"http:\/\/nuevacordoba.net\/wp-content\/uploads\/2022\/05\/elecciones-en-colombia-por-que-ha-sido-tan-dificil-para-la-izquierda-llegar-al-poder-10.webp 240w, http:\/\/nuevacordoba.net\/wp-content\/uploads\/2022\/05\/elecciones-en-colombia-por-que-ha-sido-tan-dificil-para-la-izquierda-llegar-al-poder-11.webp 320w, http:\/\/nuevacordoba.net\/wp-content\/uploads\/2022\/05\/elecciones-en-colombia-por-que-ha-sido-tan-dificil-para-la-izquierda-llegar-al-poder-12.webp 480w, http:\/\/nuevacordoba.net\/wp-content\/uploads\/2022\/05\/elecciones-en-colombia-por-que-ha-sido-tan-dificil-para-la-izquierda-llegar-al-poder-13.webp 624w, http:\/\/nuevacordoba.net\/wp-content\/uploads\/2022\/05\/elecciones-en-colombia-por-que-ha-sido-tan-dificil-para-la-izquierda-llegar-al-poder-14.webp 800w\" type=\"image\/webp\" sizes=\"(min-width: 1008px) 645px, 100vw\"><source srcset=\"https:\/\/ichef.bbci.co.uk\/news\/240\/cpsprodpb\/9F12\/production\/_124822704_gaitangalan.jpg 240w, https:\/\/ichef.bbci.co.uk\/news\/320\/cpsprodpb\/9F12\/production\/_124822704_gaitangalan.jpg 320w, https:\/\/ichef.bbci.co.uk\/news\/480\/cpsprodpb\/9F12\/production\/_124822704_gaitangalan.jpg 480w, https:\/\/ichef.bbci.co.uk\/news\/624\/cpsprodpb\/9F12\/production\/_124822704_gaitangalan.jpg 624w, https:\/\/ichef.bbci.co.uk\/news\/800\/cpsprodpb\/9F12\/production\/_124822704_gaitangalan.jpg 800w\" type=\"image\/jpeg\" sizes=\"(min-width: 1008px) 645px, 100vw\"><img loading=\"lazy\" src=\"http:\/\/nuevacordoba.net\/wp-content\/uploads\/2022\/05\/elecciones-en-colombia-por-que-ha-sido-tan-dificil-para-la-izquierda-llegar-al-poder-3.jpg\" alt=\"Jorge Eli\u00e9cer Gait\u00e1n y Luis Carlos Gal\u00e1n\" width=\"976\" height=\"549\" class=\"eehpdyc0 bbc-rb7xa0 e1enwo3v0\"><\/picture><\/noscript><\/p>\n<p role=\"text\" class=\"bbc-1s1cxbv etq3yw90\"><span class=\"bbc-1gnhmg2 e1yt7oin0\">Fuente de la imagen, <\/span><span lang=\"en-GB\">Getty Images<\/span><\/p>\n<\/div>\n<\/div>\n<div dir=\"ltr\" class=\"bbc-3edg7g e57qer20\" readability=\"7.5\"><figcaption dir=\"ltr\" class=\"bbc-rhuvwm eede9f50\" readability=\"5\"><span class=\"bbc-1gnhmg2 e1yt7oin0\">Pie de foto, <\/span><\/p>\n<p>Los dos pol\u00edticos que promet\u00edan un sacud\u00f3n popular, Jorge Eli\u00e9cer Gait\u00e1n y Luis Carlos Gal\u00e1n, fueron asesinados en 1948 y 1989 respectivamente.<\/p>\n<\/figcaption><\/div>\n<\/div>\n<\/figure>\n<\/div>\n<\/div>\n<div dir=\"ltr\" class=\"bbc-19j92fr e57qer20\" readability=\"13\">\n<p dir=\"ltr\" class=\"bbc-bm53ic e1cc2ql70\">Durante los 40, en el vecindario aparecieron figuras populares como <b>Juan Domingo Per\u00f3n<\/b> en Argentina y <b>Getulio Vargas<\/b> en Brasil. En Colombia surgi\u00f3 <b>Jorge Eli\u00e9cer Gait\u00e1n<\/b>, un carism\u00e1tico orador hijo de una profesora y un librero que creci\u00f3 dentro del Partido Liberal, siempre con la etiqueta de disidente. <\/p>\n<\/div>\n<div dir=\"ltr\" class=\"bbc-19j92fr e57qer20\" readability=\"12\">\n<p dir=\"ltr\" class=\"bbc-bm53ic e1cc2ql70\">El 9 de abril de 1948, cuando un arrollador movimiento popular lo conduc\u00eda a la presidencia, fue asesinadp, a\u00fan no se sabe por qui\u00e9n, y se desat\u00f3 otra ola de violencia. <\/p>\n<\/div>\n<div dir=\"ltr\" class=\"bbc-19j92fr e57qer20\" readability=\"12\">\n<p dir=\"ltr\" class=\"bbc-bm53ic e1cc2ql70\"><b>Una situaci\u00f3n ca\u00f3tica que fue remediada con un pacto de alternancia del poder entre los dos partidos tradicionales<\/b> firmado, en 1958, en una ciudad tur\u00edstica espa\u00f1ola. Se llam\u00f3 el Frente Nacional, trajo cierta estabilidad y excluy\u00f3 del sistema a cualquier movimiento ajeno al establecimiento. <\/p>\n<\/div>\n<div dir=\"ltr\" class=\"bbc-19j92fr e57qer20\" readability=\"11\">\n<p dir=\"ltr\" class=\"bbc-bm53ic e1cc2ql70\">En pleno auge de la revoluci\u00f3n cubana, miles de colombianos tomaron las armas en contra de lo que consideraban una \u00abdictadura perfecta\u00bb. Surgieron seis guerrillas, pero ninguna logr\u00f3 derrocar el poder establecido. <\/p>\n<\/div>\n<div dir=\"ltr\" class=\"bbc-19j92fr e57qer20\" readability=\"15\">\n<p dir=\"ltr\" class=\"bbc-bm53ic e1cc2ql70\">Algunas entregaron las armas y crearon partidos pol\u00edticos, pero sus l\u00edderes y militantes fueron perseguidos y asesinados. El caso que m\u00e1s se cita, <b>catalogado de \u00abgenocidio\u00bb<\/b>, es el de la Uni\u00f3n Patriota: 5.733 militantes fueron asesinados entre 1984 y 2016, seg\u00fan cifras oficiales. Entre ellos, dos candidatos presidenciales: Jaime Pardo Leal y Bernardo Jaramillo Ossa.<\/p>\n<\/div>\n<div dir=\"ltr\" class=\"bbc-1ka88fa e57qer20\">\n<figure class=\"bbc-1qdcvv9 e6bmn90\">\n<div dir=\"ltr\" class=\"bbc-172p16q e57qer20\">\n<div dir=\"ltr\" class=\"bbc-189y18v e57qer20\" readability=\"6.5\">\n<div data-e2e=\"image-placeholder\" class=\"bbc-997y1y e1whu0\" readability=\"8\"><noscript><picture class=\"bbc-yfiktt e1enwo3v1\"><source srcset=\"http:\/\/nuevacordoba.net\/wp-content\/uploads\/2022\/05\/elecciones-en-colombia-por-que-ha-sido-tan-dificil-para-la-izquierda-llegar-al-poder-15.webp 240w, http:\/\/nuevacordoba.net\/wp-content\/uploads\/2022\/05\/elecciones-en-colombia-por-que-ha-sido-tan-dificil-para-la-izquierda-llegar-al-poder-16.webp 320w, http:\/\/nuevacordoba.net\/wp-content\/uploads\/2022\/05\/elecciones-en-colombia-por-que-ha-sido-tan-dificil-para-la-izquierda-llegar-al-poder-17.webp 480w, http:\/\/nuevacordoba.net\/wp-content\/uploads\/2022\/05\/elecciones-en-colombia-por-que-ha-sido-tan-dificil-para-la-izquierda-llegar-al-poder-18.webp 624w, http:\/\/nuevacordoba.net\/wp-content\/uploads\/2022\/05\/elecciones-en-colombia-por-que-ha-sido-tan-dificil-para-la-izquierda-llegar-al-poder-19.webp 800w\" type=\"image\/webp\" sizes=\"(min-width: 1008px) 645px, 100vw\"><source srcset=\"https:\/\/ichef.bbci.co.uk\/news\/240\/cpsprodpb\/49E2\/production\/_111141981_pizarrodejacion.jpg 240w, https:\/\/ichef.bbci.co.uk\/news\/320\/cpsprodpb\/49E2\/production\/_111141981_pizarrodejacion.jpg 320w, https:\/\/ichef.bbci.co.uk\/news\/480\/cpsprodpb\/49E2\/production\/_111141981_pizarrodejacion.jpg 480w, https:\/\/ichef.bbci.co.uk\/news\/624\/cpsprodpb\/49E2\/production\/_111141981_pizarrodejacion.jpg 624w, https:\/\/ichef.bbci.co.uk\/news\/800\/cpsprodpb\/49E2\/production\/_111141981_pizarrodejacion.jpg 800w\" type=\"image\/jpeg\" sizes=\"(min-width: 1008px) 645px, 100vw\"><img loading=\"lazy\" src=\"http:\/\/nuevacordoba.net\/wp-content\/uploads\/2022\/05\/elecciones-en-colombia-por-que-ha-sido-tan-dificil-para-la-izquierda-llegar-al-poder-4.jpg\" alt=\"Carlos Pizarro entrega las armas\" width=\"976\" height=\"549\" class=\"eehpdyc0 bbc-rb7xa0 e1enwo3v0\"><\/picture><\/noscript><\/p>\n<p role=\"text\" class=\"bbc-1s1cxbv etq3yw90\"><span class=\"bbc-1gnhmg2 e1yt7oin0\">Fuente de la imagen, <\/span><span lang=\"en-GB\">Carlos Eduardo Jaramillo<\/span><\/p>\n<\/div>\n<\/div>\n<div dir=\"ltr\" class=\"bbc-3edg7g e57qer20\" readability=\"7.5\"><figcaption dir=\"ltr\" class=\"bbc-rhuvwm eede9f50\" readability=\"5\"><span class=\"bbc-1gnhmg2 e1yt7oin0\">Pie de foto, <\/span><\/p>\n<p>Este fue el momento en que el M-19, encabezado por el luego asesinado Carlos Pizarro, dej\u00f3 las armas.<\/p>\n<\/figcaption><\/div>\n<\/div>\n<\/figure>\n<\/div>\n<div dir=\"ltr\" class=\"bbc-19j92fr e57qer20\" readability=\"9\">\n<p dir=\"ltr\" class=\"bbc-bm53ic e1cc2ql70\">El Frente Nacional se acab\u00f3 en los 70, pero sus l\u00f3gicas se mantuvieron y los gobiernos subsiguientes no hicieron cambios dr\u00e1sticos con el objetivo de mantener la calma pol\u00edtica y econ\u00f3mica. <\/p>\n<\/div>\n<div dir=\"ltr\" class=\"bbc-19j92fr e57qer20\" readability=\"11\">\n<p dir=\"ltr\" class=\"bbc-bm53ic e1cc2ql70\">Hubo proyectos democratizadores como la Constituci\u00f3n de 1991 y se firmaron diferentes procesos de paz con las guerrillas que abrieron el espectro pol\u00edtico. Tambi\u00e9n lleg\u00f3 al poder en 2002 un <i class=\"bbc-h1y5j7 ewc4zcb0\">outsider<\/i>provenientede la \u00e9lite rural, <b>\u00c1lvaro Uribe<\/b>, que rompi\u00f3 el bipartidismo. <\/p>\n<\/div>\n<div dir=\"ltr\" class=\"bbc-19j92fr e57qer20\" readability=\"11\">\n<p dir=\"ltr\" class=\"bbc-bm53ic e1cc2ql70\">Pero, en la pr\u00e1ctica, la clase gobernante no sufri\u00f3 cambios dr\u00e1sticos. De hecho, se derechiz\u00f3 a\u00fan m\u00e1s. <\/p>\n<\/div>\n<div dir=\"ltr\" class=\"bbc-19j92fr e57qer20\" readability=\"13\">\n<p dir=\"ltr\" class=\"bbc-bm53ic e1cc2ql70\">Entre 1995 y 2012, un nuevo pico de violencia impidi\u00f3 hablar de reformas. Los presidentes se eleg\u00edan por su postura ante la guerra y los movimientos sindicalistas, campesinos y estudiantiles siguieron perseguidos. Se extravi\u00f3, si es que antes la hubo, cualquier agenda progresista. <\/p>\n<\/div>\n<div dir=\"ltr\" class=\"bbc-19j92fr e57qer20\" readability=\"13\">\n<p dir=\"ltr\" class=\"bbc-bm53ic e1cc2ql70\">Desde 2005, la izquierda democr\u00e1tica ha ido creando una estructura ajena al Partido Liberal, que lleva d\u00e9cadas apoyando a la derecha. Petro, figura clave de ese proceso, es el resultado de dos d\u00e9cadas de trabajo. <\/p>\n<\/div>\n<div dir=\"ltr\" class=\"bbc-1ka88fa e57qer20\">\n<figure class=\"bbc-1qdcvv9 e6bmn90\">\n<div dir=\"ltr\" class=\"bbc-172p16q e57qer20\">\n<div dir=\"ltr\" class=\"bbc-189y18v e57qer20\" readability=\"6.5\">\n<div data-e2e=\"image-placeholder\" class=\"bbc-997y1y e1whu0\" readability=\"8\"><noscript><picture class=\"bbc-yfiktt e1enwo3v1\"><source srcset=\"http:\/\/nuevacordoba.net\/wp-content\/uploads\/2022\/05\/elecciones-en-colombia-por-que-ha-sido-tan-dificil-para-la-izquierda-llegar-al-poder-20.webp 240w, http:\/\/nuevacordoba.net\/wp-content\/uploads\/2022\/05\/elecciones-en-colombia-por-que-ha-sido-tan-dificil-para-la-izquierda-llegar-al-poder-21.webp 320w, http:\/\/nuevacordoba.net\/wp-content\/uploads\/2022\/05\/elecciones-en-colombia-por-que-ha-sido-tan-dificil-para-la-izquierda-llegar-al-poder-22.webp 480w, http:\/\/nuevacordoba.net\/wp-content\/uploads\/2022\/05\/elecciones-en-colombia-por-que-ha-sido-tan-dificil-para-la-izquierda-llegar-al-poder-23.webp 624w, http:\/\/nuevacordoba.net\/wp-content\/uploads\/2022\/05\/elecciones-en-colombia-por-que-ha-sido-tan-dificil-para-la-izquierda-llegar-al-poder-24.webp 800w\" type=\"image\/webp\" sizes=\"(min-width: 1008px) 645px, 100vw\"><source srcset=\"https:\/\/ichef.bbci.co.uk\/news\/240\/cpsprodpb\/11442\/production\/_124822707_gettyimages-733719.jpg 240w, https:\/\/ichef.bbci.co.uk\/news\/320\/cpsprodpb\/11442\/production\/_124822707_gettyimages-733719.jpg 320w, https:\/\/ichef.bbci.co.uk\/news\/480\/cpsprodpb\/11442\/production\/_124822707_gettyimages-733719.jpg 480w, https:\/\/ichef.bbci.co.uk\/news\/624\/cpsprodpb\/11442\/production\/_124822707_gettyimages-733719.jpg 624w, https:\/\/ichef.bbci.co.uk\/news\/800\/cpsprodpb\/11442\/production\/_124822707_gettyimages-733719.jpg 800w\" type=\"image\/jpeg\" sizes=\"(min-width: 1008px) 645px, 100vw\"><img loading=\"lazy\" src=\"http:\/\/nuevacordoba.net\/wp-content\/uploads\/2022\/05\/elecciones-en-colombia-por-que-ha-sido-tan-dificil-para-la-izquierda-llegar-al-poder-5.jpg\" alt=\"Guerrilla en Colombia\" width=\"976\" height=\"549\" class=\"eehpdyc0 bbc-rb7xa0 e1enwo3v0\"><\/picture><\/noscript><\/p>\n<p role=\"text\" class=\"bbc-1s1cxbv etq3yw90\"><span class=\"bbc-1gnhmg2 e1yt7oin0\">Fuente de la imagen, <\/span><span lang=\"en-GB\">Getty Images<\/span><\/p>\n<\/div>\n<\/div>\n<\/div>\n<\/figure>\n<\/div>\n<p><h2 id=\"Una-izquierda-guerrillera-o-dividida-\" tabindex=\"-1\" class=\"bbc-l3e97o e14hemmw0\">Una izquierda \u00abguerrillera\u00bb o dividida <\/h2>\n<\/p>\n<div dir=\"ltr\" class=\"bbc-19j92fr e57qer20\" readability=\"10\">\n<p dir=\"ltr\" class=\"bbc-bm53ic e1cc2ql70\">Una primera raz\u00f3n que explica la crisis incesante de la izquierda colombiana es que tener una agenda progresista en plena guerra de guerrillas es, cuando menos, una inmensa desventaja. <\/p>\n<\/div>\n<div dir=\"ltr\" class=\"bbc-19j92fr e57qer20\" readability=\"9\">\n<p dir=\"ltr\" class=\"bbc-bm53ic e1cc2ql70\">Tras la ca\u00edda de la Uni\u00f3n Sovi\u00e9tica en 1989 y la consolidaci\u00f3n del capitalismo como modelo gobernante, todas las izquierdas de la regi\u00f3n sufrieron un golpe de prestigio. <\/p>\n<\/div>\n<div dir=\"ltr\" class=\"bbc-19j92fr e57qer20\" readability=\"12\">\n<p dir=\"ltr\" class=\"bbc-bm53ic e1cc2ql70\">Paro a la izquierda colombiana se le a\u00f1ade que en este pa\u00eds, a diferencia de otros en la regi\u00f3n, la insurgencia sigui\u00f3 viva \u2014y sigue\u2014 por muchos a\u00f1os. Y su creciente cercan\u00eda con el narcotr\u00e1fico desde los a\u00f1os 90 y los simb\u00f3licos atentados que dejaron miles de civiles muertos fueron mermando su popularidad. <\/p>\n<\/div>\n<div dir=\"ltr\" class=\"bbc-19j92fr e57qer20\" readability=\"16\">\n<p dir=\"ltr\" class=\"bbc-bm53ic e1cc2ql70\">El M19, al que perteneci\u00f3 Petro y se desmoviliz\u00f3 en 1989, logr\u00f3 12 y 30% de los votos en las dos elecciones siguientes (su candidato presidencial en 1990, Carlos Pizarro, fue asesinado), mientras que las FARC, que firmaron la paz en 2016, no pasan del 1% de apoyo electoral. <\/p>\n<\/div>\n<div dir=\"ltr\" class=\"bbc-19j92fr e57qer20\" readability=\"13\">\n<p dir=\"ltr\" class=\"bbc-bm53ic e1cc2ql70\">\u00abLos pliegos de peticiones de las guerrillas bien podr\u00edan ser la plataforma de un partido o de un sindicato, pero al estar revestidos de las armas, radicalizaron el modo y le quitaron legitimidad a esa agenda\u00bb, explica Gonzalo S\u00e1nchez, historiador experto en conflicto. <\/p>\n<\/div>\n<div dir=\"ltr\" class=\"bbc-19j92fr e57qer20\" readability=\"9\">\n<p dir=\"ltr\" class=\"bbc-bm53ic e1cc2ql70\">\u00abEn un pa\u00eds tan cerrado, toda<b> demanda democr\u00e1tica se volvi\u00f3 subversiva<\/b>\u00ab, a\u00f1ade. <\/p>\n<\/div>\n<div dir=\"ltr\" class=\"bbc-19j92fr e57qer20\" readability=\"10\">\n<p dir=\"ltr\" class=\"bbc-bm53ic e1cc2ql70\">La guerra de guerrillas no solo afect\u00f3 el discurso y la reputaci\u00f3n de la izquierda pol\u00edtica, sino su conformaci\u00f3n misma, que nunca estuvo exenta de divisiones y dogmatismos. <\/p>\n<\/div>\n<div dir=\"ltr\" class=\"bbc-1ka88fa e57qer20\">\n<figure class=\"bbc-1qdcvv9 e6bmn90\">\n<div dir=\"ltr\" class=\"bbc-172p16q e57qer20\">\n<div dir=\"ltr\" class=\"bbc-189y18v e57qer20\" readability=\"6.5\">\n<div data-e2e=\"image-placeholder\" class=\"bbc-997y1y e1whu0\" readability=\"8\"><noscript><picture class=\"bbc-yfiktt e1enwo3v1\"><source srcset=\"http:\/\/nuevacordoba.net\/wp-content\/uploads\/2022\/05\/elecciones-en-colombia-por-que-ha-sido-tan-dificil-para-la-izquierda-llegar-al-poder-25.webp 240w, http:\/\/nuevacordoba.net\/wp-content\/uploads\/2022\/05\/elecciones-en-colombia-por-que-ha-sido-tan-dificil-para-la-izquierda-llegar-al-poder-26.webp 320w, http:\/\/nuevacordoba.net\/wp-content\/uploads\/2022\/05\/elecciones-en-colombia-por-que-ha-sido-tan-dificil-para-la-izquierda-llegar-al-poder-27.webp 480w, http:\/\/nuevacordoba.net\/wp-content\/uploads\/2022\/05\/elecciones-en-colombia-por-que-ha-sido-tan-dificil-para-la-izquierda-llegar-al-poder-28.webp 624w, http:\/\/nuevacordoba.net\/wp-content\/uploads\/2022\/05\/elecciones-en-colombia-por-que-ha-sido-tan-dificil-para-la-izquierda-llegar-al-poder-29.webp 800w\" type=\"image\/webp\" sizes=\"(min-width: 1008px) 645px, 100vw\"><source srcset=\"https:\/\/ichef.bbci.co.uk\/news\/240\/cpsprodpb\/13B52\/production\/_124822708_gettyimages-1237998797.jpg 240w, https:\/\/ichef.bbci.co.uk\/news\/320\/cpsprodpb\/13B52\/production\/_124822708_gettyimages-1237998797.jpg 320w, https:\/\/ichef.bbci.co.uk\/news\/480\/cpsprodpb\/13B52\/production\/_124822708_gettyimages-1237998797.jpg 480w, https:\/\/ichef.bbci.co.uk\/news\/624\/cpsprodpb\/13B52\/production\/_124822708_gettyimages-1237998797.jpg 624w, https:\/\/ichef.bbci.co.uk\/news\/800\/cpsprodpb\/13B52\/production\/_124822708_gettyimages-1237998797.jpg 800w\" type=\"image\/jpeg\" sizes=\"(min-width: 1008px) 645px, 100vw\"><img loading=\"lazy\" src=\"http:\/\/nuevacordoba.net\/wp-content\/uploads\/2022\/05\/elecciones-en-colombia-por-que-ha-sido-tan-dificil-para-la-izquierda-llegar-al-poder-6.jpg\" alt=\"Protestas en Colombia\" width=\"976\" height=\"549\" class=\"eehpdyc0 bbc-rb7xa0 e1enwo3v0\"><\/picture><\/noscript><\/p>\n<p role=\"text\" class=\"bbc-1s1cxbv etq3yw90\"><span class=\"bbc-1gnhmg2 e1yt7oin0\">Fuente de la imagen, <\/span><span lang=\"en-GB\">Getty Images<\/span><\/p>\n<\/div>\n<\/div>\n<div dir=\"ltr\" class=\"bbc-3edg7g e57qer20\" readability=\"6\"><figcaption dir=\"ltr\" class=\"bbc-rhuvwm eede9f50\" readability=\"2\"><span class=\"bbc-1gnhmg2 e1yt7oin0\">Pie de foto, <\/span><\/p>\n<p>El partido que sali\u00f3 del acuerdo de paz con las FARC es una peque\u00f1a minor\u00eda.<\/p>\n<\/figcaption><\/div>\n<\/div>\n<\/figure>\n<\/div>\n<p><h2 id=\"La-respuesta-de-la-derecha-\" tabindex=\"-1\" class=\"bbc-l3e97o e14hemmw0\">La respuesta de la derecha <\/h2>\n<\/p>\n<div dir=\"ltr\" class=\"bbc-19j92fr e57qer20\" readability=\"9\">\n<p dir=\"ltr\" class=\"bbc-bm53ic e1cc2ql70\">Una segunda causa de la debilidad de la izquierda es, seg\u00fan los expertos, el poder de la derecha.<\/p>\n<\/div>\n<div dir=\"ltr\" class=\"bbc-19j92fr e57qer20\" readability=\"11\">\n<p dir=\"ltr\" class=\"bbc-bm53ic e1cc2ql70\">Desde el siglo XIX, el establecimiento conservador goz\u00f3 de una estructura pol\u00edtica y social, <b>anclada en el clientelismo<\/b>, que le permiti\u00f3 seguir al mando. <\/p>\n<\/div>\n<div dir=\"ltr\" class=\"bbc-19j92fr e57qer20\" readability=\"12\">\n<p dir=\"ltr\" class=\"bbc-bm53ic e1cc2ql70\">\u00abLa influencia de la Iglesia en el Estado y el sistema educativo, unas Fuerzas Armadas sin autonom\u00eda y sin renovaci\u00f3n y dependientes de los partidos tradicionales y un sistema electoral que favorec\u00eda el abstencionismo generaron una matriz autoritaria que se mantuvo en el poder sin mucho contrapeso\u00bb, dice la historiadora Mar\u00eda Emma Wills. <\/p>\n<\/div>\n<div dir=\"ltr\" class=\"bbc-19j92fr e57qer20\" readability=\"13\">\n<p dir=\"ltr\" class=\"bbc-bm53ic e1cc2ql70\">Entre 1949 y 1991, el Estado de Sitio, un mecanismo constitucional que daba poderes extraordinarios al presidente, estuvo en vigor un total de 30 a\u00f1os en diferentes periodos. Es decir, el 70% del tiempo. <\/p>\n<\/div>\n<div dir=\"ltr\" class=\"bbc-1ka88fa e57qer20\">\n<figure class=\"bbc-1qdcvv9 e6bmn90\">\n<div dir=\"ltr\" class=\"bbc-172p16q e57qer20\">\n<div dir=\"ltr\" class=\"bbc-189y18v e57qer20\" readability=\"6.5\">\n<div data-e2e=\"image-placeholder\" class=\"bbc-997y1y e1whu0\" readability=\"8\"><noscript><picture class=\"bbc-yfiktt e1enwo3v1\"><source srcset=\"http:\/\/nuevacordoba.net\/wp-content\/uploads\/2022\/05\/elecciones-en-colombia-por-que-ha-sido-tan-dificil-para-la-izquierda-llegar-al-poder-30.webp 240w, http:\/\/nuevacordoba.net\/wp-content\/uploads\/2022\/05\/elecciones-en-colombia-por-que-ha-sido-tan-dificil-para-la-izquierda-llegar-al-poder-31.webp 320w, http:\/\/nuevacordoba.net\/wp-content\/uploads\/2022\/05\/elecciones-en-colombia-por-que-ha-sido-tan-dificil-para-la-izquierda-llegar-al-poder-32.webp 480w, http:\/\/nuevacordoba.net\/wp-content\/uploads\/2022\/05\/elecciones-en-colombia-por-que-ha-sido-tan-dificil-para-la-izquierda-llegar-al-poder-33.webp 624w, http:\/\/nuevacordoba.net\/wp-content\/uploads\/2022\/05\/elecciones-en-colombia-por-que-ha-sido-tan-dificil-para-la-izquierda-llegar-al-poder-34.webp 800w\" type=\"image\/webp\" sizes=\"(min-width: 1008px) 645px, 100vw\"><source srcset=\"https:\/\/ichef.bbci.co.uk\/news\/240\/cpsprodpb\/6DAD\/production\/_120777082_gettyimages-51846986-1.jpg 240w, https:\/\/ichef.bbci.co.uk\/news\/320\/cpsprodpb\/6DAD\/production\/_120777082_gettyimages-51846986-1.jpg 320w, https:\/\/ichef.bbci.co.uk\/news\/480\/cpsprodpb\/6DAD\/production\/_120777082_gettyimages-51846986-1.jpg 480w, https:\/\/ichef.bbci.co.uk\/news\/624\/cpsprodpb\/6DAD\/production\/_120777082_gettyimages-51846986-1.jpg 624w, https:\/\/ichef.bbci.co.uk\/news\/800\/cpsprodpb\/6DAD\/production\/_120777082_gettyimages-51846986-1.jpg 800w\" type=\"image\/jpeg\" sizes=\"(min-width: 1008px) 645px, 100vw\"><img loading=\"lazy\" src=\"http:\/\/nuevacordoba.net\/wp-content\/uploads\/2022\/05\/elecciones-en-colombia-por-que-ha-sido-tan-dificil-para-la-izquierda-llegar-al-poder-7.jpg\" alt=\"Los paramilitares\" width=\"976\" height=\"549\" class=\"eehpdyc0 bbc-rb7xa0 e1enwo3v0\"><\/picture><\/noscript><\/p>\n<p role=\"text\" class=\"bbc-1s1cxbv etq3yw90\"><span class=\"bbc-1gnhmg2 e1yt7oin0\">Fuente de la imagen, <\/span><span lang=\"en-GB\">Getty Images<\/span><\/p>\n<\/div>\n<\/div>\n<div dir=\"ltr\" class=\"bbc-3edg7g e57qer20\" readability=\"7\"><figcaption dir=\"ltr\" class=\"bbc-rhuvwm eede9f50\" readability=\"4\"><span class=\"bbc-1gnhmg2 e1yt7oin0\">Pie de foto, <\/span><\/p>\n<p>Los paramilitares se desmovilizaron hace casi 20 a\u00f1os, pero desde entonces surgieron varios grupos parecidos.<\/p>\n<\/figcaption><\/div>\n<\/div>\n<\/figure>\n<\/div>\n<div dir=\"ltr\" class=\"bbc-19j92fr e57qer20\" readability=\"11\">\n<p dir=\"ltr\" class=\"bbc-bm53ic e1cc2ql70\">El temor a la llamada amenaza comunista \u2014tan peligrosa para el principal aliado de Colombia, Estados Unidos\u2014 se tradujo en decretos y reg\u00edmenes penales que restringieron derechos sociales y pol\u00edticos a los movimientos de izquierda, se\u00f1ala Wills en varios trabajos acad\u00e9micos. <\/p>\n<\/div>\n<div dir=\"ltr\" class=\"bbc-19j92fr e57qer20\" readability=\"10\">\n<p dir=\"ltr\" class=\"bbc-bm53ic e1cc2ql70\">Pero el Estado <b>tambi\u00e9n incurri\u00f3 en pr\u00e1cticas ilegales<\/b> para detener a la insurgencia y, por defecto, a cualquier corriente de izquierda. <\/p>\n<\/div>\n<div dir=\"ltr\" class=\"bbc-19j92fr e57qer20\" readability=\"13\">\n<p dir=\"ltr\" class=\"bbc-bm53ic e1cc2ql70\">Decenas de investigaciones, incluidas algunas elaboradas por el Estado, han probado que el paramilitarismo, el movimiento armado que m\u00e1s muertos dej\u00f3 durante el conflicto, surgi\u00f3 en parte gracias a su alianza con \u00e9lites regionales y militares. <\/p>\n<\/div>\n<div dir=\"ltr\" class=\"bbc-19j92fr e57qer20\" readability=\"13\">\n<p dir=\"ltr\" class=\"bbc-bm53ic e1cc2ql70\">Leopoldo Fergusson, un economista que estudia el conflicto, encontr\u00f3 que la victoria de l\u00edderes izquierda en elecciones locales entre 1988 y 2014 generaron, estad\u00edsticamente, <b>un aumento de la violencia paramilitar <\/b>en esas regiones. <\/p>\n<\/div>\n<div dir=\"ltr\" class=\"bbc-19j92fr e57qer20\" readability=\"9\">\n<p dir=\"ltr\" class=\"bbc-bm53ic e1cc2ql70\">\u00abEs una reacci\u00f3n de las \u00e9lites tradicionales para compensar el aumento del acceso de <i class=\"bbc-h1y5j7 ewc4zcb0\">outsiders<\/i> al poder pol\u00edtico formal\u00bb, argumenta el economista. <\/p>\n<\/div>\n<div dir=\"ltr\" class=\"bbc-1ka88fa e57qer20\">\n<figure class=\"bbc-1qdcvv9 e6bmn90\">\n<div dir=\"ltr\" class=\"bbc-172p16q e57qer20\">\n<div dir=\"ltr\" class=\"bbc-189y18v e57qer20\" readability=\"6.5\">\n<div data-e2e=\"image-placeholder\" class=\"bbc-997y1y e1whu0\" readability=\"8\"><noscript><picture class=\"bbc-yfiktt e1enwo3v1\"><source srcset=\"http:\/\/nuevacordoba.net\/wp-content\/uploads\/2022\/05\/elecciones-en-colombia-por-que-ha-sido-tan-dificil-para-la-izquierda-llegar-al-poder-35.webp 240w, http:\/\/nuevacordoba.net\/wp-content\/uploads\/2022\/05\/elecciones-en-colombia-por-que-ha-sido-tan-dificil-para-la-izquierda-llegar-al-poder-36.webp 320w, http:\/\/nuevacordoba.net\/wp-content\/uploads\/2022\/05\/elecciones-en-colombia-por-que-ha-sido-tan-dificil-para-la-izquierda-llegar-al-poder-37.webp 480w, http:\/\/nuevacordoba.net\/wp-content\/uploads\/2022\/05\/elecciones-en-colombia-por-que-ha-sido-tan-dificil-para-la-izquierda-llegar-al-poder-38.webp 624w, http:\/\/nuevacordoba.net\/wp-content\/uploads\/2022\/05\/elecciones-en-colombia-por-que-ha-sido-tan-dificil-para-la-izquierda-llegar-al-poder-39.webp 800w\" type=\"image\/webp\" sizes=\"(min-width: 1008px) 645px, 100vw\"><source srcset=\"https:\/\/ichef.bbci.co.uk\/news\/240\/cpsprodpb\/16262\/production\/_124822709_gettyimages-1228653049.jpg 240w, https:\/\/ichef.bbci.co.uk\/news\/320\/cpsprodpb\/16262\/production\/_124822709_gettyimages-1228653049.jpg 320w, https:\/\/ichef.bbci.co.uk\/news\/480\/cpsprodpb\/16262\/production\/_124822709_gettyimages-1228653049.jpg 480w, https:\/\/ichef.bbci.co.uk\/news\/624\/cpsprodpb\/16262\/production\/_124822709_gettyimages-1228653049.jpg 624w, https:\/\/ichef.bbci.co.uk\/news\/800\/cpsprodpb\/16262\/production\/_124822709_gettyimages-1228653049.jpg 800w\" type=\"image\/jpeg\" sizes=\"(min-width: 1008px) 645px, 100vw\"><img loading=\"lazy\" src=\"http:\/\/nuevacordoba.net\/wp-content\/uploads\/2022\/05\/elecciones-en-colombia-por-que-ha-sido-tan-dificil-para-la-izquierda-llegar-al-poder-8.jpg\" alt=\"La iglesia en Colombia\" width=\"976\" height=\"549\" class=\"eehpdyc0 bbc-rb7xa0 e1enwo3v0\"><\/picture><\/noscript><\/p>\n<p role=\"text\" class=\"bbc-1s1cxbv etq3yw90\"><span class=\"bbc-1gnhmg2 e1yt7oin0\">Fuente de la imagen, <\/span><span lang=\"en-GB\">Getty Images<\/span><\/p>\n<\/div>\n<\/div>\n<div dir=\"ltr\" class=\"bbc-3edg7g e57qer20\" readability=\"6\"><figcaption dir=\"ltr\" class=\"bbc-rhuvwm eede9f50\" readability=\"2\"><span class=\"bbc-1gnhmg2 e1yt7oin0\">Pie de foto, <\/span><\/p>\n<p>Colombia solo se declar\u00f3 como Estado laico en 1991.<\/p>\n<\/figcaption><\/div>\n<\/div>\n<\/figure>\n<\/div>\n<p><h2 id=\"Culturalmente-conservadores-\" tabindex=\"-1\" class=\"bbc-l3e97o e14hemmw0\">Culturalmente conservadores <\/h2>\n<\/p>\n<div dir=\"ltr\" class=\"bbc-19j92fr e57qer20\" readability=\"10\">\n<p dir=\"ltr\" class=\"bbc-bm53ic e1cc2ql70\">La abstenci\u00f3n en Colombia siempre ha sido alta. Hay millones de personas que, por d\u00e9cadas, se han rehusado a participar del sistema electoral. <\/p>\n<\/div>\n<div dir=\"ltr\" class=\"bbc-19j92fr e57qer20\" readability=\"11\">\n<p dir=\"ltr\" class=\"bbc-bm53ic e1cc2ql70\">Por eso se dice que la democracia colombiana es un <b>\u00aborangut\u00e1n de sacoleva\u00bb<\/b><b>, <\/b>un monstruo elegante, vestido con chaqu\u00e9. El sacerdote y defensor de los derechos humanos Javier Giraldo va m\u00e1s all\u00e1 y la denomina una \u00abdemocracia genocida\u00bb.<\/p>\n<\/div>\n<div dir=\"ltr\" class=\"bbc-19j92fr e57qer20\" readability=\"12\">\n<p dir=\"ltr\" class=\"bbc-bm53ic e1cc2ql70\">Sin embargo, la clase gobernante suele jactarse de tener una de las <b>democracias m\u00e1s estables<\/b> de la regi\u00f3n. Porque, as\u00ed como no hubo revoluciones ni socialismos, tampoco hubo reg\u00edmenes autoritarios que coartaran el voto. <\/p>\n<\/div>\n<div dir=\"ltr\" class=\"bbc-19j92fr e57qer20\" readability=\"7\">\n<p dir=\"ltr\" class=\"bbc-bm53ic e1cc2ql70\">Los colombianos que votaron casi siempre eligieron las opciones conocidas del establecimiento. <\/p>\n<\/div>\n<div dir=\"ltr\" class=\"bbc-19j92fr e57qer20\" readability=\"12\">\n<p dir=\"ltr\" class=\"bbc-bm53ic e1cc2ql70\">Eso se debe, seg\u00fan los expertos, a que la cultura colombiana fue, al menos hasta finales del siglo XX, <b>muy conservadora. <\/b><\/p>\n<\/div>\n<div dir=\"ltr\" class=\"bbc-19j92fr e57qer20\" readability=\"11\">\n<p dir=\"ltr\" class=\"bbc-bm53ic e1cc2ql70\">Lo atribuyen a tres cosas: una econom\u00eda cautelosa sin grandes saltos de consumo, crecimiento o apertura; la influencia de la Iglesia en la educaci\u00f3n y el Estado, que solo se declar\u00f3 laico hasta 1991; y la ausencia de migraci\u00f3n externa. <\/p>\n<\/div>\n<div dir=\"ltr\" class=\"bbc-19j92fr e57qer20\" readability=\"9\">\n<p dir=\"ltr\" class=\"bbc-bm53ic e1cc2ql70\">\u00abColombia se moderniz\u00f3 y<b> se abri\u00f3 al mundo demasiado tarde<\/b> y eso permiti\u00f3 que la matriz autoritaria tuviera un efecto enorme sobre la cultura\u00bb, dice Wills. <\/p>\n<\/div>\n<div dir=\"ltr\" class=\"bbc-1ka88fa e57qer20\">\n<figure class=\"bbc-1qdcvv9 e6bmn90\">\n<div dir=\"ltr\" class=\"bbc-172p16q e57qer20\">\n<div dir=\"ltr\" class=\"bbc-189y18v e57qer20\" readability=\"6.5\">\n<div data-e2e=\"image-placeholder\" class=\"bbc-997y1y e1whu0\" readability=\"8\"><noscript><picture class=\"bbc-yfiktt e1enwo3v1\"><source srcset=\"http:\/\/nuevacordoba.net\/wp-content\/uploads\/2022\/05\/elecciones-en-colombia-por-que-ha-sido-tan-dificil-para-la-izquierda-llegar-al-poder-40.webp 240w, http:\/\/nuevacordoba.net\/wp-content\/uploads\/2022\/05\/elecciones-en-colombia-por-que-ha-sido-tan-dificil-para-la-izquierda-llegar-al-poder-41.webp 320w, http:\/\/nuevacordoba.net\/wp-content\/uploads\/2022\/05\/elecciones-en-colombia-por-que-ha-sido-tan-dificil-para-la-izquierda-llegar-al-poder-42.webp 480w, http:\/\/nuevacordoba.net\/wp-content\/uploads\/2022\/05\/elecciones-en-colombia-por-que-ha-sido-tan-dificil-para-la-izquierda-llegar-al-poder-43.webp 624w, http:\/\/nuevacordoba.net\/wp-content\/uploads\/2022\/05\/elecciones-en-colombia-por-que-ha-sido-tan-dificil-para-la-izquierda-llegar-al-poder-44.webp 800w\" type=\"image\/webp\" sizes=\"(min-width: 1008px) 645px, 100vw\"><source srcset=\"https:\/\/ichef.bbci.co.uk\/news\/240\/cpsprodpb\/06BA\/production\/_124822710_gettyimages-930511632.jpg 240w, https:\/\/ichef.bbci.co.uk\/news\/320\/cpsprodpb\/06BA\/production\/_124822710_gettyimages-930511632.jpg 320w, https:\/\/ichef.bbci.co.uk\/news\/480\/cpsprodpb\/06BA\/production\/_124822710_gettyimages-930511632.jpg 480w, https:\/\/ichef.bbci.co.uk\/news\/624\/cpsprodpb\/06BA\/production\/_124822710_gettyimages-930511632.jpg 624w, https:\/\/ichef.bbci.co.uk\/news\/800\/cpsprodpb\/06BA\/production\/_124822710_gettyimages-930511632.jpg 800w\" type=\"image\/jpeg\" sizes=\"(min-width: 1008px) 645px, 100vw\"><img loading=\"lazy\" src=\"http:\/\/nuevacordoba.net\/wp-content\/uploads\/2022\/05\/elecciones-en-colombia-por-que-ha-sido-tan-dificil-para-la-izquierda-llegar-al-poder-9.jpg\" alt=\"Colombiano votando\" width=\"976\" height=\"549\" class=\"eehpdyc0 bbc-rb7xa0 e1enwo3v0\"><\/picture><\/noscript><\/p>\n<p role=\"text\" class=\"bbc-1s1cxbv etq3yw90\"><span class=\"bbc-1gnhmg2 e1yt7oin0\">Fuente de la imagen, <\/span><span lang=\"en-GB\">Getty Images<\/span><\/p>\n<\/div>\n<\/div>\n<\/div>\n<\/figure>\n<\/div>\n<div dir=\"ltr\" class=\"bbc-19j92fr e57qer20\" readability=\"12\">\n<p dir=\"ltr\" class=\"bbc-bm53ic e1cc2ql70\">En el mar de informalidad que es el mercado laboral colombiano, unido a la estructura olig\u00e1rquica del poder, <b>la \u00fanica forma de ascender socialmente, dice S\u00e1nchez, fue a trav\u00e9s de la ilegalidad<\/b>. <\/p>\n<\/div>\n<div dir=\"ltr\" class=\"bbc-19j92fr e57qer20\" readability=\"11\">\n<p dir=\"ltr\" class=\"bbc-bm53ic e1cc2ql70\">\u00abSi antes la \u00fanica forma de ascender socialmente en Colombia era cas\u00e1ndose con alguien de la oligarqu\u00eda, durante los \u00faltimos 40 a\u00f1os fue la violencia y el narcotr\u00e1fico lo que permiti\u00f3 tener acceso a una vida m\u00e1s cosmopolita\u00bb, dice el historiador. <\/p>\n<\/div>\n<div dir=\"ltr\" class=\"bbc-19j92fr e57qer20\" readability=\"12\">\n<p dir=\"ltr\" class=\"bbc-bm53ic e1cc2ql70\">Todo lo anterior, sin embargo, ha ido cambiando. Las regiones se articularon entre s\u00ed, el pa\u00eds se conect\u00f3 con el mundo \u2014en parte por la emigraci\u00f3n heredada de la violencia\u2014 y <b>los acuerdos de paz<\/b> abrieron un nuevo abanico de preocupaciones en temas sociales y culturales. <\/p>\n<\/div>\n<div dir=\"ltr\" class=\"bbc-19j92fr e57qer20\" readability=\"11\">\n<p dir=\"ltr\" class=\"bbc-bm53ic e1cc2ql70\">Adem\u00e1s, durante los \u00faltimos 20 a\u00f1os la izquierda ha logrado, de manera lenta y tortuosa, unificarse y crear cierta base electoral. <\/p>\n<\/div>\n<div dir=\"ltr\" class=\"bbc-19j92fr e57qer20\" readability=\"10\">\n<p dir=\"ltr\" class=\"bbc-bm53ic e1cc2ql70\">Gustavo Petro, desde su paso por el Congreso hasta ahora, <b>ha sido uno de los principales art\u00edfices de esta reconstrucci\u00f3n electoral<\/b>. Ahora es favorito para ser presidente. <\/p>\n<\/div>\n<div dir=\"ltr\" class=\"bbc-19j92fr e57qer20\" readability=\"11\">\n<p dir=\"ltr\" class=\"bbc-bm53ic e1cc2ql70\">La historia hace que muchos incluso piensen en la posibilidad de un nuevo magnicidio o un golpe de Estado. Otros creen que han pasado muchos a\u00f1os: que Colombia, el pa\u00eds donde nunca gobern\u00f3 la izquierda, ha cambiado. <\/p>\n<\/div>\n<div dir=\"ltr\" class=\"bbc-1ka88fa e57qer20\">\n<figure class=\"bbc-1qdcvv9 e6bmn90\">\n<div dir=\"ltr\" class=\"bbc-172p16q e57qer20\">\n<div dir=\"ltr\" class=\"bbc-189y18v e57qer20\">\n<div data-e2e=\"image-placeholder\" class=\"bbc-997y1y e1whu0\"><noscript><picture class=\"bbc-yfiktt e1enwo3v1\"><source srcset=\"http:\/\/nuevacordoba.net\/wp-content\/uploads\/2022\/05\/elecciones-en-colombia-por-que-ha-sido-tan-dificil-para-la-izquierda-llegar-al-poder-45.webp 240w, http:\/\/nuevacordoba.net\/wp-content\/uploads\/2022\/05\/elecciones-en-colombia-por-que-ha-sido-tan-dificil-para-la-izquierda-llegar-al-poder-46.webp 320w, http:\/\/nuevacordoba.net\/wp-content\/uploads\/2022\/05\/elecciones-en-colombia-por-que-ha-sido-tan-dificil-para-la-izquierda-llegar-al-poder-47.webp 464w\" type=\"image\/webp\" sizes=\"(min-width: 1008px) 645px, 100vw\"><source srcset=\"https:\/\/ichef.bbci.co.uk\/news\/240\/cpsprodpb\/17F76\/production\/_123566189_line976.jpg 240w, https:\/\/ichef.bbci.co.uk\/news\/320\/cpsprodpb\/17F76\/production\/_123566189_line976.jpg 320w, https:\/\/ichef.bbci.co.uk\/news\/464\/cpsprodpb\/17F76\/production\/_123566189_line976.jpg 464w\" type=\"image\/jpeg\" sizes=\"(min-width: 1008px) 645px, 100vw\"><img loading=\"lazy\" src=\"http:\/\/nuevacordoba.net\/wp-content\/uploads\/2022\/05\/elecciones-en-colombia-por-que-ha-sido-tan-dificil-para-la-izquierda-llegar-al-poder-10.jpg\" alt=\"L\u00ednea\" width=\"464\" height=\"2\" class=\"eehpdyc0 bbc-rb7xa0 e1enwo3v0\"><\/picture><\/noscript><\/div>\n<\/div>\n<\/div>\n<\/figure>\n<\/div>\n<div dir=\"ltr\" class=\"bbc-19j92fr e57qer20\" readability=\"8\">\n<p dir=\"ltr\" class=\"bbc-bm53ic e1cc2ql70\"><i class=\"bbc-h1y5j7 ewc4zcb0\">Ahora puedes recibir notificaciones de BBC Mundo. Descarga la nueva versi\u00f3n de nuestra app y act\u00edvalas para no perderte nuestro mejor contenido.<\/i><\/p>\n<\/div>\n","protected":false},"excerpt":{"rendered":"<p>Daniel Pardo Corresponsal de BBC Mundo en Colombia 5 horas Fuente de la imagen, Getty Images \u00abColombia nunca ha tenido un presidente de izquierda\u00bb. Esta es una de las frases m\u00e1s comunes en la campa\u00f1a para las elecciones presidenciales de este 29 de mayo. La raz\u00f3n es que un candidato de izquierda, Gustavo Petro Urrego, [&hellip;]<\/p>\n","protected":false},"author":1,"featured_media":20052,"comment_status":"closed","ping_status":"closed","sticky":false,"template":"","format":"standard","meta":[],"categories":[13],"tags":[],"_links":{"self":[{"href":"http:\/\/nuevacordoba.net\/index.php\/wp-json\/wp\/v2\/posts\/20051"}],"collection":[{"href":"http:\/\/nuevacordoba.net\/index.php\/wp-json\/wp\/v2\/posts"}],"about":[{"href":"http:\/\/nuevacordoba.net\/index.php\/wp-json\/wp\/v2\/types\/post"}],"author":[{"embeddable":true,"href":"http:\/\/nuevacordoba.net\/index.php\/wp-json\/wp\/v2\/users\/1"}],"replies":[{"embeddable":true,"href":"http:\/\/nuevacordoba.net\/index.php\/wp-json\/wp\/v2\/comments?post=20051"}],"version-history":[{"count":0,"href":"http:\/\/nuevacordoba.net\/index.php\/wp-json\/wp\/v2\/posts\/20051\/revisions"}],"wp:featuredmedia":[{"embeddable":true,"href":"http:\/\/nuevacordoba.net\/index.php\/wp-json\/wp\/v2\/media\/20052"}],"wp:attachment":[{"href":"http:\/\/nuevacordoba.net\/index.php\/wp-json\/wp\/v2\/media?parent=20051"}],"wp:term":[{"taxonomy":"category","embeddable":true,"href":"http:\/\/nuevacordoba.net\/index.php\/wp-json\/wp\/v2\/categories?post=20051"},{"taxonomy":"post_tag","embeddable":true,"href":"http:\/\/nuevacordoba.net\/index.php\/wp-json\/wp\/v2\/tags?post=20051"}],"curies":[{"name":"wp","href":"https:\/\/api.w.org\/{rel}","templated":true}]}}