{"id":20326,"date":"2022-05-31T16:15:54","date_gmt":"2022-05-31T16:15:54","guid":{"rendered":"https:\/\/cordoba.gob.ar\/?p=25840"},"modified":"2022-05-31T16:15:54","modified_gmt":"2022-05-31T16:15:54","slug":"comenzo-una-nueva-etapa-de-recuperacion-del-observatorio-ambiental-municipal","status":"publish","type":"post","link":"http:\/\/nuevacordoba.net\/index.php\/2022\/05\/31\/comenzo-una-nueva-etapa-de-recuperacion-del-observatorio-ambiental-municipal\/","title":{"rendered":"Comenz\u00f3 una nueva etapa de recuperaci\u00f3n del Observatorio Ambiental Municipal"},"content":{"rendered":"<div><img src=\"http:\/\/nuevacordoba.net\/wp-content\/uploads\/2022\/05\/comenzo-una-nueva-etapa-de-recuperacion-del-observatorio-ambiental-municipal.jpg\" class=\"ff-og-image-inserted\"><\/div>\n<ul>\n<li><strong>La instituci\u00f3n de Laprida 854 est\u00e1 reparando el techo, que estaba en malas condiciones desde hace a\u00f1os y provocaba inundaciones.<\/strong><\/li>\n<li><strong>Luego continuar\u00e1 con adquisici\u00f3n de equipamiento y una puesta en valor del sector, donde funcionar\u00e1n tres laboratorios especializados.<\/strong><\/li>\n<li><strong>Las tareas se desarrollan con el financiamiento del programa Respira C\u00f3rdoba.<\/strong><\/li>\n<\/ul>\n<hr>\n<p>El Observatorio Ambiental de la Municipalidad de C\u00f3rdoba se encuentra en obras desde el a\u00f1o pasado. Puntualmente esta semana comenzaron los trabajos de reparaci\u00f3n del techo, que ten\u00eda filtraciones de agua.<\/p>\n<p>La obra est\u00e1 financiada por medio del Respira C\u00f3rdoba, el proyecto de cooperaci\u00f3n internacional cofinanciado por la Uni\u00f3n Europea. Uno de los ejes de esta iniciativa pasa por la ecologizaci\u00f3n de la ciudad para mejorar la calidad de vida ciudadana.<\/p>\n<p>El Observatorio Ambiental fue creado por el exintendente Rub\u00e9n Am\u00e9rico Mart\u00ed, pero en las gestiones municipales sucesivas enfrent\u00f3 d\u00e9cadas de abandono. En 2021 comenz\u00f3 un proceso de puesta en valor, que inici\u00f3 con el cambio de desag\u00fces en todo el edificio.<\/p>\n<p>Esa primera etapa finaliz\u00f3 y dio comienzo este mes a una segunda, por la que se est\u00e1 reemplazando la membrana completa del techo en el edificio, ubicado en calle Laprida 854, barrio Observatorio.<\/p>\n<p>Esta membrana de impermeabilizaci\u00f3n en el techo estaba deteriorada y en algunos sectores era incluso inexistente, debido a la falta de mantenimiento en los 30 a\u00f1os de antig\u00fcedad que tiene la construcci\u00f3n.<\/p>\n<p>Esto provoc\u00f3 por mucho tiempo que se filtre el agua de la lluvia, lo que deriv\u00f3 en problemas de humedad en la estructura edilicia. Esto afect\u00f3 no solo a las instalaciones, da\u00f1ando techos y paredes, sino tambi\u00e9n a la luminaria y al mismo personal, que en ocasiones deb\u00eda evacuar el lugar por su propia seguridad.<\/p>\n<p>Esta segunda etapa tiene prevista su finalizaci\u00f3n en 15 d\u00edas. Las tareas consisten en retiro de membrana existente, movimiento de equipos, extracci\u00f3n de artefactos sin uso de iluminaci\u00f3n, cambio de ca\u00f1er\u00eda galvanizada, restituci\u00f3n de piezas, ejecuci\u00f3n de nuevas juntas de dilataci\u00f3n, colocaci\u00f3n de sombreretes, colocaci\u00f3n de babetas de chapa, reparaci\u00f3n de luceras, limpieza de superficie, sellado de gritas, aplicaci\u00f3n de imprimaci\u00f3n asf\u00e1ltica en cubiertas y colocaci\u00f3n de membrana geo-textil con membrana l\u00edquida de terminaci\u00f3n.<\/p>\n<p>Por \u00faltimo, en una tercera etapa, comenzar\u00e1 una reestructuraci\u00f3n en los espacios interiores, que comprende arreglos en las oficinas y el laboratorio, con arreglos en techo, apertura de espacios mediante eliminaci\u00f3n de paredes y construcci\u00f3n de nuevas divisorias.<\/p>\n<p>Los arreglos permitir\u00e1n que varios espacios retomen sus funciones, por lo que el Observatorio contar\u00e1 con un laboratorio bacteriol\u00f3gico, un laboratorio de aire y un laboratorio f\u00edsico-qu\u00edmico. Las tareas que se realizar\u00e1n en estos espacios hoy en d\u00eda deben efectuarse fuera del edificio, ya que son derivadas a otros lugares adaptados para esta labor.<\/p>\n<p>El funcionamiento de estos tres laboratorios revitalizar\u00e1 el Observatorio y permitir\u00e1 que aqu\u00ed se desarrollen tareas de distinto tipo al recuperar los espacios en desuso. Estos ser\u00e1n levantados en la construcci\u00f3n ya existente para que se aproveche el sitio en su totalidad.<\/p>\n<p>Al mismo tiempo, se est\u00e1 adquiriendo equipamiento actualizado para recuperar la capacidad t\u00e9cnica del Observatorio y que este pueda realizar la totalidad de las tareas que lleva a cabo en las mismas instalaciones.<\/p>\n<p><strong>El Observatorio Ambiental<\/strong><\/p>\n<p>Este organismo municipal, dependiente del Instituto de Protecci\u00f3n Ambiental y Animal, fue inaugurado en la d\u00e9cada del 90 como herramienta para la planificaci\u00f3n de la ciudad y control de la contaminaci\u00f3n ambiental de C\u00f3rdoba.<\/p>\n<p>Realiza tareas de monitoreo de la calidad del aire y an\u00e1lisis de contaminaci\u00f3n de agua y suelo, a los fines de identificar puntos cr\u00edticos de contaminaci\u00f3n para establecer planes de acci\u00f3n, remediaci\u00f3n, y previsi\u00f3n.<\/p>\n<p>Actualmente tambi\u00e9n desarrolla el Mapa de la Isla de Calor de la Ciudad, que cuenta con informaci\u00f3n relativa a la temperatura de C\u00f3rdoba en distintos puntos del municipio para el an\u00e1lisis de su progresi\u00f3n en el tiempo.<\/p>\n<p>Los inspectores de la Divisi\u00f3n de Control Ambiental, adem\u00e1s, se encargan de relevar la tarea de los organismos, tanto p\u00fablicos como privados, para estudiar el impacto ambiental de sus actividades.<\/p>\n<p><strong>El proyecto Respira C\u00f3rdoba<\/strong><\/p>\n<p>Como parte de la iniciativa conjunta con la Uni\u00f3n Europea, la Municipalidad de C\u00f3rdoba est\u00e1 ejecutando obras de ecologizaci\u00f3n, gobernanza urbana e inclusi\u00f3n social en toda la ciudad.<\/p>\n<p>Esto se da gracias a un apoyo econ\u00f3mico de 3,1 millones de euros, monto por el que el municipio puede llevar a cabo obras como las del Observatorio Ambiental.<\/p>\n<p>Tambi\u00e9n comenz\u00f3 el Plan de Recuperaci\u00f3n Integral del \u00c1rea Central, que implic\u00f3 la puesta en valor de espacios verdes y monumentos, nuevos recorridos tur\u00edsticos, culturales y gastron\u00f3micos adaptados a personas con discapacidad y la incorporaci\u00f3n de superficies verdes en espacios p\u00fablicos como terrazas y muros.<\/p>\n<p>En abril, el Respira C\u00f3rdoba fue reconocido en la Universidad de Miami entre 3500 proyectos de 650 municipios del mundo, como parte de la novena edici\u00f3n del desaf\u00edo Premios Verdes.<\/p>\n","protected":false},"excerpt":{"rendered":"<p>La instituci\u00f3n de Laprida 854 est\u00e1 reparando el techo, que estaba en malas condiciones desde hace a\u00f1os y provocaba inundaciones. Luego continuar\u00e1 con adquisici\u00f3n de equipamiento y una puesta en valor del sector, donde funcionar\u00e1n tres laboratorios especializados. Las tareas se desarrollan con el financiamiento del programa Respira C\u00f3rdoba. El Observatorio Ambiental de la Municipalidad [&hellip;]<\/p>\n","protected":false},"author":1,"featured_media":20327,"comment_status":"closed","ping_status":"closed","sticky":false,"template":"","format":"standard","meta":[],"categories":[14],"tags":[],"_links":{"self":[{"href":"http:\/\/nuevacordoba.net\/index.php\/wp-json\/wp\/v2\/posts\/20326"}],"collection":[{"href":"http:\/\/nuevacordoba.net\/index.php\/wp-json\/wp\/v2\/posts"}],"about":[{"href":"http:\/\/nuevacordoba.net\/index.php\/wp-json\/wp\/v2\/types\/post"}],"author":[{"embeddable":true,"href":"http:\/\/nuevacordoba.net\/index.php\/wp-json\/wp\/v2\/users\/1"}],"replies":[{"embeddable":true,"href":"http:\/\/nuevacordoba.net\/index.php\/wp-json\/wp\/v2\/comments?post=20326"}],"version-history":[{"count":0,"href":"http:\/\/nuevacordoba.net\/index.php\/wp-json\/wp\/v2\/posts\/20326\/revisions"}],"wp:featuredmedia":[{"embeddable":true,"href":"http:\/\/nuevacordoba.net\/index.php\/wp-json\/wp\/v2\/media\/20327"}],"wp:attachment":[{"href":"http:\/\/nuevacordoba.net\/index.php\/wp-json\/wp\/v2\/media?parent=20326"}],"wp:term":[{"taxonomy":"category","embeddable":true,"href":"http:\/\/nuevacordoba.net\/index.php\/wp-json\/wp\/v2\/categories?post=20326"},{"taxonomy":"post_tag","embeddable":true,"href":"http:\/\/nuevacordoba.net\/index.php\/wp-json\/wp\/v2\/tags?post=20326"}],"curies":[{"name":"wp","href":"https:\/\/api.w.org\/{rel}","templated":true}]}}